{"id":147553,"date":"2024-02-20T11:15:52","date_gmt":"2024-02-20T11:15:52","guid":{"rendered":"https:\/\/lavozdehellin.com\/noticias\/?p=147553"},"modified":"2024-02-21T09:42:06","modified_gmt":"2024-02-21T09:42:06","slug":"v08-081-albacete-abre-este-proximo-fin-de-semana-el-calendario-competitivo-de-la-federacion-espanola-de-triatlon-con-el-respaldo-de-la-diputacion","status":"publish","type":"post","link":"https:\/\/lavozdehellin.com\/noticias\/v08-081-albacete-abre-este-proximo-fin-de-semana-el-calendario-competitivo-de-la-federacion-espanola-de-triatlon-con-el-respaldo-de-la-diputacion\/","title":{"rendered":"LVH NOTICIAS | ALBACETE ABRE ESTE PR\u00d3XIMO FIN DE SEMANA EL CALENDARIO COMPETITIVO DE LA FEDERACI\u00d3N ESPA\u00d1OLA DE TRIATL\u00d3N CON EL RESPALDO DE LA DIPUTACI\u00d3N"},"content":{"rendered":"<p style=\"text-align: justify;\">La Liga Nacional de Clubes de Duatl\u00f3n 2024 arrancar\u00e1 en Albacete, con el Campeonato de Espa\u00f1a de Duatl\u00f3n por Clubes y por Relevos Mixtos, estos 24 y 25 de febrero, iniciando el calendario competitivo de la Federaci\u00f3n Espa\u00f1ola de Triatl\u00f3n.<\/p>\n<p><!--more--><br \/>\n<!--publicidad-voz01--><a href=\"https:\/\/www.facebook.com\/SoloRadioHellin\/?locale=es_ES\"><img decoding=\"async\" class=\"alignnone size-medium\" src=\"https:\/\/blogger.googleusercontent.com\/img\/b\/R29vZ2xl\/AVvXsEiNncirNnyGedv00mhjZjh5Wl4_YPdJGanoAl8tL8zH-HwqE8uHqjEfSt340RHdx-9tuCSIkZ8rFamZiGyYlgDGxCsmXjCH_1xk5eYM3ntFZRvJP_jndOKR7w1UAo9Tu0vrZyOLfqRpHIxYI5SymJJ-pfGCQw6QVpggBH-UgfjiFQ2JOxqxG0Jx94kW83c\/s1600\/logo-principal.jpg\" width=\"100%\" height=\"100\" \/><\/a><!--bestpublic-voz01--><!--desk-in-out-voz01--><br \/>\n<!--publicidad-voz02--><a href=\"https:\/\/www.hellincf.com\/\"><img decoding=\"async\" class=\"alignnone size-medium\" src=\"https:\/\/blogger.googleusercontent.com\/img\/b\/R29vZ2xl\/AVvXsEhuZ4-XfBVj3UtdP8-RZugy3WVrg-Zv28c53m4oV47qYCxL1rX_dqWX_YddsGSnpH5SRDqZ7bZeKPIfDVCDncpjVlhy3aQs2vojcJBn7Gdv9hC2_Nzct_pRFrnFE1a7KTCdY1bT_kAgnY3-iadRZrGeJf1fR2P5fu11bokx0pWjaypoy-ctwCjklldpEbA\/s1600\/logo-principal7.jpg\" width=\"100%\" height=\"100\" \/><\/a><!--bestpublic-voz02--><!--desk-in-out-voz02--><\/p>\n<p style=\"text-align: justify;\">Citas que, en la jornada del domingo, se unir\u00e1n a la celebraci\u00f3n del Duatl\u00f3n Popular de Albacete: prueba incluida en el Circuito Provincial DuTri impulsado por la Diputaci\u00f3n de Albacete. Citas que en conjunto, supondr\u00e1n la participaci\u00f3n de m\u00e1s de casi 100 clubes y m\u00e1s de 1.500 atletas llegados de todos los puntos del pa\u00eds.<\/p>\n<p style=\"text-align: justify;\">Este martes el Ayuntamiento de la capital provincial ha acogido su presentaci\u00f3n con la participaci\u00f3n del presidente de la Diputaci\u00f3n, Santi Caba\u00f1ero; el alcalde de la ciudad, Manuel Serrano; el director general de Deportes, Carlos Alberto Yuste; la presidenta de la Federaci\u00f3n de C-LM de Triatl\u00f3n, Maite G\u00f3mez; el director de competici\u00f3n de FETRI, Jorge Garc\u00eda; entre otros representantes del \u00e1mbito institucional, deportivo y social. Y es que la Diputaci\u00f3n ha contribuido a impulsar este gran evento con la aportaci\u00f3n, v\u00eda convenio, de 45.000 euros a la Federaci\u00f3n Espa\u00f1ola de Triatl\u00f3n.<\/p>\n<p style=\"text-align: justify;\">Deporte como motor de salud, econom\u00eda y cohesi\u00f3n social y territorial<\/p>\n<p style=\"text-align: justify;\">Acompa\u00f1ado del diputado de Deportes, Dani Sancha, Caba\u00f1ero ha resaltado que el hecho de el calendario de competiciones FETRI vaya a arrancar en Albacete, adem\u00e1s de \u201cun motivo de orgullo\u201d (tanto por lo que supone como por el hecho de que la Diputaci\u00f3n contribuya a hacerlo posible), es el reflejo de \u201cun compromiso conjunto\u201d con la actividad deportiva y con toda la sociedad porque \u201cpocas cosas hay m\u00e1s transversales que el deporte, como motor de salud, de econom\u00eda y de cohesi\u00f3n social, territorial e intergeneracional\u201d.<\/p>\n<p style=\"text-align: justify;\">En ello cree plenamente el Equipo de Gobierno de la Diputaci\u00f3n que, ha explicado, lo demuestra con hechos (como el respaldo a este tipo de pruebas y a las muchas otras que se impulsan por la provincia) pero, sobre todo, con recursos: por ejemplo, este a\u00f1o son unos 3.711.000 euros los que la instituci\u00f3n destina de sus presupuestos a los \u00e1mbitos del Deporte y la Juventud incluyendo, ha resaltado el presidente, una inversi\u00f3n espec\u00edfica de 105.000 euros para duatl\u00f3n y triatl\u00f3n.<\/p>\n<p style=\"text-align: justify;\">El Circuito DuTri de la Diputaci\u00f3n de Albacete, referente<\/p>\n<p style=\"text-align: justify;\">As\u00ed, adem\u00e1s del citado convenio de 45.000 euros con la Federaci\u00f3n Espa\u00f1ola de Triatl\u00f3n y de otro con la Asociaci\u00f3n de Clubes de Triatl\u00f3n de la Provincia de Albacete por valor de 25.000 euros para el desarrollo del Circuito DuTri de la Diputaci\u00f3n de Albacete, el Gobierno de Caba\u00f1ero destina en 2024 otros 29.000 euros a la Convocatoria de Ayudas para Clubes de Atletismo y Triatl\u00f3n y una subvenci\u00f3n directa (de otros 6.000 euros) al Ayuntamiento de Alcal\u00e1 del J\u00facar para la prueba de Triatl\u00f3n \u2018Villa de Alcal\u00e1 del J\u00facar\u2019, m\u00edtica en la provincia.<\/p>\n<p style=\"text-align: justify;\">Sobre el DuTri, el presidente ha puesto en valor esta competici\u00f3n que llegaba el a\u00f1o pasado para quedarse, dando respuesta a lo que era una creciente afici\u00f3n en la provincia y de la mano de la Federaci\u00f3n y de los Clubes. Este 2024, el Circuito arrancaba este pasado 10 de febrero en San Pedro y finalizar\u00e1 el 31 de agosto, en La Roda, tras un total de 8 pruebas: 4 duatlones (San Pedro, Albacete, Almansa y Hell\u00edn) y 4 triatlones (Almansa, Alcal\u00e1 del J\u00facar, Agram\u00f3n y La Roda). Una experiencia positiva que hace de la de Albacete una Diputaci\u00f3n referente; \u201ccontar ya con ocho pruebas en apenas su segunda edici\u00f3n es una apuesta que habla a las claras del compromiso del Gobierno y de la aceptaci\u00f3n de la gente\u201d, ha resaltado.<\/p>\n<p style=\"text-align: justify;\">Evento de impactos positivos en generaci\u00f3n de negocio e \u201cimagen de provincia\u201d<\/p>\n<p style=\"text-align: justify;\">El presidente ha subrayado c\u00f3mo, adem\u00e1s de la salud (f\u00edsica y mental) y la popularidad de un lugar, tambi\u00e9n la econom\u00eda se mueve (y mucho) en torno al deporte y a las actividades de ocio. En este sentido, ha recordado c\u00f3mo el a\u00f1o pasado, el propio presidente de la Federaci\u00f3n, Jos\u00e9 Hidalgo, contaba en la cita de 2023 que cada euro invertido, dejaba un impacto econ\u00f3mico de 15 euros m\u00e1s (y, por encima de los 10 euros si nos referimos a valoraci\u00f3n de medios, como miles de personas hablando de Albacete esos 24 y 25 de febrero por distintos canales de comunicaci\u00f3n, generando \u201cimagen de la provincia\u201d, ha se\u00f1alado Caba\u00f1ero, instando a seguir haciendo de Albacete \u201cun territorio de excelencia deportiva\u201d.<\/p>\n<p style=\"text-align: justify;\">En este sentido, ha agradecido a todas las instituciones, clubes, federaciones, personal voluntario, integrantes de los dispositivos de seguridad civil y sanitaria, y patrocinadores su apoyo para hacer posible estos eventos, subrayando lo importante de su colaboraci\u00f3n para continuar liderando en la promoci\u00f3n del deporte en la provincia. Y ha invitado a toda la ciudadan\u00eda (local y visitante) a disfrutar de la espectacularidad y el ambiente de esas jornadas que, adem\u00e1s de un ejemplo del potencial de Albacete como sede de grandes eventos, son una oportunidad para disfrutar del deporte como experiencia de convivencia y superaci\u00f3n personal.<\/p>\n<p style=\"text-align: justify;\">Programa de competiciones<\/p>\n<p style=\"text-align: justify;\">Los Campeonatos de Espa\u00f1a de Duatl\u00f3n por Clubes ser\u00e1n el s\u00e1bado con salidas a las 9 h. para la Tercera Divisi\u00f3n femenina, y 10:15 y 11:30 h. para las dos series de Tercera Divisi\u00f3n masculina. A las 13:15 h. entrar\u00e1 en acci\u00f3n la Segunda Divisi\u00f3n Femenina, y a las 14:45 h. la masculina. Por \u00faltimo, los clubes de Primera Divisi\u00f3n femenina se medir\u00e1n a las 16:15 h, y los de Primera Divisi\u00f3n masculina a las 18:00 h. Los clubes consiguen puntos para la clasificaci\u00f3n del campeonato en funci\u00f3n de la posici\u00f3n individual lograda por sus deportistas en la prueba de tres segmentos, carrera a pie, ciclismo y carrera a pie. Participar\u00e1n m\u00e1s de 1.000 deportistas, de 39 clubes de Primera y Segunda Divisi\u00f3n, 30 de Tercera Divisi\u00f3n masculina, y 24 en Tercera Divisi\u00f3n femenina.<\/p>\n<p style=\"text-align: justify;\">El domingo, las competiciones comenzar\u00e1n con el Duatl\u00f3n Popular de Albacete, que se disputar\u00e1 en dos series (08:45 y 10:15h.) con m\u00e1s de 300 participantes entre ambas. A las 12 h. Ser\u00e1n las pruebas del Campeonato de Espa\u00f1a de Duatl\u00f3n por Relevos Mixtos, en el que competir\u00e1n casi 250 deportistas en 39 clubes de Primera y Segunda Divisi\u00f3n, y 22 en el Relevo Mixto Open. Los clubes compiten con equipos de Relevos Mixtos formados por dos deportistas de g\u00e9nero masculino y dos de g\u00e9nero femenino, que realizan cada uno un duatl\u00f3n de tres segmentos antes de entregar el relevo al siguiente componente del equipo, siguiendo la secuencia masculino-femenino-masculino-femenino. La \u00faltima relevista de cada equipo establece la posici\u00f3n del club en meta.<\/p>\n<p style=\"text-align: justify;\">Adem\u00e1s, el viernes 23, el club Triatl\u00f3n Albacete organizar\u00e1 un entrenamiento conjunto de las escuelas del Club Triatl\u00f3n Albacete en el parque Abelardo S\u00e1nchez, coincidiendo con la entrega de dorsales. Comenzar\u00e1 a las 16:45 h e incluir\u00e1 una Gymkana de Transiciones con estaciones enfocadas en habilidades clave de triatl\u00f3n, como manejo de la bicicleta, uso del casco, cambio de zapatillas, y t\u00e9cnicas de montaje\/desmontaje de la bicicleta.<\/p>\n<p><!--publicidad-voz03--><a href=\"https:\/\/www.facebook.com\/profile.php?id=100063593791305&amp;locale=es_ES\"><img decoding=\"async\" class=\"alignnone size-medium\" src=\"https:\/\/blogger.googleusercontent.com\/img\/b\/R29vZ2xl\/AVvXsEi8_n_ll8UOcGxCqzFvb_9Io4ICczlGC990BPtPj2w9Px-u7B3oqWUW5vtjZUqPNJ-nyjiUIorE0ATsib_l5tV8BVN-UJ03RTnU__IHJF_4DgDBtY4LIqXNG-FomrO-7ywes20CBCRM2Hcm7EJSh3UUw1dO-c_uTflUrtgY1i7uBRezj_DpympmEFkfbQY\/s1600\/logo-principal2.jpg\" width=\"100%\" height=\"100\" \/><\/a><!--bestpublic-voz03--><!--desk-in-out-voz03--><br \/>\n<!--publicidad-voz04--><a href=\"https:\/\/www.facebook.com\/profile.php?id=61557370768692&amp;locale=es_ES\"><img decoding=\"async\" class=\"alignnone size-medium\" src=\"https:\/\/blogger.googleusercontent.com\/img\/b\/R29vZ2xl\/AVvXsEgy5RdcfffrnrItnYTcV9bCJjgJwldsQLWssfVfrLbyfXeBNTFKgBf0rMIvhrUaGUhiXzVr9_eQgCbi-j63ZDpfTvLIty9w7s140y-m1yHe7eKmEK7v2NAHUJDVYGdfeiQFeRCqUjdwWmN1MX_AUxxz4IVdJ4WIM0APxit8bjWkXzrnEFGqBvW_1F13H1g\/s1600\/logo-principal5.jpg\" width=\"100%\" height=\"100\" \/><\/a><!--bestpublic-voz04--><!--desk-in-out-voz04--><br \/>\n<!--publicidad-voz05--><a href=\"https:\/\/www.facebook.com\/asociaciontamborileroshellin?locale=es_ES\"><img decoding=\"async\" class=\"alignnone size-medium\" src=\"https:\/\/blogger.googleusercontent.com\/img\/b\/R29vZ2xl\/AVvXsEhHEEpZsKK1VpwiYMrS7aE2ujtqIDZoLd4B5wtbiseSU9s2HdTdQfhF84So2XwEB1fv0BLw95GADm6hUl1bkKtzh-eIgVigXONuu_5RxeIMPhjk8q6uNX4EaEHbooKkbu7pCADWPpVJjhKIH5NQSJpWqedC-YBez4QAQeJYokkLot9bhrIaUAeztsGis6M\/s1600\/logo-principal3.jpg\" width=\"100%\" height=\"100\" \/><\/a><!--bestpublic-voz05--><!--desk-in-out-voz05--><br \/>\n<!--publicidad-voz06--><!--bestpublic-voz06--><!--desk-in-out-voz06--><br \/>\n<!--publicidad-voz07--><!--bestpublic-voz07--><!--desk-in-out-voz07--><br \/>\n<!--publicidad-voz08--><!--bestpublic-voz08--><!--desk-in-out-voz08--><br \/>\n<!--publicidad-voz09--><!--bestpublic-voz09--><!--desk-in-out-voz09--><br \/>\n<!--publicidad-voz10--><!--bestpublic-voz10--><!--desk-in-out-voz10--><br \/>\n<!--publicidad-voz11--><!--bestpublic-voz11--><!--desk-in-out-voz11--><br \/>\n<!--publicidad-voz12--><!--bestpublic-voz12--><!--desk-in-out-voz12--><br \/>\n<!--publicidad-voz13--><!--bestpublic-voz13--><!--desk-in-out-voz13--><br \/>\n<!--publicidad-voz14--><!--bestpublic-voz14--><!--desk-in-out-voz14--><br \/>\n<!--publicidad-voz15--><!--bestpublic-voz15--><!--desk-in-out-voz15--><br \/>\n<!--publicidad-voz16--><!--bestpublic-voz16--><!--desk-in-out-voz16--><\/p>\n","protected":false},"excerpt":{"rendered":"<p>La Liga Nacional de Clubes de Duatl\u00f3n 2024 arrancar\u00e1 en Albacete, con el Campeonato de Espa\u00f1a de Duatl\u00f3n por Clubes y por Relevos Mixtos, estos 24 y 25 de febrero,&#8230;<\/p>\n","protected":false},"author":2,"featured_media":147554,"comment_status":"closed","ping_status":"closed","sticky":false,"template":"","format":"standard","meta":{"footnotes":""},"categories":[752,718,715,716,717],"tags":[],"class_list":["post-147553","post","type-post","status-publish","format-standard","has-post-thumbnail","hentry","category-blog-lv033","category-blogger","category-la-voz-de-hellin","category-la-voz-de-hellin-la-voz-de-hellin","category-noticias"],"_links":{"self":[{"href":"https:\/\/lavozdehellin.com\/noticias\/wp-json\/wp\/v2\/posts\/147553","targetHints":{"allow":["GET"]}}],"collection":[{"href":"https:\/\/lavozdehellin.com\/noticias\/wp-json\/wp\/v2\/posts"}],"about":[{"href":"https:\/\/lavozdehellin.com\/noticias\/wp-json\/wp\/v2\/types\/post"}],"author":[{"embeddable":true,"href":"https:\/\/lavozdehellin.com\/noticias\/wp-json\/wp\/v2\/users\/2"}],"replies":[{"embeddable":true,"href":"https:\/\/lavozdehellin.com\/noticias\/wp-json\/wp\/v2\/comments?post=147553"}],"version-history":[{"count":0,"href":"https:\/\/lavozdehellin.com\/noticias\/wp-json\/wp\/v2\/posts\/147553\/revisions"}],"wp:featuredmedia":[{"embeddable":true,"href":"https:\/\/lavozdehellin.com\/noticias\/wp-json\/wp\/v2\/media\/147554"}],"wp:attachment":[{"href":"https:\/\/lavozdehellin.com\/noticias\/wp-json\/wp\/v2\/media?parent=147553"}],"wp:term":[{"taxonomy":"category","embeddable":true,"href":"https:\/\/lavozdehellin.com\/noticias\/wp-json\/wp\/v2\/categories?post=147553"},{"taxonomy":"post_tag","embeddable":true,"href":"https:\/\/lavozdehellin.com\/noticias\/wp-json\/wp\/v2\/tags?post=147553"}],"curies":[{"name":"wp","href":"https:\/\/api.w.org\/{rel}","templated":true}]}}