{"id":147556,"date":"2024-02-19T16:51:45","date_gmt":"2024-02-19T16:51:45","guid":{"rendered":"https:\/\/lavozdehellin.com\/noticias\/?p=147556"},"modified":"2024-02-21T09:42:07","modified_gmt":"2024-02-21T09:42:07","slug":"v08-080-la-diputacion-de-albacete-invierte-en-fuente-alamo-mas-de-170-000-e-en-la-mejora-del-pavimento-de-cerca-de-una-veintena-de-calles-a-traves-de-sus-dos-ultimos-pos","status":"publish","type":"post","link":"https:\/\/lavozdehellin.com\/noticias\/v08-080-la-diputacion-de-albacete-invierte-en-fuente-alamo-mas-de-170-000-e-en-la-mejora-del-pavimento-de-cerca-de-una-veintena-de-calles-a-traves-de-sus-dos-ultimos-pos\/","title":{"rendered":"LVH NOTICIAS | LA DIPUTACI\u00d3N DE ALBACETE INVIERTE EN FUENTE-\u00c1LAMO M\u00c1S DE 170.000\u202f\u20ac EN LA MEJORA DEL PAVIMENTO DE CERCA DE UNA VEINTENA DE CALLES A TRAV\u00c9S DE SUS DOS \u00daLTIMOS POS"},"content":{"rendered":"<p style=\"text-align: justify;\">El vicepresidente de la Diputaci\u00f3n de Albacete y responsable de Obras, Fran Valera, se ha desplazado hasta Fuente-\u00c1lamo para supervisar la evoluci\u00f3n de los trabajos que se est\u00e1n llevando a cabo en la localidad con cargo al Plan de Obras y Servicios 2023 (POS) impulsado por la instituci\u00f3n provincial, y que se van a traducir en la remodelaci\u00f3n de ocho nuevas calles.<\/p>\n<p><!--more--><br \/>\n<!--publicidad-voz01--><a href=\"https:\/\/www.facebook.com\/SoloRadioHellin\/?locale=es_ES\"><img decoding=\"async\" class=\"alignnone size-medium\" src=\"https:\/\/blogger.googleusercontent.com\/img\/b\/R29vZ2xl\/AVvXsEiNncirNnyGedv00mhjZjh5Wl4_YPdJGanoAl8tL8zH-HwqE8uHqjEfSt340RHdx-9tuCSIkZ8rFamZiGyYlgDGxCsmXjCH_1xk5eYM3ntFZRvJP_jndOKR7w1UAo9Tu0vrZyOLfqRpHIxYI5SymJJ-pfGCQw6QVpggBH-UgfjiFQ2JOxqxG0Jx94kW83c\/s1600\/logo-principal.jpg\" width=\"100%\" height=\"100\" \/><\/a><!--bestpublic-voz01--><!--desk-in-out-voz01--><br \/>\n<!--publicidad-voz02--><a href=\"https:\/\/www.hellincf.com\/\"><img decoding=\"async\" class=\"alignnone size-medium\" src=\"https:\/\/blogger.googleusercontent.com\/img\/b\/R29vZ2xl\/AVvXsEhuZ4-XfBVj3UtdP8-RZugy3WVrg-Zv28c53m4oV47qYCxL1rX_dqWX_YddsGSnpH5SRDqZ7bZeKPIfDVCDncpjVlhy3aQs2vojcJBn7Gdv9hC2_Nzct_pRFrnFE1a7KTCdY1bT_kAgnY3-iadRZrGeJf1fR2P5fu11bokx0pWjaypoy-ctwCjklldpEbA\/s1600\/logo-principal7.jpg\" width=\"100%\" height=\"100\" \/><\/a><!--bestpublic-voz02--><!--desk-in-out-voz02--><\/p>\n<p style=\"text-align: justify;\">Junto a Josefa Montes, la alcaldesa del municipio, y a otros responsables de la Corporaci\u00f3n Municipal, Valera ha recorrido algunas de las v\u00edas en las que se est\u00e1 actuando con cargo a dicha edici\u00f3n de este programa, con una inversi\u00f3n final de 66.429\u202f\u20ac, de los que la instituci\u00f3n provincial ha aportado el 75% (cerca de 50.000\u202f\u20ac) y el ayuntamiento la parte restante.<\/p>\n<p style=\"text-align: justify;\">Estas obras, como ha podido comprobar el vicepresidente de la Diputaci\u00f3n, evolucionan a buen ritmo y, tras los trabajos previos, ya se est\u00e1 procediendo al asfaltado. Se trata de las calles Blasco Ib\u00e1\u00f1ez, Vel\u00e1zquez, Cuevas, \u00c1lamos, Hern\u00e1n Cort\u00e9s, Orfila y las traves\u00edas Plaza y Albacete. Todas ellas situadas en el caso urbano y con conexiones a servicios municipales.<\/p>\n<p style=\"text-align: justify;\">As\u00ed, esta actuaci\u00f3n, que afecta en su conjunto a unos 5.000 metros cuadrados de v\u00edas p\u00fablicas, est\u00e1 haciendo posible la renovaci\u00f3n de la pavimentaci\u00f3n dando respuesta a una necesidad latente, ya que estas calles se encontraban en mal estado. Y una vez finalizadas, estas obras se van a traducir en mejoras en la accesibilidad y la circulaci\u00f3n de la zona, tanto para el tr\u00e1fico rodado como para peatones, al tiempo que van a suponer un avance en seguridad, y tambi\u00e9n contribuir\u00e1n a mejorar la imagen de las diferentes \u00e1reas beneficiadas.<\/p>\n<p style=\"text-align: justify;\">En este sentido, Valera ha puesto en valor que estos trabajos de mejora sigan la l\u00ednea de acci\u00f3n del anterior POS, en el que se destinaron cerca de 106.000\u202f\u20ac a la pavimentaci\u00f3n de otras tantas calles (Miguel \u00c1ngel y lim\u00edtrofes, Albacete, Molinos de Viento, Echegaray, Nueva, Lope de Vega, Francisco Pizarro, Isaac Peral o Los \u00c1lamos), y ha comprobado el buen resultado de aquellas obras, destacando que esta continuidad en las actuaciones permite avanzar en la mejora integral del casco urbano de Fuente-\u00c1lamo, haci\u00e9ndolo est\u00e9ticamente m\u00e1s atractivo, homog\u00e9neo y seguro, y tambi\u00e9n m\u00e1s \u2018habitable\u2019 y \u00fatil para sus vecinos y vecinas de la mano de la Diputaci\u00f3n de Albacete.<\/p>\n<p style=\"text-align: justify;\">De hecho, el vicepresidente provincial ha se\u00f1alado la importancia de estas programas, apuntando que cada inversi\u00f3n realizada repercute de manera directa en mejoras en la calidad de vida de la poblaci\u00f3n de nuestros pueblos y ciudades \u201cy ese es el objetivo final\u201d, y ha apuntado que, a su vez, favorecen, de forma directa o indirecta, la dinamizaci\u00f3n socioecon\u00f3mica del territorio, convertidas \u201cen pol\u00edticas p\u00fablicas de presente y de futuro para nuestra tierra\u201d.<\/p>\n<p style=\"text-align: justify;\">Fuente-\u00c1lamo dispondr\u00e1 de casi 122.000\u202f\u20ac este 2024 para gasto corriente<\/p>\n<p style=\"text-align: justify;\">Durante su visita a Fuente-\u00c1lamo, Valera ha mantenido una reuni\u00f3n con la alcaldesa, en la que han tenido la oportunidad de comentar que este 2024 la localidad ha solicitado unir el POS al programa \u2018Dipualba Responde\u2019 en sus dos versiones (inversiones y gasto corriente) para destinarlo a gasto corriente, sumando una cuant\u00eda de 121.800 \u20ac, con la que podr\u00e1 acometer aquellas acciones que, desde su autonom\u00eda, han considerado prioritarias. Siendo \u00e9ste uno de los cuatro Ayuntamientos de la provincia (junto al de Chinchilla de Montearag\u00f3n, Molinicos, y Minaya) que se ha acogido a esta opci\u00f3n novedosa que ha incorporado la Diputaci\u00f3n este a\u00f1o para facilitar su gesti\u00f3n diaria, y dar una respuesta efectiva y resolutiva a sus necesidades.<\/p>\n<p style=\"text-align: justify;\">Adem\u00e1s, cabe destacar que la instituci\u00f3n provincial a lo largo de 2023 destin\u00f3, a trav\u00e9s de sus diferentes l\u00edneas de ayudas, cerca de 200.000\u202f\u20ac a inversiones en Fuente-\u00c1lamo, haciendo posible no s\u00f3lo la mejora de infraestructuras y servicios municipales, como el dep\u00f3sito de agua potable o el arreglo de la zona de juegos, sino tambi\u00e9n otras actuaciones que han supuesto beneficios directos en el d\u00eda a d\u00eda de los vecinos y vecinas en el \u00e1mbito de la conciliaci\u00f3n, la educaci\u00f3n, la formaci\u00f3n, la cultura, el ocio o el turismo.<\/p>\n<p style=\"text-align: justify;\">As\u00ed, en el marco de este importe se han realizado inversiones en caminos rurales, en la Universidad Popular, en la Academia de M\u00fasica, en la Escuela Infantil o en el patrimonio local; ha sido posible la adquisici\u00f3n de instrumentos o la contrataci\u00f3n de monitores deportivos, as\u00ed como la realizaci\u00f3n de programas para la juventud y tambi\u00e9n para avanzar en conciliaci\u00f3n e igualdad.<\/p>\n<p style=\"text-align: justify;\">A esto se unen ayudas para Protecci\u00f3n Civil y para el desarrollo de carreras deportivas (Carrera Popular y BTT), para el acondicionamiento del \u00e1rea de servicio de autocaravanas o la adquisici\u00f3n de un equipo de aire acondicionado para la asociaci\u00f3n de jubilados de la localidad, entre otras cuestiones.<\/p>\n<p><!--publicidad-voz03--><a href=\"https:\/\/www.facebook.com\/profile.php?id=100063593791305&amp;locale=es_ES\"><img decoding=\"async\" class=\"alignnone size-medium\" src=\"https:\/\/blogger.googleusercontent.com\/img\/b\/R29vZ2xl\/AVvXsEi8_n_ll8UOcGxCqzFvb_9Io4ICczlGC990BPtPj2w9Px-u7B3oqWUW5vtjZUqPNJ-nyjiUIorE0ATsib_l5tV8BVN-UJ03RTnU__IHJF_4DgDBtY4LIqXNG-FomrO-7ywes20CBCRM2Hcm7EJSh3UUw1dO-c_uTflUrtgY1i7uBRezj_DpympmEFkfbQY\/s1600\/logo-principal2.jpg\" width=\"100%\" height=\"100\" \/><\/a><!--bestpublic-voz03--><!--desk-in-out-voz03--><br \/>\n<!--publicidad-voz04--><a href=\"https:\/\/www.facebook.com\/profile.php?id=61557370768692&amp;locale=es_ES\"><img decoding=\"async\" class=\"alignnone size-medium\" src=\"https:\/\/blogger.googleusercontent.com\/img\/b\/R29vZ2xl\/AVvXsEgy5RdcfffrnrItnYTcV9bCJjgJwldsQLWssfVfrLbyfXeBNTFKgBf0rMIvhrUaGUhiXzVr9_eQgCbi-j63ZDpfTvLIty9w7s140y-m1yHe7eKmEK7v2NAHUJDVYGdfeiQFeRCqUjdwWmN1MX_AUxxz4IVdJ4WIM0APxit8bjWkXzrnEFGqBvW_1F13H1g\/s1600\/logo-principal5.jpg\" width=\"100%\" height=\"100\" \/><\/a><!--bestpublic-voz04--><!--desk-in-out-voz04--><br \/>\n<!--publicidad-voz05--><a href=\"https:\/\/www.facebook.com\/asociaciontamborileroshellin?locale=es_ES\"><img decoding=\"async\" class=\"alignnone size-medium\" src=\"https:\/\/blogger.googleusercontent.com\/img\/b\/R29vZ2xl\/AVvXsEhHEEpZsKK1VpwiYMrS7aE2ujtqIDZoLd4B5wtbiseSU9s2HdTdQfhF84So2XwEB1fv0BLw95GADm6hUl1bkKtzh-eIgVigXONuu_5RxeIMPhjk8q6uNX4EaEHbooKkbu7pCADWPpVJjhKIH5NQSJpWqedC-YBez4QAQeJYokkLot9bhrIaUAeztsGis6M\/s1600\/logo-principal3.jpg\" width=\"100%\" height=\"100\" \/><\/a><!--bestpublic-voz05--><!--desk-in-out-voz05--><br \/>\n<!--publicidad-voz06--><!--bestpublic-voz06--><!--desk-in-out-voz06--><br \/>\n<!--publicidad-voz07--><!--bestpublic-voz07--><!--desk-in-out-voz07--><br \/>\n<!--publicidad-voz08--><!--bestpublic-voz08--><!--desk-in-out-voz08--><br \/>\n<!--publicidad-voz09--><!--bestpublic-voz09--><!--desk-in-out-voz09--><br \/>\n<!--publicidad-voz10--><!--bestpublic-voz10--><!--desk-in-out-voz10--><br \/>\n<!--publicidad-voz11--><!--bestpublic-voz11--><!--desk-in-out-voz11--><br \/>\n<!--publicidad-voz12--><!--bestpublic-voz12--><!--desk-in-out-voz12--><br \/>\n<!--publicidad-voz13--><!--bestpublic-voz13--><!--desk-in-out-voz13--><br \/>\n<!--publicidad-voz14--><!--bestpublic-voz14--><!--desk-in-out-voz14--><br \/>\n<!--publicidad-voz15--><!--bestpublic-voz15--><!--desk-in-out-voz15--><br \/>\n<!--publicidad-voz16--><!--bestpublic-voz16--><!--desk-in-out-voz16--><\/p>\n","protected":false},"excerpt":{"rendered":"<p>El vicepresidente de la Diputaci\u00f3n de Albacete y responsable de Obras, Fran Valera, se ha desplazado hasta Fuente-\u00c1lamo para supervisar la evoluci\u00f3n de los trabajos que se est\u00e1n llevando a&#8230;<\/p>\n","protected":false},"author":2,"featured_media":147557,"comment_status":"closed","ping_status":"closed","sticky":false,"template":"","format":"standard","meta":{"footnotes":""},"categories":[752,718,715,716,717],"tags":[],"class_list":["post-147556","post","type-post","status-publish","format-standard","has-post-thumbnail","hentry","category-blog-lv033","category-blogger","category-la-voz-de-hellin","category-la-voz-de-hellin-la-voz-de-hellin","category-noticias"],"_links":{"self":[{"href":"https:\/\/lavozdehellin.com\/noticias\/wp-json\/wp\/v2\/posts\/147556","targetHints":{"allow":["GET"]}}],"collection":[{"href":"https:\/\/lavozdehellin.com\/noticias\/wp-json\/wp\/v2\/posts"}],"about":[{"href":"https:\/\/lavozdehellin.com\/noticias\/wp-json\/wp\/v2\/types\/post"}],"author":[{"embeddable":true,"href":"https:\/\/lavozdehellin.com\/noticias\/wp-json\/wp\/v2\/users\/2"}],"replies":[{"embeddable":true,"href":"https:\/\/lavozdehellin.com\/noticias\/wp-json\/wp\/v2\/comments?post=147556"}],"version-history":[{"count":0,"href":"https:\/\/lavozdehellin.com\/noticias\/wp-json\/wp\/v2\/posts\/147556\/revisions"}],"wp:featuredmedia":[{"embeddable":true,"href":"https:\/\/lavozdehellin.com\/noticias\/wp-json\/wp\/v2\/media\/147557"}],"wp:attachment":[{"href":"https:\/\/lavozdehellin.com\/noticias\/wp-json\/wp\/v2\/media?parent=147556"}],"wp:term":[{"taxonomy":"category","embeddable":true,"href":"https:\/\/lavozdehellin.com\/noticias\/wp-json\/wp\/v2\/categories?post=147556"},{"taxonomy":"post_tag","embeddable":true,"href":"https:\/\/lavozdehellin.com\/noticias\/wp-json\/wp\/v2\/tags?post=147556"}],"curies":[{"name":"wp","href":"https:\/\/api.w.org\/{rel}","templated":true}]}}