{"id":147559,"date":"2024-02-19T13:10:16","date_gmt":"2024-02-19T13:10:16","guid":{"rendered":"https:\/\/lavozdehellin.com\/noticias\/?p=147559"},"modified":"2024-02-21T09:42:07","modified_gmt":"2024-02-21T09:42:07","slug":"v08-079-la-diputacion-de-albacete-consolida-su-compromiso-con-hellin-con-una-prevision-de-inversion-superior-al-medio-millon-de-euros-en-2024","status":"publish","type":"post","link":"https:\/\/lavozdehellin.com\/noticias\/v08-079-la-diputacion-de-albacete-consolida-su-compromiso-con-hellin-con-una-prevision-de-inversion-superior-al-medio-millon-de-euros-en-2024\/","title":{"rendered":"LVH NOTICIAS | LA DIPUTACI\u00d3N DE ALBACETE CONSOLIDA SU COMPROMISO CON HELL\u00cdN CON UNA PREVISI\u00d3N DE INVERSI\u00d3N SUPERIOR AL MEDIO MILL\u00d3N DE EUROS EN 2024"},"content":{"rendered":"<p style=\"text-align: justify;\">Apenas un mes despu\u00e9s de la entrada en vigor de los Presupuestos de la Diputaci\u00f3n de Albacete para 2024, el presidente, Santi Caba\u00f1ero, ha visitado el Ayuntamiento de Hell\u00edn acompa\u00f1ado del diputado coordinador del \u00c1rea Social, Jos\u00e9 Gonz\u00e1lez, para exponer al alcalde Manuel Serena, a y representantes tanto de su Equipo de Gobierno como del conjunto de la Corporaci\u00f3n Municipal, el plan de inversiones previsto por el Gobierno Provincial para el municipio de Hell\u00edn durante el presente a\u00f1o.<\/p>\n<p><!--more--><br \/>\n<!--publicidad-voz01--><a href=\"https:\/\/www.facebook.com\/SoloRadioHellin\/?locale=es_ES\"><img decoding=\"async\" class=\"alignnone size-medium\" src=\"https:\/\/blogger.googleusercontent.com\/img\/b\/R29vZ2xl\/AVvXsEiNncirNnyGedv00mhjZjh5Wl4_YPdJGanoAl8tL8zH-HwqE8uHqjEfSt340RHdx-9tuCSIkZ8rFamZiGyYlgDGxCsmXjCH_1xk5eYM3ntFZRvJP_jndOKR7w1UAo9Tu0vrZyOLfqRpHIxYI5SymJJ-pfGCQw6QVpggBH-UgfjiFQ2JOxqxG0Jx94kW83c\/s1600\/logo-principal.jpg\" width=\"100%\" height=\"100\" \/><\/a><!--bestpublic-voz01--><!--desk-in-out-voz01--><br \/>\n<!--publicidad-voz02--><a href=\"https:\/\/www.hellincf.com\/\"><img decoding=\"async\" class=\"alignnone size-medium\" src=\"https:\/\/blogger.googleusercontent.com\/img\/b\/R29vZ2xl\/AVvXsEhuZ4-XfBVj3UtdP8-RZugy3WVrg-Zv28c53m4oV47qYCxL1rX_dqWX_YddsGSnpH5SRDqZ7bZeKPIfDVCDncpjVlhy3aQs2vojcJBn7Gdv9hC2_Nzct_pRFrnFE1a7KTCdY1bT_kAgnY3-iadRZrGeJf1fR2P5fu11bokx0pWjaypoy-ctwCjklldpEbA\/s1600\/logo-principal7.jpg\" width=\"100%\" height=\"100\" \/><\/a><!--bestpublic-voz02--><!--desk-in-out-voz02--><\/p>\n<p style=\"text-align: justify;\">Un encuentro donde, adem\u00e1s, han tenido ocasi\u00f3n de repasar el respaldo que la localidad ha venido recibiendo por parte de la Diputaci\u00f3n, as\u00ed como para tomar el pulso del municipio de cara a aquellas cuestiones en las que se pueda seguir trabajando conjuntamente a futuro.<\/p>\n<p style=\"text-align: justify;\">El convenio para infraestructuras crece un 125% y, el global para obras, cerca del 71%<\/p>\n<p style=\"text-align: justify;\">Caba\u00f1ero ha detallado c\u00f3mo la inversi\u00f3n prevista, que asciende a m\u00e1s de 500.000 euros, se traducir\u00e1 en \u00abrealidades concretas\u00bb para Hell\u00edn, subrayando el papel de la Diputaci\u00f3n como \u00abel Ayuntamiento de ayuntamientos\u00bb y reafirmando su objetivo de apoyar de manera eficaz y suficiente a los municipios, especialmente, a aquellos con menor capacidad de recursos, pero tambi\u00e9n a los que, como en \u00e9ste caso, marcan el camino del crecimiento provincial.<\/p>\n<p style=\"text-align: justify;\">El presidente ha desglosado ese incremento significativo en la aportaci\u00f3n para el a\u00f1o 2024, entre transferencias al Ayuntamiento y apoyo indirecto a trav\u00e9s de diversos colectivos del \u00e1mbito socioecon\u00f3mico, educativo, cultural y deportivo.<\/p>\n<p style=\"text-align: justify;\">La inversi\u00f3n directa incluye la reedici\u00f3n de importantes partidas destinadas a infraestructuras y mejora de servicios esenciales, como el arreglo de caminos, con una dotaci\u00f3n de 17.000 euros; el Plan de Obras y Servicios (POS) 2024, con 60.000 euros destinados (que el Consistorio destinar\u00e1 a la renovaci\u00f3n de infraestructuras en la calle Garcilaso de la Vega); y un notable aumento en el convenio para la gesti\u00f3n de infraestructuras, que crece un 125% hasta alcanzar los 225.000 euros. Cantidad a la que se sumar\u00e1n los 100.000 euros que la Diputaci\u00f3n puso en 2023 a disposici\u00f3n del consistorio para este convenio y que, como excepci\u00f3n, al no haberlo invertido finalmente la Entidad Local, ser\u00e1 habilit\u00e1rselo para que lo sume a la aportaci\u00f3n de este ejercicio que, por tanto, llegar\u00e1 en este punto a los 325.000 euros.<\/p>\n<p style=\"text-align: justify;\">M\u00faltiples l\u00edneas de colaboraci\u00f3n directa e indirecta<\/p>\n<p style=\"text-align: justify;\">A esas cantidades, procedentes de los \u2018grandes\u2019 programas provinciales para inversi\u00f3n en infraestructuras, se le ir\u00e1n sumando otras que, bajo una estimaci\u00f3n inicial cercana superior a los 80.000 euros (tomando la referencia de lo solicitado por el Ayuntamiento en 2023), se canalizar\u00e1n al municipio desde la Diputaci\u00f3n de Albacete por distintas v\u00edas.<\/p>\n<p style=\"text-align: justify;\">As\u00ed, de un lado llegar\u00e1 lo derivado de las distintas Convocatorias de Ayudas que la instituci\u00f3n provincial pone cada a\u00f1o a disposici\u00f3n de las Entidades Locales para cuestiones muy diversas dentro del \u00e1mbito municipal y que, repasando la ejecuci\u00f3n presupuestaria de 2023, superaron los 35.000 euros en Hell\u00edn, destinados a Universidades Populares, Academias de M\u00fasica y compra de instrumentos, proyectos de Juventud, Clubes de Lectura, arreglo de patrimonio (en concreto, en 2023 se recuper\u00f3 la Ermita del Rosario), apoyo a iniciativas de fomento y mejora de la oferta y la gesti\u00f3n tur\u00edsticas (con mejora del Camino de Anibal), inversiones en el Museo de la Semana Santa y Tamborada \u2018Rafael S\u00e1nchez Hortelano\u2019) y el respaldo al Festival de Cine y Cortometrajes Alumbra.<\/p>\n<p style=\"text-align: justify;\">Por otra parte, se sumar\u00e1 lo procedente de las l\u00edneas o convenios de colaboraci\u00f3n que la Diputaci\u00f3n tambi\u00e9n mantiene con colectivos de toda \u00edndole radicados en Hell\u00edn y que, como ha resaltado el presidente, \u201cson claves para el dinamismo y la generaci\u00f3n de oportunidades con el impulso y la implicaci\u00f3n de la poblaci\u00f3n\u201d. Cuestiones que el pasado a\u00f1o sumaron otros casi 50.000 euros de aportaci\u00f3n provincial. De ello, por ejemplo, se beneficiaron: la Asociaci\u00f3n de Cofrad\u00edas y Hermandades de la Semana Santa de Hell\u00edn, la Uni\u00f3n Musical Santa Cecilia, la Real Cofrad\u00eda y Hermandad de Nazarenos Nuestro Padre Jes\u00fas de la Misericordia, la Archicofrad\u00eda de Nuestro Padre Jes\u00fas de Medinaceli, los centros educativos \u2018Cruz de Mayo\u2019, \u2018Nuestra Se\u00f1ora del Rosario\u2019 y el IES \u2018Melchor de Macanaz\u2019, el Deportivo Hell\u00edn Promesas, la Agrupaci\u00f3n Coral San Rafael de Hell\u00edn, y las asociaciones de P\u00e1rkinson, Afribohe, y AFA.<\/p>\n<p style=\"text-align: justify;\">Adem\u00e1s, el presidente ha resaltado el respaldo de la apuesta por un sector clave para la econom\u00eda provincial, el vin\u00edcola, con aumentos significativos en las dotaciones para las Denominaciones de Origen y las Rutas del Vino (entre ellas, las de Jumilla, vinculada al territorio hellinero).<\/p>\n<p style=\"text-align: justify;\">Casi el 60% de la inversi\u00f3n respaldada por la Diputaci\u00f3n en la EDUSI ha recalado en Hell\u00edn<\/p>\n<p style=\"text-align: justify;\">En el \u00e1mbito del empleo, Santi Caba\u00f1ero ha recordado el impacto positivo de programas como el Plan de Apoyo Activo al Empleo, que en 2023 beneficiaba a unas 148 personas (otras m\u00e1s de 40, a trav\u00e9s de formaci\u00f3n). Cifra que supera las 1.670 familias en el acumulado desde 2015.<\/p>\n<p style=\"text-align: justify;\">Importante, tambi\u00e9n, lo relativo al Servicio Especial de Prevenci\u00f3n y Extinci\u00f3n de Incendios de la Diputaci\u00f3n (SEPEI), con un Parque Comarcal propio de la Diputaci\u00f3n en Hell\u00edn en el que la instituci\u00f3n viene mejorando recursos priorizados por los propios profesionales. Entre lo m\u00e1s recientes, la incorporaci\u00f3n de dos nuevos veh\u00edculos por un montante cercano al medio mill\u00f3n de euros: una Autobomba Rural Pesada, una Autobomba y un veh\u00edculo de Mando nuevos, a disposici\u00f3n de las necesidades de la localidad, su comarca y el conjunto de la provincia.<\/p>\n<p style=\"text-align: justify;\">Caba\u00f1ero ha hecho especial menci\u00f3n a la transformaci\u00f3n integral que estos a\u00f1os la Diputaci\u00f3n ha contribuido a realizar en Hell\u00edn con la Estrategia de Desarrollo Urbano Sostenible Integrado (EDUSI) de este \u00c1rea Funcional y que, en el caso del municipio hellinero, se ha traducido en actuaciones por un importe cercano a los 2.145.000 euros (casi un 60% del total del programa).<\/p>\n<p style=\"text-align: justify;\">Por ejemplo, se ha mejorado alumbrado p\u00fablico y optimizado energ\u00e9ticamente la localidad (con renovaci\u00f3n de calderas, ventanas y luminarias de edificios municipales); se ha rehabilitado la cubierta del Monasterio de los Padres Franciscanos, recuper\u00e1ndolo para el uso de la poblaci\u00f3n; as\u00ed como la la Plaza Sabino Cuerda; se han adecuado las aulas del Centro de Formaci\u00f3n Municipal, para formar a personas en riesgo de exclusi\u00f3n en actividades como inform\u00e1tica, soldadura, cocina y comercio. Y, entre lo m\u00e1s reciente, se ha \u2018reconvertido\u2019 la piscina Ribera en un centro de deportes, parkour y skatepark que ser\u00e1 un aliciente m\u00e1s para la juventud y la infancia de la zona.<\/p>\n<p style=\"text-align: justify;\">Diputaci\u00f3n de Albacete y el Ayuntamiento de Hell\u00edn afianza el compromiso de seguir trabajando conjuntamente en beneficio de la ciudadan\u00eda, asegurando un desarrollo sostenible y equitativo en uno de los municipios referentes de la provincia.<\/p>\n<p><!--publicidad-voz03--><a href=\"https:\/\/www.facebook.com\/profile.php?id=100063593791305&amp;locale=es_ES\"><img decoding=\"async\" class=\"alignnone size-medium\" src=\"https:\/\/blogger.googleusercontent.com\/img\/b\/R29vZ2xl\/AVvXsEi8_n_ll8UOcGxCqzFvb_9Io4ICczlGC990BPtPj2w9Px-u7B3oqWUW5vtjZUqPNJ-nyjiUIorE0ATsib_l5tV8BVN-UJ03RTnU__IHJF_4DgDBtY4LIqXNG-FomrO-7ywes20CBCRM2Hcm7EJSh3UUw1dO-c_uTflUrtgY1i7uBRezj_DpympmEFkfbQY\/s1600\/logo-principal2.jpg\" width=\"100%\" height=\"100\" \/><\/a><!--bestpublic-voz03--><!--desk-in-out-voz03--><br \/>\n<!--publicidad-voz04--><a href=\"https:\/\/www.facebook.com\/profile.php?id=61557370768692&amp;locale=es_ES\"><img decoding=\"async\" class=\"alignnone size-medium\" src=\"https:\/\/blogger.googleusercontent.com\/img\/b\/R29vZ2xl\/AVvXsEgy5RdcfffrnrItnYTcV9bCJjgJwldsQLWssfVfrLbyfXeBNTFKgBf0rMIvhrUaGUhiXzVr9_eQgCbi-j63ZDpfTvLIty9w7s140y-m1yHe7eKmEK7v2NAHUJDVYGdfeiQFeRCqUjdwWmN1MX_AUxxz4IVdJ4WIM0APxit8bjWkXzrnEFGqBvW_1F13H1g\/s1600\/logo-principal5.jpg\" width=\"100%\" height=\"100\" \/><\/a><!--bestpublic-voz04--><!--desk-in-out-voz04--><br \/>\n<!--publicidad-voz05--><a href=\"https:\/\/www.facebook.com\/asociaciontamborileroshellin?locale=es_ES\"><img decoding=\"async\" class=\"alignnone size-medium\" src=\"https:\/\/blogger.googleusercontent.com\/img\/b\/R29vZ2xl\/AVvXsEhHEEpZsKK1VpwiYMrS7aE2ujtqIDZoLd4B5wtbiseSU9s2HdTdQfhF84So2XwEB1fv0BLw95GADm6hUl1bkKtzh-eIgVigXONuu_5RxeIMPhjk8q6uNX4EaEHbooKkbu7pCADWPpVJjhKIH5NQSJpWqedC-YBez4QAQeJYokkLot9bhrIaUAeztsGis6M\/s1600\/logo-principal3.jpg\" width=\"100%\" height=\"100\" \/><\/a><!--bestpublic-voz05--><!--desk-in-out-voz05--><br \/>\n<!--publicidad-voz06--><!--bestpublic-voz06--><!--desk-in-out-voz06--><br \/>\n<!--publicidad-voz07--><!--bestpublic-voz07--><!--desk-in-out-voz07--><br \/>\n<!--publicidad-voz08--><!--bestpublic-voz08--><!--desk-in-out-voz08--><br \/>\n<!--publicidad-voz09--><!--bestpublic-voz09--><!--desk-in-out-voz09--><br \/>\n<!--publicidad-voz10--><!--bestpublic-voz10--><!--desk-in-out-voz10--><br \/>\n<!--publicidad-voz11--><!--bestpublic-voz11--><!--desk-in-out-voz11--><br \/>\n<!--publicidad-voz12--><!--bestpublic-voz12--><!--desk-in-out-voz12--><br \/>\n<!--publicidad-voz13--><!--bestpublic-voz13--><!--desk-in-out-voz13--><br \/>\n<!--publicidad-voz14--><!--bestpublic-voz14--><!--desk-in-out-voz14--><br \/>\n<!--publicidad-voz15--><!--bestpublic-voz15--><!--desk-in-out-voz15--><br \/>\n<!--publicidad-voz16--><!--bestpublic-voz16--><!--desk-in-out-voz16--><\/p>\n","protected":false},"excerpt":{"rendered":"<p>Apenas un mes despu\u00e9s de la entrada en vigor de los Presupuestos de la Diputaci\u00f3n de Albacete para 2024, el presidente, Santi Caba\u00f1ero, ha visitado el Ayuntamiento de Hell\u00edn acompa\u00f1ado&#8230;<\/p>\n","protected":false},"author":2,"featured_media":147560,"comment_status":"closed","ping_status":"closed","sticky":false,"template":"","format":"standard","meta":{"footnotes":""},"categories":[752,718,715,716,717],"tags":[],"class_list":["post-147559","post","type-post","status-publish","format-standard","has-post-thumbnail","hentry","category-blog-lv033","category-blogger","category-la-voz-de-hellin","category-la-voz-de-hellin-la-voz-de-hellin","category-noticias"],"_links":{"self":[{"href":"https:\/\/lavozdehellin.com\/noticias\/wp-json\/wp\/v2\/posts\/147559","targetHints":{"allow":["GET"]}}],"collection":[{"href":"https:\/\/lavozdehellin.com\/noticias\/wp-json\/wp\/v2\/posts"}],"about":[{"href":"https:\/\/lavozdehellin.com\/noticias\/wp-json\/wp\/v2\/types\/post"}],"author":[{"embeddable":true,"href":"https:\/\/lavozdehellin.com\/noticias\/wp-json\/wp\/v2\/users\/2"}],"replies":[{"embeddable":true,"href":"https:\/\/lavozdehellin.com\/noticias\/wp-json\/wp\/v2\/comments?post=147559"}],"version-history":[{"count":0,"href":"https:\/\/lavozdehellin.com\/noticias\/wp-json\/wp\/v2\/posts\/147559\/revisions"}],"wp:featuredmedia":[{"embeddable":true,"href":"https:\/\/lavozdehellin.com\/noticias\/wp-json\/wp\/v2\/media\/147560"}],"wp:attachment":[{"href":"https:\/\/lavozdehellin.com\/noticias\/wp-json\/wp\/v2\/media?parent=147559"}],"wp:term":[{"taxonomy":"category","embeddable":true,"href":"https:\/\/lavozdehellin.com\/noticias\/wp-json\/wp\/v2\/categories?post=147559"},{"taxonomy":"post_tag","embeddable":true,"href":"https:\/\/lavozdehellin.com\/noticias\/wp-json\/wp\/v2\/tags?post=147559"}],"curies":[{"name":"wp","href":"https:\/\/api.w.org\/{rel}","templated":true}]}}