{"id":147562,"date":"2024-02-19T08:32:26","date_gmt":"2024-02-19T08:32:26","guid":{"rendered":"https:\/\/lavozdehellin.com\/noticias\/?p=147562"},"modified":"2024-02-21T09:42:07","modified_gmt":"2024-02-21T09:42:07","slug":"v08-078-la-exposicion-lo-eclectico-del-pintor-albaceteno-jose-callado-se-expone-en-el-centro-cultural-la-asuncion-de-albacete-del-22-de-febrero-al-23-de-mazro-de-2024","status":"publish","type":"post","link":"https:\/\/lavozdehellin.com\/noticias\/v08-078-la-exposicion-lo-eclectico-del-pintor-albaceteno-jose-callado-se-expone-en-el-centro-cultural-la-asuncion-de-albacete-del-22-de-febrero-al-23-de-mazro-de-2024\/","title":{"rendered":"LVH NOTICIAS | LA EXPOSICI\u00d3N \u2018LO ECL\u00c9CTICO\u2019, DEL PINTOR ALBACETE\u00d1O JOS\u00c9 CALLADO, SE EXPONE EN EL CENTRO CULTURAL LA ASUNCI\u00d3N DE ALBACETE, DEL 22 DE FEBRERO AL 23 DE MAZRO DE 2024"},"content":{"rendered":"<p style=\"text-align: justify;\">El pintor albacete\u00f1o Jos\u00e9 Callado presenta, en el centro cultural La Asunci\u00f3n, su exposici\u00f3n \u201cLo ecl\u00e9ctico\u201d, una colecci\u00f3n que hace un recorrido desde sus comienzos pict\u00f3ricos, hasta los m\u00e1s actuales trabajos.<\/p>\n<p><!--more--><br \/>\n<!--publicidad-voz01--><a href=\"https:\/\/www.facebook.com\/SoloRadioHellin\/?locale=es_ES\"><img decoding=\"async\" class=\"alignnone size-medium\" src=\"https:\/\/blogger.googleusercontent.com\/img\/b\/R29vZ2xl\/AVvXsEiNncirNnyGedv00mhjZjh5Wl4_YPdJGanoAl8tL8zH-HwqE8uHqjEfSt340RHdx-9tuCSIkZ8rFamZiGyYlgDGxCsmXjCH_1xk5eYM3ntFZRvJP_jndOKR7w1UAo9Tu0vrZyOLfqRpHIxYI5SymJJ-pfGCQw6QVpggBH-UgfjiFQ2JOxqxG0Jx94kW83c\/s1600\/logo-principal.jpg\" width=\"100%\" height=\"100\" \/><\/a><!--bestpublic-voz01--><!--desk-in-out-voz01--><br \/>\n<!--publicidad-voz02--><a href=\"https:\/\/www.hellincf.com\/\"><img decoding=\"async\" class=\"alignnone size-medium\" src=\"https:\/\/blogger.googleusercontent.com\/img\/b\/R29vZ2xl\/AVvXsEhuZ4-XfBVj3UtdP8-RZugy3WVrg-Zv28c53m4oV47qYCxL1rX_dqWX_YddsGSnpH5SRDqZ7bZeKPIfDVCDncpjVlhy3aQs2vojcJBn7Gdv9hC2_Nzct_pRFrnFE1a7KTCdY1bT_kAgnY3-iadRZrGeJf1fR2P5fu11bokx0pWjaypoy-ctwCjklldpEbA\/s1600\/logo-principal7.jpg\" width=\"100%\" height=\"100\" \/><\/a><!--bestpublic-voz02--><!--desk-in-out-voz02--><\/p>\n<p style=\"text-align: justify;\">La colecci\u00f3n, compuesta por un total de 58 obras, la mayor\u00eda de un espectacular gran formato, describen la progresi\u00f3n del artista, que muestra su evoluci\u00f3n desde sus comienzos en la pintura art\u00edstica hasta los trabajos actuales.<\/p>\n<p style=\"text-align: justify;\">La obra de Jos\u00e9 Callado no lo representa en su contenido, sino en su forma de expresi\u00f3n, siempre marcando su sello personal, creando escenas desde la mancha, en su doble vertiente y significado, tanto desde d\u00f3nde los compone, como en qu\u00e9 la convierte, denominado por el propio Jos\u00e9 como \u2018expresionirmo org\u00e1nico\u2019.<\/p>\n<p style=\"text-align: justify;\">La visi\u00f3n plural del artista describe la naturaleza como un ente, un Dios, llegando a descontextualizar los paisajes del color, dej\u00e1ndolos desnudos, en su forma m\u00e1s pura.<\/p>\n<p style=\"text-align: justify;\">Su inquietud art\u00edstica lo mantiene en una continua investigaci\u00f3n con nuevas formas de ver la pintura, hasta un coqueteo con la \u2018cocina de los l\u00edquidos\u2019.<\/p>\n<p style=\"text-align: justify;\">Jos\u00e9 callado nace en Albacete en el a\u00f1o 1974, y es a los tempranos 19 a\u00f1os cuando realiza su primera exposici\u00f3n en la Delegaci\u00f3n de Cultura de su ciudad natal, para en el transcurso de su rodaje llegar a exponer en museos de la talla del Chillida Leku o el Louvre, la Fundaci\u00f3n Antonio P\u00e9rez, o el Museo de Albacete, entre muchas otras.<br \/>\nSu obra ha recorrido las mejores salas de varios continentes, pero sobre todo ha sido en Europa donde m\u00e1s reconocimiento ha recibido.<\/p>\n<p><!--publicidad-voz03--><a href=\"https:\/\/www.facebook.com\/profile.php?id=100063593791305&amp;locale=es_ES\"><img decoding=\"async\" class=\"alignnone size-medium\" src=\"https:\/\/blogger.googleusercontent.com\/img\/b\/R29vZ2xl\/AVvXsEi8_n_ll8UOcGxCqzFvb_9Io4ICczlGC990BPtPj2w9Px-u7B3oqWUW5vtjZUqPNJ-nyjiUIorE0ATsib_l5tV8BVN-UJ03RTnU__IHJF_4DgDBtY4LIqXNG-FomrO-7ywes20CBCRM2Hcm7EJSh3UUw1dO-c_uTflUrtgY1i7uBRezj_DpympmEFkfbQY\/s1600\/logo-principal2.jpg\" width=\"100%\" height=\"100\" \/><\/a><!--bestpublic-voz03--><!--desk-in-out-voz03--><br \/>\n<!--publicidad-voz04--><a href=\"https:\/\/www.facebook.com\/profile.php?id=61557370768692&amp;locale=es_ES\"><img decoding=\"async\" class=\"alignnone size-medium\" src=\"https:\/\/blogger.googleusercontent.com\/img\/b\/R29vZ2xl\/AVvXsEgy5RdcfffrnrItnYTcV9bCJjgJwldsQLWssfVfrLbyfXeBNTFKgBf0rMIvhrUaGUhiXzVr9_eQgCbi-j63ZDpfTvLIty9w7s140y-m1yHe7eKmEK7v2NAHUJDVYGdfeiQFeRCqUjdwWmN1MX_AUxxz4IVdJ4WIM0APxit8bjWkXzrnEFGqBvW_1F13H1g\/s1600\/logo-principal5.jpg\" width=\"100%\" height=\"100\" \/><\/a><!--bestpublic-voz04--><!--desk-in-out-voz04--><br \/>\n<!--publicidad-voz05--><a href=\"https:\/\/www.facebook.com\/asociaciontamborileroshellin?locale=es_ES\"><img decoding=\"async\" class=\"alignnone size-medium\" src=\"https:\/\/blogger.googleusercontent.com\/img\/b\/R29vZ2xl\/AVvXsEhHEEpZsKK1VpwiYMrS7aE2ujtqIDZoLd4B5wtbiseSU9s2HdTdQfhF84So2XwEB1fv0BLw95GADm6hUl1bkKtzh-eIgVigXONuu_5RxeIMPhjk8q6uNX4EaEHbooKkbu7pCADWPpVJjhKIH5NQSJpWqedC-YBez4QAQeJYokkLot9bhrIaUAeztsGis6M\/s1600\/logo-principal3.jpg\" width=\"100%\" height=\"100\" \/><\/a><!--bestpublic-voz05--><!--desk-in-out-voz05--><br \/>\n<!--publicidad-voz06--><!--bestpublic-voz06--><!--desk-in-out-voz06--><br \/>\n<!--publicidad-voz07--><!--bestpublic-voz07--><!--desk-in-out-voz07--><br \/>\n<!--publicidad-voz08--><!--bestpublic-voz08--><!--desk-in-out-voz08--><br \/>\n<!--publicidad-voz09--><!--bestpublic-voz09--><!--desk-in-out-voz09--><br \/>\n<!--publicidad-voz10--><!--bestpublic-voz10--><!--desk-in-out-voz10--><br \/>\n<!--publicidad-voz11--><!--bestpublic-voz11--><!--desk-in-out-voz11--><br \/>\n<!--publicidad-voz12--><!--bestpublic-voz12--><!--desk-in-out-voz12--><br \/>\n<!--publicidad-voz13--><!--bestpublic-voz13--><!--desk-in-out-voz13--><br \/>\n<!--publicidad-voz14--><!--bestpublic-voz14--><!--desk-in-out-voz14--><br \/>\n<!--publicidad-voz15--><!--bestpublic-voz15--><!--desk-in-out-voz15--><br \/>\n<!--publicidad-voz16--><!--bestpublic-voz16--><!--desk-in-out-voz16--><\/p>\n","protected":false},"excerpt":{"rendered":"<p>El pintor albacete\u00f1o Jos\u00e9 Callado presenta, en el centro cultural La Asunci\u00f3n, su exposici\u00f3n \u201cLo ecl\u00e9ctico\u201d, una colecci\u00f3n que hace un recorrido desde sus comienzos pict\u00f3ricos, hasta los m\u00e1s actuales&#8230;<\/p>\n","protected":false},"author":2,"featured_media":147563,"comment_status":"closed","ping_status":"closed","sticky":false,"template":"","format":"standard","meta":{"footnotes":""},"categories":[752,718,715,716,717],"tags":[],"class_list":["post-147562","post","type-post","status-publish","format-standard","has-post-thumbnail","hentry","category-blog-lv033","category-blogger","category-la-voz-de-hellin","category-la-voz-de-hellin-la-voz-de-hellin","category-noticias"],"_links":{"self":[{"href":"https:\/\/lavozdehellin.com\/noticias\/wp-json\/wp\/v2\/posts\/147562","targetHints":{"allow":["GET"]}}],"collection":[{"href":"https:\/\/lavozdehellin.com\/noticias\/wp-json\/wp\/v2\/posts"}],"about":[{"href":"https:\/\/lavozdehellin.com\/noticias\/wp-json\/wp\/v2\/types\/post"}],"author":[{"embeddable":true,"href":"https:\/\/lavozdehellin.com\/noticias\/wp-json\/wp\/v2\/users\/2"}],"replies":[{"embeddable":true,"href":"https:\/\/lavozdehellin.com\/noticias\/wp-json\/wp\/v2\/comments?post=147562"}],"version-history":[{"count":0,"href":"https:\/\/lavozdehellin.com\/noticias\/wp-json\/wp\/v2\/posts\/147562\/revisions"}],"wp:featuredmedia":[{"embeddable":true,"href":"https:\/\/lavozdehellin.com\/noticias\/wp-json\/wp\/v2\/media\/147563"}],"wp:attachment":[{"href":"https:\/\/lavozdehellin.com\/noticias\/wp-json\/wp\/v2\/media?parent=147562"}],"wp:term":[{"taxonomy":"category","embeddable":true,"href":"https:\/\/lavozdehellin.com\/noticias\/wp-json\/wp\/v2\/categories?post=147562"},{"taxonomy":"post_tag","embeddable":true,"href":"https:\/\/lavozdehellin.com\/noticias\/wp-json\/wp\/v2\/tags?post=147562"}],"curies":[{"name":"wp","href":"https:\/\/api.w.org\/{rel}","templated":true}]}}