{"id":147565,"date":"2024-02-18T10:56:00","date_gmt":"2024-02-18T10:56:00","guid":{"rendered":"https:\/\/lavozdehellin.com\/noticias\/?p=147565"},"modified":"2024-02-21T09:42:07","modified_gmt":"2024-02-21T09:42:07","slug":"v08-077-la-diputacion-de-albacete-pone-a-disposicion-de-los-ayuntamientos-de-la-provincia-1-500-000-e-para-el-arreglo-de-caminos-rurales-municipales","status":"publish","type":"post","link":"https:\/\/lavozdehellin.com\/noticias\/v08-077-la-diputacion-de-albacete-pone-a-disposicion-de-los-ayuntamientos-de-la-provincia-1-500-000-e-para-el-arreglo-de-caminos-rurales-municipales\/","title":{"rendered":"LVH NOTICIAS | LA DIPUTACI\u00d3N DE ALBACETE PONE A DISPOSICI\u00d3N DE LOS AYUNTAMIENTOS DE LA PROVINCIA 1.500.000 \u20ac PARA EL ARREGLO DE CAMINOS RURALES MUNICIPALES"},"content":{"rendered":"<p style=\"text-align: justify;\">La Diputaci\u00f3n de Albacete ha puesto en marcha su Convocatoria de Ayudas para que los Ayuntamientos puedan mejorar, conservar, reparar, mantener y acondicionar caminos rurales de su titularidad y, tras su publicaci\u00f3n este lunes en el BOP, se podr\u00e1 solicitar desde el 20 de febrero hasta el 10 de marzo (20 d\u00edas naturales), contando con una partida de 1.500.000 \u20ac.<\/p>\n<p><!--more--><br \/>\n<!--publicidad-voz01--><a href=\"https:\/\/www.facebook.com\/SoloRadioHellin\/?locale=es_ES\"><img decoding=\"async\" class=\"alignnone size-medium\" src=\"https:\/\/blogger.googleusercontent.com\/img\/b\/R29vZ2xl\/AVvXsEiNncirNnyGedv00mhjZjh5Wl4_YPdJGanoAl8tL8zH-HwqE8uHqjEfSt340RHdx-9tuCSIkZ8rFamZiGyYlgDGxCsmXjCH_1xk5eYM3ntFZRvJP_jndOKR7w1UAo9Tu0vrZyOLfqRpHIxYI5SymJJ-pfGCQw6QVpggBH-UgfjiFQ2JOxqxG0Jx94kW83c\/s1600\/logo-principal.jpg\" width=\"100%\" height=\"100\" \/><\/a><!--bestpublic-voz01--><!--desk-in-out-voz01--><br \/>\n<!--publicidad-voz02--><a href=\"https:\/\/www.hellincf.com\/\"><img decoding=\"async\" class=\"alignnone size-medium\" src=\"https:\/\/blogger.googleusercontent.com\/img\/b\/R29vZ2xl\/AVvXsEhuZ4-XfBVj3UtdP8-RZugy3WVrg-Zv28c53m4oV47qYCxL1rX_dqWX_YddsGSnpH5SRDqZ7bZeKPIfDVCDncpjVlhy3aQs2vojcJBn7Gdv9hC2_Nzct_pRFrnFE1a7KTCdY1bT_kAgnY3-iadRZrGeJf1fR2P5fu11bokx0pWjaypoy-ctwCjklldpEbA\/s1600\/logo-principal7.jpg\" width=\"100%\" height=\"100\" \/><\/a><!--bestpublic-voz02--><!--desk-in-out-voz02--><\/p>\n<p style=\"text-align: justify;\">As\u00ed lo ha anunciado el presidente provincial, Santi Caba\u00f1ero, durante su visita a Casas Ib\u00e1\u00f1ez junto a la diputada de ATM, Llanos S\u00e1nchez, y a su alcalde, Jos\u00e9 Mar\u00eda Garc\u00eda, donde ha comprobado el resultado de las actuaciones realizadas en el Camino Cerro San Jorge con cargo a esta mismo programa en su pasada edici\u00f3n.<\/p>\n<p style=\"text-align: justify;\">Un recorrido en el que se ha mejorado el trazado con una nueva capa de rodadura de zahorra y se han arreglado y perfilado las cunetas, actuando en una superficie superior a los 19.000 metros cuadrados con una longitud de unos 5,5 km. Lo que ha supuesto una inversi\u00f3n cercana a los 21.000 \u20ac, de los que la Diputaci\u00f3n aport\u00f3 17.000 \u20ac.<\/p>\n<p style=\"text-align: justify;\">Desde este escenario, ejemplo de los beneficios y los buenos resultados de esta Convocatoria, el presidente provincial ha explicado los detalles de esta nueva edici\u00f3n, en la que cada Consistorio y Entidad Local Menor puede recibir un m\u00e1ximo de 17.000 \u20ac, aportando un porcentaje de cofinanciaci\u00f3n basado en el n\u00famero de habitantes de sus respectivas localidades. Una medida que sigue la apuesta decidida que el Equipo de Gobierno provincial viene realizando por esa \u2018discriminaci\u00f3n positiva\u2019 en el reparto, desde el convencimiento de que quienes menos recursos tienen (generalmente, los municipios con menos habitantes), deben ser los que menos aporten. Una cofinanciaci\u00f3n que oscila entre el 5% en aquellos territorios con menos de 1.000 vecinos y vecinas y el 50% en aquellos otros con m\u00e1s de 50.000.<\/p>\n<p style=\"text-align: justify;\">Las solicitudes se deber\u00e1n realizar cumplimentando el formulario electr\u00f3nico disponible en la p\u00e1gina web de la Diputaci\u00f3n de Albacete (www.dipualba.es) en el apartado \u2018Subvenciones\u2019. Siendo estas ayudas compatibles con cualquier otra que pudieran obtener los ayuntamientos para la misma finalidad y que se deriven de otros programas de cualquier administraci\u00f3n p\u00fablica, y el plazo m\u00e1ximo de justificaci\u00f3n finaliza el pr\u00f3ximo 30 de noviembre de 2024.<\/p>\n<p style=\"text-align: justify;\">Caba\u00f1ero subraya que el arreglo de estos caminos rurales, adem\u00e1s de mejorar las \u2018intracomunicaciones\u2019, favorece el desarrollo de actividades como la agricultura o la ganader\u00eda<\/p>\n<p style=\"text-align: justify;\">En este sentido, Caba\u00f1ero ha subrayado la relevancia de esta Convocatoria, advirtiendo que estas inversiones son muy importantes para la Diputaci\u00f3n porque \u201crevierten en el territorio y en el d\u00eda a d\u00eda de sus vecinos y vecinas\u201d, al tiempo que facilitan la gesti\u00f3n de los Ayuntamientos que encuentran en estas ayudas un apoyo real y efectivo para actuar en caminos que son competencia municipal, y en su mayor\u00eda son de tierra o est\u00e1n cubiertos con diversos materiales granulares en los que se dan deterioros y deficiencias estructurales debido a la erosi\u00f3n originada por las aguas de escorrent\u00eda y el propio uso.<\/p>\n<p style=\"text-align: justify;\">Asimismo, el presidente provincial ha se\u00f1alado que estas v\u00edas rurales, adem\u00e1s de jugar un papel crucial en las \u2018intracomuniaciones\u2019 entre localidades y de \u00e9stas con sus n\u00facleos de poblaci\u00f3n, son imprescindibles para el \u00f3ptimo desarrollo de actividades econ\u00f3micas vitales para el presente y el futuro de nuestro territorio, como lo son la agricultura, la ganader\u00eda y la industria agroalimentaria, incidiendo en que apostar por su arreglo y acondicionamiento es hacerlo tambi\u00e9n por el progreso de estos sectores con los que la Diputaci\u00f3n est\u00e1 firmemente comprometida.<\/p>\n<p style=\"text-align: justify;\">Igualmente, Caba\u00f1ero ha indicado que estas actuaciones tambi\u00e9n favorecen la vertebraci\u00f3n territorial y, por supuesto, la seguridad vial, facilitando el tr\u00e1nsito rodado y peatonal, y ha dejado claro que la instituci\u00f3n provincial trabaja con convicci\u00f3n para avanzar en cada una de estas cuestiones con el objetivo de apoyar a los Ayuntamientos, impulsar le desarrollo de la provincia y mejorar las condiciones de vida de quienes la habitan.<\/p>\n<p><!--publicidad-voz03--><a href=\"https:\/\/www.facebook.com\/profile.php?id=100063593791305&amp;locale=es_ES\"><img decoding=\"async\" class=\"alignnone size-medium\" src=\"https:\/\/blogger.googleusercontent.com\/img\/b\/R29vZ2xl\/AVvXsEi8_n_ll8UOcGxCqzFvb_9Io4ICczlGC990BPtPj2w9Px-u7B3oqWUW5vtjZUqPNJ-nyjiUIorE0ATsib_l5tV8BVN-UJ03RTnU__IHJF_4DgDBtY4LIqXNG-FomrO-7ywes20CBCRM2Hcm7EJSh3UUw1dO-c_uTflUrtgY1i7uBRezj_DpympmEFkfbQY\/s1600\/logo-principal2.jpg\" width=\"100%\" height=\"100\" \/><\/a><!--bestpublic-voz03--><!--desk-in-out-voz03--><br \/>\n<!--publicidad-voz04--><a href=\"https:\/\/www.facebook.com\/profile.php?id=61557370768692&amp;locale=es_ES\"><img decoding=\"async\" class=\"alignnone size-medium\" src=\"https:\/\/blogger.googleusercontent.com\/img\/b\/R29vZ2xl\/AVvXsEgy5RdcfffrnrItnYTcV9bCJjgJwldsQLWssfVfrLbyfXeBNTFKgBf0rMIvhrUaGUhiXzVr9_eQgCbi-j63ZDpfTvLIty9w7s140y-m1yHe7eKmEK7v2NAHUJDVYGdfeiQFeRCqUjdwWmN1MX_AUxxz4IVdJ4WIM0APxit8bjWkXzrnEFGqBvW_1F13H1g\/s1600\/logo-principal5.jpg\" width=\"100%\" height=\"100\" \/><\/a><!--bestpublic-voz04--><!--desk-in-out-voz04--><br \/>\n<!--publicidad-voz05--><a href=\"https:\/\/www.facebook.com\/asociaciontamborileroshellin?locale=es_ES\"><img decoding=\"async\" class=\"alignnone size-medium\" src=\"https:\/\/blogger.googleusercontent.com\/img\/b\/R29vZ2xl\/AVvXsEhHEEpZsKK1VpwiYMrS7aE2ujtqIDZoLd4B5wtbiseSU9s2HdTdQfhF84So2XwEB1fv0BLw95GADm6hUl1bkKtzh-eIgVigXONuu_5RxeIMPhjk8q6uNX4EaEHbooKkbu7pCADWPpVJjhKIH5NQSJpWqedC-YBez4QAQeJYokkLot9bhrIaUAeztsGis6M\/s1600\/logo-principal3.jpg\" width=\"100%\" height=\"100\" \/><\/a><!--bestpublic-voz05--><!--desk-in-out-voz05--><br \/>\n<!--publicidad-voz06--><!--bestpublic-voz06--><!--desk-in-out-voz06--><br \/>\n<!--publicidad-voz07--><!--bestpublic-voz07--><!--desk-in-out-voz07--><br \/>\n<!--publicidad-voz08--><!--bestpublic-voz08--><!--desk-in-out-voz08--><br \/>\n<!--publicidad-voz09--><!--bestpublic-voz09--><!--desk-in-out-voz09--><br \/>\n<!--publicidad-voz10--><!--bestpublic-voz10--><!--desk-in-out-voz10--><br \/>\n<!--publicidad-voz11--><!--bestpublic-voz11--><!--desk-in-out-voz11--><br \/>\n<!--publicidad-voz12--><!--bestpublic-voz12--><!--desk-in-out-voz12--><br \/>\n<!--publicidad-voz13--><!--bestpublic-voz13--><!--desk-in-out-voz13--><br \/>\n<!--publicidad-voz14--><!--bestpublic-voz14--><!--desk-in-out-voz14--><br \/>\n<!--publicidad-voz15--><!--bestpublic-voz15--><!--desk-in-out-voz15--><br \/>\n<!--publicidad-voz16--><!--bestpublic-voz16--><!--desk-in-out-voz16--><\/p>\n","protected":false},"excerpt":{"rendered":"<p>La Diputaci\u00f3n de Albacete ha puesto en marcha su Convocatoria de Ayudas para que los Ayuntamientos puedan mejorar, conservar, reparar, mantener y acondicionar caminos rurales de su titularidad y, tras&#8230;<\/p>\n","protected":false},"author":2,"featured_media":147566,"comment_status":"closed","ping_status":"closed","sticky":false,"template":"","format":"standard","meta":{"footnotes":""},"categories":[752,718,715,716,717],"tags":[],"class_list":["post-147565","post","type-post","status-publish","format-standard","has-post-thumbnail","hentry","category-blog-lv033","category-blogger","category-la-voz-de-hellin","category-la-voz-de-hellin-la-voz-de-hellin","category-noticias"],"_links":{"self":[{"href":"https:\/\/lavozdehellin.com\/noticias\/wp-json\/wp\/v2\/posts\/147565","targetHints":{"allow":["GET"]}}],"collection":[{"href":"https:\/\/lavozdehellin.com\/noticias\/wp-json\/wp\/v2\/posts"}],"about":[{"href":"https:\/\/lavozdehellin.com\/noticias\/wp-json\/wp\/v2\/types\/post"}],"author":[{"embeddable":true,"href":"https:\/\/lavozdehellin.com\/noticias\/wp-json\/wp\/v2\/users\/2"}],"replies":[{"embeddable":true,"href":"https:\/\/lavozdehellin.com\/noticias\/wp-json\/wp\/v2\/comments?post=147565"}],"version-history":[{"count":0,"href":"https:\/\/lavozdehellin.com\/noticias\/wp-json\/wp\/v2\/posts\/147565\/revisions"}],"wp:featuredmedia":[{"embeddable":true,"href":"https:\/\/lavozdehellin.com\/noticias\/wp-json\/wp\/v2\/media\/147566"}],"wp:attachment":[{"href":"https:\/\/lavozdehellin.com\/noticias\/wp-json\/wp\/v2\/media?parent=147565"}],"wp:term":[{"taxonomy":"category","embeddable":true,"href":"https:\/\/lavozdehellin.com\/noticias\/wp-json\/wp\/v2\/categories?post=147565"},{"taxonomy":"post_tag","embeddable":true,"href":"https:\/\/lavozdehellin.com\/noticias\/wp-json\/wp\/v2\/tags?post=147565"}],"curies":[{"name":"wp","href":"https:\/\/api.w.org\/{rel}","templated":true}]}}