{"id":147568,"date":"2024-02-17T18:44:37","date_gmt":"2024-02-17T18:44:37","guid":{"rendered":"https:\/\/lavozdehellin.com\/noticias\/?p=147568"},"modified":"2024-02-21T09:42:07","modified_gmt":"2024-02-21T09:42:07","slug":"v08-076-la-asociacion-cultural-albacete-en-madrid-con-el-apoyo-de-la-diputacion-impulsa-un-programa-de-coloquios-protagonizado-por-personalidades-albacetenses","status":"publish","type":"post","link":"https:\/\/lavozdehellin.com\/noticias\/v08-076-la-asociacion-cultural-albacete-en-madrid-con-el-apoyo-de-la-diputacion-impulsa-un-programa-de-coloquios-protagonizado-por-personalidades-albacetenses\/","title":{"rendered":"LVH NOTICIAS | LA ASOCIACI\u00d3N CULTURAL ALBACETE EN MADRID CON EL APOYO DE LA DIPUTACI\u00d3N IMPULSA UN PROGRAMA DE COLOQUIOS PROTAGONIZADO POR PERSONALIDADES ALBACETENSES"},"content":{"rendered":"<p style=\"text-align: justify;\">Con el objetivo de potenciar y dar a conocer el talento y el capital humano que atesora esta provincia, la Asociaci\u00f3n Cultural Albacete en Madrid con la colaboraci\u00f3n de la Diputaci\u00f3n de Albacete ha puesto en marcha un nuevo proyecto, que estar\u00e1 protagonizado por destacados personajes de la di\u00e1spora paisana en la capital de Espa\u00f1a.<\/p>\n<p><!--more--><br \/>\n<!--publicidad-voz01--><a href=\"https:\/\/www.facebook.com\/SoloRadioHellin\/?locale=es_ES\"><img decoding=\"async\" class=\"alignnone size-medium\" src=\"https:\/\/blogger.googleusercontent.com\/img\/b\/R29vZ2xl\/AVvXsEiNncirNnyGedv00mhjZjh5Wl4_YPdJGanoAl8tL8zH-HwqE8uHqjEfSt340RHdx-9tuCSIkZ8rFamZiGyYlgDGxCsmXjCH_1xk5eYM3ntFZRvJP_jndOKR7w1UAo9Tu0vrZyOLfqRpHIxYI5SymJJ-pfGCQw6QVpggBH-UgfjiFQ2JOxqxG0Jx94kW83c\/s1600\/logo-principal.jpg\" width=\"100%\" height=\"100\" \/><\/a><!--bestpublic-voz01--><!--desk-in-out-voz01--><br \/>\n<!--publicidad-voz02--><a href=\"https:\/\/www.hellincf.com\/\"><img decoding=\"async\" class=\"alignnone size-medium\" src=\"https:\/\/blogger.googleusercontent.com\/img\/b\/R29vZ2xl\/AVvXsEhuZ4-XfBVj3UtdP8-RZugy3WVrg-Zv28c53m4oV47qYCxL1rX_dqWX_YddsGSnpH5SRDqZ7bZeKPIfDVCDncpjVlhy3aQs2vojcJBn7Gdv9hC2_Nzct_pRFrnFE1a7KTCdY1bT_kAgnY3-iadRZrGeJf1fR2P5fu11bokx0pWjaypoy-ctwCjklldpEbA\/s1600\/logo-principal7.jpg\" width=\"100%\" height=\"100\" \/><\/a><!--bestpublic-voz02--><!--desk-in-out-voz02--><\/p>\n<p style=\"text-align: justify;\">Se trata de un programa de coloquios que se celebrar\u00e1 mensualmente en el Sal\u00f3n de Actos de la instituci\u00f3n provincial, comenzando el pr\u00f3ximo s\u00e1bado 23 de febrero (a las 12.30 horas) y prolong\u00e1ndose hasta el mes de julio.<\/p>\n<p style=\"text-align: justify;\">El neum\u00f3logo, investigador y profesor, Pedro Landete Rodr\u00edguez, tambi\u00e9n subdirector del Hospital de la Princesa de Madrid, inaugurar\u00e1 estas jornadas. Se trata de una reconocida figura en el \u00e1mbito cient\u00edfico, especializado en la Covid.<\/p>\n<p style=\"text-align: justify;\">As\u00ed, a lo largo de los pr\u00f3ximos meses se invitar\u00e1 a formar parte de este proyecto a otros distinguidos paisanos y paisanas de la di\u00e1spora. Todos ellos y ellas ejercientes de \u2018albacete\u00f1ismo\u2019 que, con enormes m\u00e9ritos profesionales, no son conocidos ni medi\u00e1ticos, y el objetivo de esta actividad es acercar sus trayectorias, sus logros y su talento a la ciudadan\u00eda de esta provincia para que los conozca y reconozca.<\/p>\n<p style=\"text-align: justify;\">Esta iniciativa sigue la estela de los encuentros diarios que la asociaci\u00f3n cultural ha venido realizando en el stand de la Diputaci\u00f3n durante la Feria de Albacete. Citas distendidas en las que participan reconocidos albacetenses vinculados con el \u00e1mbito de la cultura, de la comunicaci\u00f3n, la ciencia\u2026, quienes interact\u00faan con el p\u00fablico en animadas charlas. En ellas ya han estado presentes, entre otros muchos (una media de 20 por edici\u00f3n), Joaqu\u00edn Reyes, Pedro Piqueras, Mar\u00eda Rozal\u00e9n, Elisa Belmonte, Karmento o Jos\u00e9 Herv\u00e1s.<\/p>\n<p><!--publicidad-voz03--><a href=\"https:\/\/www.facebook.com\/profile.php?id=100063593791305&amp;locale=es_ES\"><img decoding=\"async\" class=\"alignnone size-medium\" src=\"https:\/\/blogger.googleusercontent.com\/img\/b\/R29vZ2xl\/AVvXsEi8_n_ll8UOcGxCqzFvb_9Io4ICczlGC990BPtPj2w9Px-u7B3oqWUW5vtjZUqPNJ-nyjiUIorE0ATsib_l5tV8BVN-UJ03RTnU__IHJF_4DgDBtY4LIqXNG-FomrO-7ywes20CBCRM2Hcm7EJSh3UUw1dO-c_uTflUrtgY1i7uBRezj_DpympmEFkfbQY\/s1600\/logo-principal2.jpg\" width=\"100%\" height=\"100\" \/><\/a><!--bestpublic-voz03--><!--desk-in-out-voz03--><br \/>\n<!--publicidad-voz04--><a href=\"https:\/\/www.facebook.com\/profile.php?id=61557370768692&amp;locale=es_ES\"><img decoding=\"async\" class=\"alignnone size-medium\" src=\"https:\/\/blogger.googleusercontent.com\/img\/b\/R29vZ2xl\/AVvXsEgy5RdcfffrnrItnYTcV9bCJjgJwldsQLWssfVfrLbyfXeBNTFKgBf0rMIvhrUaGUhiXzVr9_eQgCbi-j63ZDpfTvLIty9w7s140y-m1yHe7eKmEK7v2NAHUJDVYGdfeiQFeRCqUjdwWmN1MX_AUxxz4IVdJ4WIM0APxit8bjWkXzrnEFGqBvW_1F13H1g\/s1600\/logo-principal5.jpg\" width=\"100%\" height=\"100\" \/><\/a><!--bestpublic-voz04--><!--desk-in-out-voz04--><br \/>\n<!--publicidad-voz05--><a href=\"https:\/\/www.facebook.com\/asociaciontamborileroshellin?locale=es_ES\"><img decoding=\"async\" class=\"alignnone size-medium\" src=\"https:\/\/blogger.googleusercontent.com\/img\/b\/R29vZ2xl\/AVvXsEhHEEpZsKK1VpwiYMrS7aE2ujtqIDZoLd4B5wtbiseSU9s2HdTdQfhF84So2XwEB1fv0BLw95GADm6hUl1bkKtzh-eIgVigXONuu_5RxeIMPhjk8q6uNX4EaEHbooKkbu7pCADWPpVJjhKIH5NQSJpWqedC-YBez4QAQeJYokkLot9bhrIaUAeztsGis6M\/s1600\/logo-principal3.jpg\" width=\"100%\" height=\"100\" \/><\/a><!--bestpublic-voz05--><!--desk-in-out-voz05--><br \/>\n<!--publicidad-voz06--><!--bestpublic-voz06--><!--desk-in-out-voz06--><br \/>\n<!--publicidad-voz07--><!--bestpublic-voz07--><!--desk-in-out-voz07--><br \/>\n<!--publicidad-voz08--><!--bestpublic-voz08--><!--desk-in-out-voz08--><br \/>\n<!--publicidad-voz09--><!--bestpublic-voz09--><!--desk-in-out-voz09--><br \/>\n<!--publicidad-voz10--><!--bestpublic-voz10--><!--desk-in-out-voz10--><br \/>\n<!--publicidad-voz11--><!--bestpublic-voz11--><!--desk-in-out-voz11--><br \/>\n<!--publicidad-voz12--><!--bestpublic-voz12--><!--desk-in-out-voz12--><br \/>\n<!--publicidad-voz13--><!--bestpublic-voz13--><!--desk-in-out-voz13--><br \/>\n<!--publicidad-voz14--><!--bestpublic-voz14--><!--desk-in-out-voz14--><br \/>\n<!--publicidad-voz15--><!--bestpublic-voz15--><!--desk-in-out-voz15--><br \/>\n<!--publicidad-voz16--><!--bestpublic-voz16--><!--desk-in-out-voz16--><\/p>\n","protected":false},"excerpt":{"rendered":"<p>Con el objetivo de potenciar y dar a conocer el talento y el capital humano que atesora esta provincia, la Asociaci\u00f3n Cultural Albacete en Madrid con la colaboraci\u00f3n de la&#8230;<\/p>\n","protected":false},"author":2,"featured_media":147570,"comment_status":"closed","ping_status":"closed","sticky":false,"template":"","format":"standard","meta":{"footnotes":""},"categories":[752,718,715,716,717],"tags":[],"class_list":["post-147568","post","type-post","status-publish","format-standard","has-post-thumbnail","hentry","category-blog-lv033","category-blogger","category-la-voz-de-hellin","category-la-voz-de-hellin-la-voz-de-hellin","category-noticias"],"_links":{"self":[{"href":"https:\/\/lavozdehellin.com\/noticias\/wp-json\/wp\/v2\/posts\/147568","targetHints":{"allow":["GET"]}}],"collection":[{"href":"https:\/\/lavozdehellin.com\/noticias\/wp-json\/wp\/v2\/posts"}],"about":[{"href":"https:\/\/lavozdehellin.com\/noticias\/wp-json\/wp\/v2\/types\/post"}],"author":[{"embeddable":true,"href":"https:\/\/lavozdehellin.com\/noticias\/wp-json\/wp\/v2\/users\/2"}],"replies":[{"embeddable":true,"href":"https:\/\/lavozdehellin.com\/noticias\/wp-json\/wp\/v2\/comments?post=147568"}],"version-history":[{"count":0,"href":"https:\/\/lavozdehellin.com\/noticias\/wp-json\/wp\/v2\/posts\/147568\/revisions"}],"wp:featuredmedia":[{"embeddable":true,"href":"https:\/\/lavozdehellin.com\/noticias\/wp-json\/wp\/v2\/media\/147570"}],"wp:attachment":[{"href":"https:\/\/lavozdehellin.com\/noticias\/wp-json\/wp\/v2\/media?parent=147568"}],"wp:term":[{"taxonomy":"category","embeddable":true,"href":"https:\/\/lavozdehellin.com\/noticias\/wp-json\/wp\/v2\/categories?post=147568"},{"taxonomy":"post_tag","embeddable":true,"href":"https:\/\/lavozdehellin.com\/noticias\/wp-json\/wp\/v2\/tags?post=147568"}],"curies":[{"name":"wp","href":"https:\/\/api.w.org\/{rel}","templated":true}]}}