{"id":147572,"date":"2024-02-17T14:24:50","date_gmt":"2024-02-17T14:24:50","guid":{"rendered":"https:\/\/lavozdehellin.com\/noticias\/?p=147572"},"modified":"2024-02-21T09:42:07","modified_gmt":"2024-02-21T09:42:07","slug":"v08-075-la-diputacion-de-albacete-se-suma-a-la-conmemoracion-del-dia-internacional-del-cancer-infantil-de-la-mano-de-afanion-y-los-guachis","status":"publish","type":"post","link":"https:\/\/lavozdehellin.com\/noticias\/v08-075-la-diputacion-de-albacete-se-suma-a-la-conmemoracion-del-dia-internacional-del-cancer-infantil-de-la-mano-de-afanion-y-los-guachis\/","title":{"rendered":"LVH NOTICIAS | LA DIPUTACI\u00d3N DE ALBACETE SE SUMA A LA CONMEMORACI\u00d3N DEL D\u00cdA INTERNACIONAL DEL C\u00c1NCER INFANTIL DE LA MANO DE AFANION Y LOS GUACHIS"},"content":{"rendered":"<p style=\"text-align: justify;\">Tras asistir este viernes al espect\u00e1culo de \u2018Los Guachis 10\u2019, el diputado provincial del \u00c1rea Social, Jos\u00e9 Gonz\u00e1lez, ha participado en los actos conmemorativos del D\u00eda Internacional del C\u00e1ncer Infantil de la mano de la Asociaci\u00f3n de Familias de Ni\u00f1os y Ni\u00f1as con C\u00e1ncer de Castilla-La Mancha (AFANION) bajo el lema \u2018La fuerza del lazo dorado. Por un mundo m\u00e1s justo\u2019.<\/p>\n<p><!--more--><br \/>\n<!--publicidad-voz01--><a href=\"https:\/\/www.facebook.com\/SoloRadioHellin\/?locale=es_ES\"><img decoding=\"async\" class=\"alignnone size-medium\" src=\"https:\/\/blogger.googleusercontent.com\/img\/b\/R29vZ2xl\/AVvXsEiNncirNnyGedv00mhjZjh5Wl4_YPdJGanoAl8tL8zH-HwqE8uHqjEfSt340RHdx-9tuCSIkZ8rFamZiGyYlgDGxCsmXjCH_1xk5eYM3ntFZRvJP_jndOKR7w1UAo9Tu0vrZyOLfqRpHIxYI5SymJJ-pfGCQw6QVpggBH-UgfjiFQ2JOxqxG0Jx94kW83c\/s1600\/logo-principal.jpg\" width=\"100%\" height=\"100\" \/><\/a><!--bestpublic-voz01--><!--desk-in-out-voz01--><br \/>\n<!--publicidad-voz02--><a href=\"https:\/\/www.hellincf.com\/\"><img decoding=\"async\" class=\"alignnone size-medium\" src=\"https:\/\/blogger.googleusercontent.com\/img\/b\/R29vZ2xl\/AVvXsEhuZ4-XfBVj3UtdP8-RZugy3WVrg-Zv28c53m4oV47qYCxL1rX_dqWX_YddsGSnpH5SRDqZ7bZeKPIfDVCDncpjVlhy3aQs2vojcJBn7Gdv9hC2_Nzct_pRFrnFE1a7KTCdY1bT_kAgnY3-iadRZrGeJf1fR2P5fu11bokx0pWjaypoy-ctwCjklldpEbA\/s1600\/logo-principal7.jpg\" width=\"100%\" height=\"100\" \/><\/a><!--bestpublic-voz02--><!--desk-in-out-voz02--><\/p>\n<p style=\"text-align: justify;\">Junto al presidente de esta organizaci\u00f3n, Juan Garc\u00eda, y arropando a sus familias, el responsable provincial, en nombre del presidente de la instituci\u00f3n albacetense, Santi Caba\u00f1ero, ha trasladado a esta entidad el apoyo de la Diputaci\u00f3n, as\u00ed como su cari\u00f1o y el compromiso de seguir sumando y acompa\u00f1ando a AFANION en cada iniciativa que pongan en marcha, como viene haciendo, por ejemplo, a trav\u00e9s de un convenio anual (por valor de 24.000 \u20ac) con el que colabora con los servicios y recursos que desde la asociaci\u00f3n prestan en la provincia, o mediante la edici\u00f3n de sus calendarios solidarios (2.500 este 2024).<\/p>\n<p style=\"text-align: justify;\">En este sentido, el diputado del \u00c1rea Social, que ha subrayado que \u201cla ciudad y la provincia est\u00e1n de su mano y nos tendr\u00e1n siempre\u201d, ha afirmado que jornadas como \u00e9sta permiten reconocer, reivindicar, sensibilizar y visibilizar en torno al C\u00e1ncer Infantil, y ha explicado que es necesario reconocer a labor que realiza esta asociaci\u00f3n de la mano de las instituciones y de la Sanidad p\u00fablica, \u201ccomo pilar del Estado del Bienestar\u201d, y tambi\u00e9n ha aludido al trabajo de los y las profesionales sanitarios, de las familias, del voluntariado\u2026<\/p>\n<p style=\"text-align: justify;\">Asimismo, Gonz\u00e1lez se ha sumado a las reivindicaciones de AFANION, se\u00f1alando la necesidad de consolidar los derechos de los y las pacientes con c\u00e1ncer infantil, de destinar m\u00e1s recursos a la investigaci\u00f3n y de avanzar en el diagn\u00f3stico precoz y en una mayor calidad de vida para estos ni\u00f1os, ni\u00f1as y adolescentes supervivientes, pero tambi\u00e9n ha puesto de relieve la importancia de los cuidados paliativos pedi\u00e1tricos, al tiempo que ha se\u00f1alado que estas conmemoraciones contribuyen a sensibilizar a la sociedad y a visibilizar esta enfermedad, as\u00ed como las necesidades de estos chicos y chicas y las de sus familias. Tareas en la que esta entidad juega un papel determinante, como ha puesto en valor Gonz\u00e1lez.<\/p>\n<p style=\"text-align: justify;\">De hecho, atiende a m\u00e1s de 300 familias en el conjunto de la regi\u00f3n, y su Servicio de Atenci\u00f3n a Secuelas (puesto en marcha en 2016) dio respuesta en 2023 a casi cien menores en C-LM. Y seg\u00fan los datos de la Federaci\u00f3n de Ni\u00f1os con C\u00e1ncer, el 75 % de los supervivientes experimenta alguna secuela tard\u00eda y el 25 % de ellas son severas o potencialmente mortales.<\/p>\n<p style=\"text-align: justify;\">Lectura del Manifiesto, actividades y suelta de globos<\/p>\n<p style=\"text-align: justify;\">La Plaza del Altozano ha acogido, a lo largo de la ma\u00f1ana, las diferentes iniciativas que se han organizado para conmemorar el D\u00eda Internacional del C\u00e1ncer Infantil, que han incluido desde talleres hasta m\u00fasica en directo con el grupo Reino Polar, as\u00ed como alguna sorpresa a cargo de los ni\u00f1os y ni\u00f1as de AFANION. Propuestas que han conseguido llenar este c\u00e9ntrico emplazamiento de alegr\u00eda y esperanza, con la presencia del alcalde de la ciudad, Manuel Serrano, y la delegada provincial de Sanidad, Juani Garc\u00eda, que tambi\u00e9n han participado en el acto.<\/p>\n<p style=\"text-align: justify;\">Pasadas las 13.00 horas ha tenido lugar la lectura del Manifiesto. Carlos Cano ha dado voz al Infantil, y Olga Garc\u00eda, onc\u00f3loga infantil del Hospital Universitario de Albacete, ha hecho lo propio con el dedicado a los menores afectados. Dando paso, al finalizar, a la tradicional suelta de globos.<\/p>\n<p style=\"text-align: justify;\">Gonz\u00e1lez felicita a \u2018Los Guachis\u2019 por su contribuci\u00f3n a la ciudad y a la provincia<\/p>\n<p style=\"text-align: justify;\">Un d\u00eda antes, Jos\u00e9 Gonz\u00e1lez disfrut\u00f3 del d\u00e9cimo musical de \u2018Los Guachis 10\u2019, celebrado en el Teatro de La Paz de la Diputaci\u00f3n de Albacete, convertido en uno de los principales escenarios de los espect\u00e1culos solidarios de la capital, subrayando la aportaci\u00f3n de esta agrupaci\u00f3n a la ciudad y a la provincia, y agradeci\u00e9ndoles todo lo que han conseguido para esta causa a trav\u00e9s de las sonrisas.<\/p>\n<p style=\"text-align: justify;\">Una puesta de largo en la que los espectadores y espectadoras pudieron disfrutar de una selecci\u00f3n de escenas y m\u00fasica de esta d\u00e9cada a cargo del numeroso grupo de pacientes de oncolog\u00eda pedi\u00e1trica, familiares, profesional sanitario y personas voluntarias que integran este grupo art\u00edstico, que ha conmemorado cada D\u00eda Internacional del C\u00e1ncer Infantil poniendo en escena un musical y que con este espect\u00e1culo dice adi\u00f3s.<\/p>\n<p><!--publicidad-voz03--><a href=\"https:\/\/www.facebook.com\/profile.php?id=100063593791305&amp;locale=es_ES\"><img decoding=\"async\" class=\"alignnone size-medium\" src=\"https:\/\/blogger.googleusercontent.com\/img\/b\/R29vZ2xl\/AVvXsEi8_n_ll8UOcGxCqzFvb_9Io4ICczlGC990BPtPj2w9Px-u7B3oqWUW5vtjZUqPNJ-nyjiUIorE0ATsib_l5tV8BVN-UJ03RTnU__IHJF_4DgDBtY4LIqXNG-FomrO-7ywes20CBCRM2Hcm7EJSh3UUw1dO-c_uTflUrtgY1i7uBRezj_DpympmEFkfbQY\/s1600\/logo-principal2.jpg\" width=\"100%\" height=\"100\" \/><\/a><!--bestpublic-voz03--><!--desk-in-out-voz03--><br \/>\n<!--publicidad-voz04--><a href=\"https:\/\/www.facebook.com\/profile.php?id=61557370768692&amp;locale=es_ES\"><img decoding=\"async\" class=\"alignnone size-medium\" src=\"https:\/\/blogger.googleusercontent.com\/img\/b\/R29vZ2xl\/AVvXsEgy5RdcfffrnrItnYTcV9bCJjgJwldsQLWssfVfrLbyfXeBNTFKgBf0rMIvhrUaGUhiXzVr9_eQgCbi-j63ZDpfTvLIty9w7s140y-m1yHe7eKmEK7v2NAHUJDVYGdfeiQFeRCqUjdwWmN1MX_AUxxz4IVdJ4WIM0APxit8bjWkXzrnEFGqBvW_1F13H1g\/s1600\/logo-principal5.jpg\" width=\"100%\" height=\"100\" \/><\/a><!--bestpublic-voz04--><!--desk-in-out-voz04--><br \/>\n<!--publicidad-voz05--><a href=\"https:\/\/www.facebook.com\/asociaciontamborileroshellin?locale=es_ES\"><img decoding=\"async\" class=\"alignnone size-medium\" src=\"https:\/\/blogger.googleusercontent.com\/img\/b\/R29vZ2xl\/AVvXsEhHEEpZsKK1VpwiYMrS7aE2ujtqIDZoLd4B5wtbiseSU9s2HdTdQfhF84So2XwEB1fv0BLw95GADm6hUl1bkKtzh-eIgVigXONuu_5RxeIMPhjk8q6uNX4EaEHbooKkbu7pCADWPpVJjhKIH5NQSJpWqedC-YBez4QAQeJYokkLot9bhrIaUAeztsGis6M\/s1600\/logo-principal3.jpg\" width=\"100%\" height=\"100\" \/><\/a><!--bestpublic-voz05--><!--desk-in-out-voz05--><br \/>\n<!--publicidad-voz06--><!--bestpublic-voz06--><!--desk-in-out-voz06--><br \/>\n<!--publicidad-voz07--><!--bestpublic-voz07--><!--desk-in-out-voz07--><br \/>\n<!--publicidad-voz08--><!--bestpublic-voz08--><!--desk-in-out-voz08--><br \/>\n<!--publicidad-voz09--><!--bestpublic-voz09--><!--desk-in-out-voz09--><br \/>\n<!--publicidad-voz10--><!--bestpublic-voz10--><!--desk-in-out-voz10--><br \/>\n<!--publicidad-voz11--><!--bestpublic-voz11--><!--desk-in-out-voz11--><br \/>\n<!--publicidad-voz12--><!--bestpublic-voz12--><!--desk-in-out-voz12--><br \/>\n<!--publicidad-voz13--><!--bestpublic-voz13--><!--desk-in-out-voz13--><br \/>\n<!--publicidad-voz14--><!--bestpublic-voz14--><!--desk-in-out-voz14--><br \/>\n<!--publicidad-voz15--><!--bestpublic-voz15--><!--desk-in-out-voz15--><br \/>\n<!--publicidad-voz16--><!--bestpublic-voz16--><!--desk-in-out-voz16--><\/p>\n","protected":false},"excerpt":{"rendered":"<p>Tras asistir este viernes al espect\u00e1culo de \u2018Los Guachis 10\u2019, el diputado provincial del \u00c1rea Social, Jos\u00e9 Gonz\u00e1lez, ha participado en los actos conmemorativos del D\u00eda Internacional del C\u00e1ncer Infantil&#8230;<\/p>\n","protected":false},"author":2,"featured_media":147573,"comment_status":"closed","ping_status":"closed","sticky":false,"template":"","format":"standard","meta":{"footnotes":""},"categories":[752,718,715,716,717],"tags":[],"class_list":["post-147572","post","type-post","status-publish","format-standard","has-post-thumbnail","hentry","category-blog-lv033","category-blogger","category-la-voz-de-hellin","category-la-voz-de-hellin-la-voz-de-hellin","category-noticias"],"_links":{"self":[{"href":"https:\/\/lavozdehellin.com\/noticias\/wp-json\/wp\/v2\/posts\/147572","targetHints":{"allow":["GET"]}}],"collection":[{"href":"https:\/\/lavozdehellin.com\/noticias\/wp-json\/wp\/v2\/posts"}],"about":[{"href":"https:\/\/lavozdehellin.com\/noticias\/wp-json\/wp\/v2\/types\/post"}],"author":[{"embeddable":true,"href":"https:\/\/lavozdehellin.com\/noticias\/wp-json\/wp\/v2\/users\/2"}],"replies":[{"embeddable":true,"href":"https:\/\/lavozdehellin.com\/noticias\/wp-json\/wp\/v2\/comments?post=147572"}],"version-history":[{"count":0,"href":"https:\/\/lavozdehellin.com\/noticias\/wp-json\/wp\/v2\/posts\/147572\/revisions"}],"wp:featuredmedia":[{"embeddable":true,"href":"https:\/\/lavozdehellin.com\/noticias\/wp-json\/wp\/v2\/media\/147573"}],"wp:attachment":[{"href":"https:\/\/lavozdehellin.com\/noticias\/wp-json\/wp\/v2\/media?parent=147572"}],"wp:term":[{"taxonomy":"category","embeddable":true,"href":"https:\/\/lavozdehellin.com\/noticias\/wp-json\/wp\/v2\/categories?post=147572"},{"taxonomy":"post_tag","embeddable":true,"href":"https:\/\/lavozdehellin.com\/noticias\/wp-json\/wp\/v2\/tags?post=147572"}],"curies":[{"name":"wp","href":"https:\/\/api.w.org\/{rel}","templated":true}]}}