{"id":147575,"date":"2024-02-16T21:23:35","date_gmt":"2024-02-16T21:23:35","guid":{"rendered":"https:\/\/lavozdehellin.com\/noticias\/?p=147575"},"modified":"2024-02-21T09:42:07","modified_gmt":"2024-02-21T09:42:07","slug":"v08-074-cabanero-subraya-que-es-un-lujo-ligar-el-nombre-de-emilio-aragon-al-festival-de-circo-de-albacete-a-traves-del-premio-internacional-de-las-artes-circenses-pinito-del-oro","status":"publish","type":"post","link":"https:\/\/lavozdehellin.com\/noticias\/v08-074-cabanero-subraya-que-es-un-lujo-ligar-el-nombre-de-emilio-aragon-al-festival-de-circo-de-albacete-a-traves-del-premio-internacional-de-las-artes-circenses-pinito-del-oro\/","title":{"rendered":"LVH NOTICIAS | CABA\u00d1ERO SUBRAYA QUE ES \u201cUN LUJO\u201d LIGAR EL NOMBRE DE EMILIO ARAG\u00d3N AL FESTIVAL DE CIRCO DE ALBACETE A TRAV\u00c9S DEL PREMIO INTERNACIONAL DE LAS ARTES CIRCENSES \u2018PINITO DEL ORO\u2019"},"content":{"rendered":"<p style=\"text-align: justify;\">En el marco del Festival Internacional de Circo de Albacete, el Teatro Circo ha acogido la entrega del I Premio Internacional de las Artes Circenses \u2018Pinito del Oro\u2019, impulsado por la Asociaci\u00f3n Nacional de Amigos de los Teatros Hist\u00f3ricos de Espa\u00f1a (AMIThE) con la colaboraci\u00f3n de la Diputaci\u00f3n de Albacete en el marco del convenio que ambas entidades mantienen, y Emilio Arag\u00f3n, gran maestro del entretenimiento, payaso, actor, humorista y m\u00fasico, ha sido reconocido en esta primera edici\u00f3n. Siendo su cu\u00f1ada, Mar\u00eda Fern\u00e1ndez Vega, la encargada de recoger en su nombre el galard\u00f3n.<\/p>\n<p><!--more--><br \/>\n<!--publicidad-voz01--><a href=\"https:\/\/www.facebook.com\/SoloRadioHellin\/?locale=es_ES\"><img decoding=\"async\" class=\"alignnone size-medium\" src=\"https:\/\/blogger.googleusercontent.com\/img\/b\/R29vZ2xl\/AVvXsEiNncirNnyGedv00mhjZjh5Wl4_YPdJGanoAl8tL8zH-HwqE8uHqjEfSt340RHdx-9tuCSIkZ8rFamZiGyYlgDGxCsmXjCH_1xk5eYM3ntFZRvJP_jndOKR7w1UAo9Tu0vrZyOLfqRpHIxYI5SymJJ-pfGCQw6QVpggBH-UgfjiFQ2JOxqxG0Jx94kW83c\/s1600\/logo-principal.jpg\" width=\"100%\" height=\"100\" \/><\/a><!--bestpublic-voz01--><!--desk-in-out-voz01--><br \/>\n<!--publicidad-voz02--><a href=\"https:\/\/www.hellincf.com\/\"><img decoding=\"async\" class=\"alignnone size-medium\" src=\"https:\/\/blogger.googleusercontent.com\/img\/b\/R29vZ2xl\/AVvXsEhuZ4-XfBVj3UtdP8-RZugy3WVrg-Zv28c53m4oV47qYCxL1rX_dqWX_YddsGSnpH5SRDqZ7bZeKPIfDVCDncpjVlhy3aQs2vojcJBn7Gdv9hC2_Nzct_pRFrnFE1a7KTCdY1bT_kAgnY3-iadRZrGeJf1fR2P5fu11bokx0pWjaypoy-ctwCjklldpEbA\/s1600\/logo-principal7.jpg\" width=\"100%\" height=\"100\" \/><\/a><!--bestpublic-voz02--><!--desk-in-out-voz02--><\/p>\n<p style=\"text-align: justify;\">El presidente del Gobierno provincial, Santi Caba\u00f1ero, acompa\u00f1ado por la diputada responsable del Servicio de Atenci\u00f3n Ciudadana, Ana Albaladejo, ha sido el encargado de entregar este distintivo, junto al presidente de AMIThE, Javier L\u00f3pez-Galiacho, y al alcalde de la ciudad, Manuel Serrano.<\/p>\n<p style=\"text-align: justify;\">Caba\u00f1ero, que ha asegurado que el Festival de Circo de Albacete \u201cse va superando cada a\u00f1o, consiguiendo el m\u00e1s imposible todav\u00eda\u201d, ha agradecido a esta asociaci\u00f3n su trabajo para avanzar en la consecuci\u00f3n de \u201cese merecido reconocimiento del Teatro Circo, este templo de la cultura albacetense, como Patrimonio de la Humanidad por la UNESCO\u201d, y tambi\u00e9n su trabajo para dar m\u00e1s esplendor a dicho Festival \u201cincorporando este premio que a partir de ahora va a estar ligado a \u00e9l\u201d.<\/p>\n<p style=\"text-align: justify;\">En este sentido, el presidente provincial ha incidido en la importancia y contribuci\u00f3n del propio premio en ambas direcciones, y ha dejado claro que la elecci\u00f3n de Emilio Arag\u00f3n como premiado en esta primera edici\u00f3n ha sido todo un acierto, afirmando que \u201cligar su nombre al de este Festival Internacional de Circo es un lujo\u201d, al tiempo que ha remarcado la aportaci\u00f3n tanto del premiado como de su familia a la creaci\u00f3n, renovaci\u00f3n, innovaci\u00f3n y promoci\u00f3n de las artes circenses, as\u00ed como su contribuci\u00f3n para acercar este mundo a la ciudadan\u00eda, \u201cporque todos y todas recordamos a \u2018los payasos de la tele\u2019\u201d.<\/p>\n<p style=\"text-align: justify;\">Por su parte, Emilio Arag\u00f3n, que ha enviado un v\u00eddeo, ha mostrado su agradecimiento, ha puesto en valor este gran Festival y ha sumado su apoyo para que el Teatro Circo adquiera ese reconocimiento mundial.<\/p>\n<p><!--publicidad-voz03--><a href=\"https:\/\/www.facebook.com\/profile.php?id=100063593791305&amp;locale=es_ES\"><img decoding=\"async\" class=\"alignnone size-medium\" src=\"https:\/\/blogger.googleusercontent.com\/img\/b\/R29vZ2xl\/AVvXsEi8_n_ll8UOcGxCqzFvb_9Io4ICczlGC990BPtPj2w9Px-u7B3oqWUW5vtjZUqPNJ-nyjiUIorE0ATsib_l5tV8BVN-UJ03RTnU__IHJF_4DgDBtY4LIqXNG-FomrO-7ywes20CBCRM2Hcm7EJSh3UUw1dO-c_uTflUrtgY1i7uBRezj_DpympmEFkfbQY\/s1600\/logo-principal2.jpg\" width=\"100%\" height=\"100\" \/><\/a><!--bestpublic-voz03--><!--desk-in-out-voz03--><br \/>\n<!--publicidad-voz04--><a href=\"https:\/\/www.facebook.com\/profile.php?id=61557370768692&amp;locale=es_ES\"><img decoding=\"async\" class=\"alignnone size-medium\" src=\"https:\/\/blogger.googleusercontent.com\/img\/b\/R29vZ2xl\/AVvXsEgy5RdcfffrnrItnYTcV9bCJjgJwldsQLWssfVfrLbyfXeBNTFKgBf0rMIvhrUaGUhiXzVr9_eQgCbi-j63ZDpfTvLIty9w7s140y-m1yHe7eKmEK7v2NAHUJDVYGdfeiQFeRCqUjdwWmN1MX_AUxxz4IVdJ4WIM0APxit8bjWkXzrnEFGqBvW_1F13H1g\/s1600\/logo-principal5.jpg\" width=\"100%\" height=\"100\" \/><\/a><!--bestpublic-voz04--><!--desk-in-out-voz04--><br \/>\n<!--publicidad-voz05--><a href=\"https:\/\/www.facebook.com\/asociaciontamborileroshellin?locale=es_ES\"><img decoding=\"async\" class=\"alignnone size-medium\" src=\"https:\/\/blogger.googleusercontent.com\/img\/b\/R29vZ2xl\/AVvXsEhHEEpZsKK1VpwiYMrS7aE2ujtqIDZoLd4B5wtbiseSU9s2HdTdQfhF84So2XwEB1fv0BLw95GADm6hUl1bkKtzh-eIgVigXONuu_5RxeIMPhjk8q6uNX4EaEHbooKkbu7pCADWPpVJjhKIH5NQSJpWqedC-YBez4QAQeJYokkLot9bhrIaUAeztsGis6M\/s1600\/logo-principal3.jpg\" width=\"100%\" height=\"100\" \/><\/a><!--bestpublic-voz05--><!--desk-in-out-voz05--><br \/>\n<!--publicidad-voz06--><!--bestpublic-voz06--><!--desk-in-out-voz06--><br \/>\n<!--publicidad-voz07--><!--bestpublic-voz07--><!--desk-in-out-voz07--><br \/>\n<!--publicidad-voz08--><!--bestpublic-voz08--><!--desk-in-out-voz08--><br \/>\n<!--publicidad-voz09--><!--bestpublic-voz09--><!--desk-in-out-voz09--><br \/>\n<!--publicidad-voz10--><!--bestpublic-voz10--><!--desk-in-out-voz10--><br \/>\n<!--publicidad-voz11--><!--bestpublic-voz11--><!--desk-in-out-voz11--><br \/>\n<!--publicidad-voz12--><!--bestpublic-voz12--><!--desk-in-out-voz12--><br \/>\n<!--publicidad-voz13--><!--bestpublic-voz13--><!--desk-in-out-voz13--><br \/>\n<!--publicidad-voz14--><!--bestpublic-voz14--><!--desk-in-out-voz14--><br \/>\n<!--publicidad-voz15--><!--bestpublic-voz15--><!--desk-in-out-voz15--><br \/>\n<!--publicidad-voz16--><!--bestpublic-voz16--><!--desk-in-out-voz16--><\/p>\n","protected":false},"excerpt":{"rendered":"<p>En el marco del Festival Internacional de Circo de Albacete, el Teatro Circo ha acogido la entrega del I Premio Internacional de las Artes Circenses \u2018Pinito del Oro\u2019, impulsado por&#8230;<\/p>\n","protected":false},"author":2,"featured_media":147576,"comment_status":"closed","ping_status":"closed","sticky":false,"template":"","format":"standard","meta":{"footnotes":""},"categories":[752,718,715,716,717],"tags":[],"class_list":["post-147575","post","type-post","status-publish","format-standard","has-post-thumbnail","hentry","category-blog-lv033","category-blogger","category-la-voz-de-hellin","category-la-voz-de-hellin-la-voz-de-hellin","category-noticias"],"_links":{"self":[{"href":"https:\/\/lavozdehellin.com\/noticias\/wp-json\/wp\/v2\/posts\/147575","targetHints":{"allow":["GET"]}}],"collection":[{"href":"https:\/\/lavozdehellin.com\/noticias\/wp-json\/wp\/v2\/posts"}],"about":[{"href":"https:\/\/lavozdehellin.com\/noticias\/wp-json\/wp\/v2\/types\/post"}],"author":[{"embeddable":true,"href":"https:\/\/lavozdehellin.com\/noticias\/wp-json\/wp\/v2\/users\/2"}],"replies":[{"embeddable":true,"href":"https:\/\/lavozdehellin.com\/noticias\/wp-json\/wp\/v2\/comments?post=147575"}],"version-history":[{"count":0,"href":"https:\/\/lavozdehellin.com\/noticias\/wp-json\/wp\/v2\/posts\/147575\/revisions"}],"wp:featuredmedia":[{"embeddable":true,"href":"https:\/\/lavozdehellin.com\/noticias\/wp-json\/wp\/v2\/media\/147576"}],"wp:attachment":[{"href":"https:\/\/lavozdehellin.com\/noticias\/wp-json\/wp\/v2\/media?parent=147575"}],"wp:term":[{"taxonomy":"category","embeddable":true,"href":"https:\/\/lavozdehellin.com\/noticias\/wp-json\/wp\/v2\/categories?post=147575"},{"taxonomy":"post_tag","embeddable":true,"href":"https:\/\/lavozdehellin.com\/noticias\/wp-json\/wp\/v2\/tags?post=147575"}],"curies":[{"name":"wp","href":"https:\/\/api.w.org\/{rel}","templated":true}]}}