{"id":147578,"date":"2024-02-16T14:03:18","date_gmt":"2024-02-16T14:03:18","guid":{"rendered":"https:\/\/lavozdehellin.com\/noticias\/?p=147578"},"modified":"2024-02-21T09:42:07","modified_gmt":"2024-02-21T09:42:07","slug":"v08-073-cabanero-subraya-el-calado-social-del-futuro-centro-de-referencia-del-alzheimer-que-pondra-a-albacete-a-la-vanguardia-en-atencion-y-cuidados","status":"publish","type":"post","link":"https:\/\/lavozdehellin.com\/noticias\/v08-073-cabanero-subraya-el-calado-social-del-futuro-centro-de-referencia-del-alzheimer-que-pondra-a-albacete-a-la-vanguardia-en-atencion-y-cuidados\/","title":{"rendered":"LVH NOTICIAS | CABA\u00d1ERO SUBRAYA EL CALADO SOCIAL DEL FUTURO CENTRO DE REFERENCIA DEL ALZHEIMER QUE PONDR\u00c1 A ALBACETE A LA VANGUARDIA EN ATENCI\u00d3N Y CUIDADOS"},"content":{"rendered":"<p style=\"text-align: justify;\">Este viernes, el presidente de la Diputaci\u00f3n de Albacete ha participado en la colocaci\u00f3n de la \u2018primera piedra\u2019 que marca el simb\u00f3lico inicio de las obras que, en un plazo aproximado de un a\u00f1o, concluir\u00e1n habiendo materializado el objetivo por el que, durante mucho tiempo, ha trabajado de forma especial la Asociaci\u00f3n de Familiares de Enfermos de Alzheimer (AFA Albacete): la creaci\u00f3n de un Centro de Referencia del Alzheimer que marcar\u00e1 un hito en la atenci\u00f3n y el cuidado de las personas que padecen esta enfermedad en la provincia.<\/p>\n<p><!--more--><br \/>\n<!--publicidad-voz01--><a href=\"https:\/\/www.facebook.com\/SoloRadioHellin\/?locale=es_ES\"><img decoding=\"async\" class=\"alignnone size-medium\" src=\"https:\/\/blogger.googleusercontent.com\/img\/b\/R29vZ2xl\/AVvXsEiNncirNnyGedv00mhjZjh5Wl4_YPdJGanoAl8tL8zH-HwqE8uHqjEfSt340RHdx-9tuCSIkZ8rFamZiGyYlgDGxCsmXjCH_1xk5eYM3ntFZRvJP_jndOKR7w1UAo9Tu0vrZyOLfqRpHIxYI5SymJJ-pfGCQw6QVpggBH-UgfjiFQ2JOxqxG0Jx94kW83c\/s1600\/logo-principal.jpg\" width=\"100%\" height=\"100\" \/><\/a><!--bestpublic-voz01--><!--desk-in-out-voz01--><br \/>\n<!--publicidad-voz02--><a href=\"https:\/\/www.hellincf.com\/\"><img decoding=\"async\" class=\"alignnone size-medium\" src=\"https:\/\/blogger.googleusercontent.com\/img\/b\/R29vZ2xl\/AVvXsEhuZ4-XfBVj3UtdP8-RZugy3WVrg-Zv28c53m4oV47qYCxL1rX_dqWX_YddsGSnpH5SRDqZ7bZeKPIfDVCDncpjVlhy3aQs2vojcJBn7Gdv9hC2_Nzct_pRFrnFE1a7KTCdY1bT_kAgnY3-iadRZrGeJf1fR2P5fu11bokx0pWjaypoy-ctwCjklldpEbA\/s1600\/logo-principal7.jpg\" width=\"100%\" height=\"100\" \/><\/a><!--bestpublic-voz02--><!--desk-in-out-voz02--><\/p>\n<p style=\"text-align: justify;\">Acompa\u00f1ado del diputado coordinador del \u00c1rea Social, Jos\u00e9 Gonz\u00e1lez, Santi Caba\u00f1ero ha sido testigo de este momento junto al presidente de Castilla-La Mancha, Emiliano Garc\u00eda-Page y varios de sus consejeros y consejeras; al alcalde de Albacete, Manuel Serrano; la vicepresidenta de las Cortes Regionales, Josefina Navarrete; la presidenta de AFA Albacete (Isabel S\u00e1nchez Fuenllana) y parte de su equipo; as\u00ed como a representantes tanto de la empresa concesionaria (Conscytec, SLU) como de la redacci\u00f3n y direcci\u00f3n facultativa del proyecto.<\/p>\n<p style=\"text-align: justify;\">Con una inversi\u00f3n de 4,8 millones de euros, financiados a trav\u00e9s de fondos europeos del Mecanismo de Recuperaci\u00f3n y Resiliencia (MRR), el centro se erige como un proyecto pionero, adaptado a las demandas y propuestas de la administraci\u00f3n y las entidades de Alzheimer para convertirse en un referente en la regi\u00f3n y en Espa\u00f1a.<\/p>\n<p style=\"text-align: justify;\">Un important\u00edsimo \u201cpaso al frente\u201d, ha se\u00f1alado Santi Caba\u00f1ero, tanto en compromiso social, como en atenci\u00f3n integral y avance sociosanitario, que ha sido posible dar gracias a la colaboraci\u00f3n de un gran tejido social, en este caso, liderado por AFA Albacete. Un proyecto, ha valorado, que no s\u00f3lo refleja un compromiso firme con la salud y el bienestar de la ciudadan\u00eda, sino que tambi\u00e9n pondr\u00e1 a Albacete \u201cen la vanguardia\u201d de la atenci\u00f3n y tratamiento del Alzheimer.<\/p>\n<p style=\"text-align: justify;\">El Centro de Referencia, que se extender\u00e1 sobre un \u00e1rea total 3.000 m\u00b2, contar\u00e1 con cinco plantas equipadas con las m\u00e1s avanzadas instalaciones para la atenci\u00f3n de 100 personas en su Centro de D\u00eda, adem\u00e1s de \u00e1reas dedicadas a terapias, investigaci\u00f3n y actividades asociativas.<\/p>\n<p style=\"text-align: justify;\">Caba\u00f1ero ha reiterado el respaldo decidido de la Diputaci\u00f3n de Albacete hacia AFA Albacete y las otras AFAs de la provincia a las que, por ejemplo el pasado 2023 y a trav\u00e9s de la Convocatoria de Ayudas para Entidades Sociosanitarias, se destinaba una aportaci\u00f3n total cercana a los 60.000 euros destinados a proyectos de atenci\u00f3n integral domiciliaria, mejora del cuidado y calidad de vida, servicios de comedor, tratamientos espec\u00edficos para enfermos de Alzheimer, terapias especializada, fisioterapia, psicomotricidad y rehabilitaci\u00f3n a trav\u00e9s de actividades de apoyo.<\/p>\n<p style=\"text-align: justify;\">Colaboraci\u00f3n que, adem\u00e1s, ha llegado por parte de la Diputaci\u00f3n de Albacete a trav\u00e9s de otras cuestiones, a priori menores, que resultan de mucha importancia para el desarrollo de la labor diaria de la entidad, como puede ser el hecho de haber contribuido a la renovaci\u00f3n de la furgoneta adaptada que AFA Albacete tanto necesitaba para hacer los traslados de sus usuarios y usuarias.<br \/>\nReconocimiento a la figura de quienes cuidan en la enfermedad<\/p>\n<p style=\"text-align: justify;\">Como ha subrayado Caba\u00f1ero, \u201cel trabajo incansable de AFA Albacete, su dedicaci\u00f3n y su compromiso con los afectados por esta enfermedad y sus familias, han sido fundamentales para hacer realidad este Centro\u201d, se\u00f1alando c\u00f3mo siempre la v\u00eda de la colaboraci\u00f3n es la que lleva a enfrentar con mayores garant\u00edas de \u00e9xito los retos que presenta la enfermedad, en este caso, el Alzheimer, con el objetivo de mejorar la calidad de vida de quienes lo padecen.<\/p>\n<p style=\"text-align: justify;\">El presidente ha agradecido tanto el apoyo del Gobierno regional como nacional a la hora de hacer posible en Albacete este nuevo Centro de Referencia del Alzheimer que, adem\u00e1s de simbolizar un avance crucial en la lucha contra esta enfermedad neurodegenerativa, tambi\u00e9n representa un \u201capoyo crucial y el reconocimiento a los y las profesionales y quienes, especialmente desde las familias, dedican su vida a cuidar de quienes sufren este tipo de dolencias\u201d que, ha se\u00f1alado, da\u00f1an casi con la misma intensidad, aunque de distinta forma, a quienes las sufren que a quienes les rodean.<\/p>\n<p style=\"text-align: justify;\">Como ha concluido el presidente, el Gobierno de la Diputaci\u00f3n de Albacete continuar\u00e1 su camino de compromiso con el bienestar de la poblaci\u00f3n provincial, trabajando junto a entidades como AFA Albacete para asegurar que los recursos y la atenci\u00f3n necesarios est\u00e9n disponibles para enfrentar el Alzheimer y otras demencias seniles, avanzando hacia un futuro donde el cuidado, el apoyo y la investigaci\u00f3n vayan de la mano.<\/p>\n<p><!--publicidad-voz03--><a href=\"https:\/\/www.facebook.com\/profile.php?id=100063593791305&amp;locale=es_ES\"><img decoding=\"async\" class=\"alignnone size-medium\" src=\"https:\/\/blogger.googleusercontent.com\/img\/b\/R29vZ2xl\/AVvXsEi8_n_ll8UOcGxCqzFvb_9Io4ICczlGC990BPtPj2w9Px-u7B3oqWUW5vtjZUqPNJ-nyjiUIorE0ATsib_l5tV8BVN-UJ03RTnU__IHJF_4DgDBtY4LIqXNG-FomrO-7ywes20CBCRM2Hcm7EJSh3UUw1dO-c_uTflUrtgY1i7uBRezj_DpympmEFkfbQY\/s1600\/logo-principal2.jpg\" width=\"100%\" height=\"100\" \/><\/a><!--bestpublic-voz03--><!--desk-in-out-voz03--><br \/>\n<!--publicidad-voz04--><a href=\"https:\/\/www.facebook.com\/profile.php?id=61557370768692&amp;locale=es_ES\"><img decoding=\"async\" class=\"alignnone size-medium\" src=\"https:\/\/blogger.googleusercontent.com\/img\/b\/R29vZ2xl\/AVvXsEgy5RdcfffrnrItnYTcV9bCJjgJwldsQLWssfVfrLbyfXeBNTFKgBf0rMIvhrUaGUhiXzVr9_eQgCbi-j63ZDpfTvLIty9w7s140y-m1yHe7eKmEK7v2NAHUJDVYGdfeiQFeRCqUjdwWmN1MX_AUxxz4IVdJ4WIM0APxit8bjWkXzrnEFGqBvW_1F13H1g\/s1600\/logo-principal5.jpg\" width=\"100%\" height=\"100\" \/><\/a><!--bestpublic-voz04--><!--desk-in-out-voz04--><br \/>\n<!--publicidad-voz05--><a href=\"https:\/\/www.facebook.com\/asociaciontamborileroshellin?locale=es_ES\"><img decoding=\"async\" class=\"alignnone size-medium\" src=\"https:\/\/blogger.googleusercontent.com\/img\/b\/R29vZ2xl\/AVvXsEhHEEpZsKK1VpwiYMrS7aE2ujtqIDZoLd4B5wtbiseSU9s2HdTdQfhF84So2XwEB1fv0BLw95GADm6hUl1bkKtzh-eIgVigXONuu_5RxeIMPhjk8q6uNX4EaEHbooKkbu7pCADWPpVJjhKIH5NQSJpWqedC-YBez4QAQeJYokkLot9bhrIaUAeztsGis6M\/s1600\/logo-principal3.jpg\" width=\"100%\" height=\"100\" \/><\/a><!--bestpublic-voz05--><!--desk-in-out-voz05--><br \/>\n<!--publicidad-voz06--><!--bestpublic-voz06--><!--desk-in-out-voz06--><br \/>\n<!--publicidad-voz07--><!--bestpublic-voz07--><!--desk-in-out-voz07--><br \/>\n<!--publicidad-voz08--><!--bestpublic-voz08--><!--desk-in-out-voz08--><br \/>\n<!--publicidad-voz09--><!--bestpublic-voz09--><!--desk-in-out-voz09--><br \/>\n<!--publicidad-voz10--><!--bestpublic-voz10--><!--desk-in-out-voz10--><br \/>\n<!--publicidad-voz11--><!--bestpublic-voz11--><!--desk-in-out-voz11--><br \/>\n<!--publicidad-voz12--><!--bestpublic-voz12--><!--desk-in-out-voz12--><br \/>\n<!--publicidad-voz13--><!--bestpublic-voz13--><!--desk-in-out-voz13--><br \/>\n<!--publicidad-voz14--><!--bestpublic-voz14--><!--desk-in-out-voz14--><br \/>\n<!--publicidad-voz15--><!--bestpublic-voz15--><!--desk-in-out-voz15--><br \/>\n<!--publicidad-voz16--><!--bestpublic-voz16--><!--desk-in-out-voz16--><\/p>\n","protected":false},"excerpt":{"rendered":"<p>Este viernes, el presidente de la Diputaci\u00f3n de Albacete ha participado en la colocaci\u00f3n de la \u2018primera piedra\u2019 que marca el simb\u00f3lico inicio de las obras que, en un plazo&#8230;<\/p>\n","protected":false},"author":2,"featured_media":147579,"comment_status":"closed","ping_status":"closed","sticky":false,"template":"","format":"standard","meta":{"footnotes":""},"categories":[752,718,715,716,717],"tags":[],"class_list":["post-147578","post","type-post","status-publish","format-standard","has-post-thumbnail","hentry","category-blog-lv033","category-blogger","category-la-voz-de-hellin","category-la-voz-de-hellin-la-voz-de-hellin","category-noticias"],"_links":{"self":[{"href":"https:\/\/lavozdehellin.com\/noticias\/wp-json\/wp\/v2\/posts\/147578","targetHints":{"allow":["GET"]}}],"collection":[{"href":"https:\/\/lavozdehellin.com\/noticias\/wp-json\/wp\/v2\/posts"}],"about":[{"href":"https:\/\/lavozdehellin.com\/noticias\/wp-json\/wp\/v2\/types\/post"}],"author":[{"embeddable":true,"href":"https:\/\/lavozdehellin.com\/noticias\/wp-json\/wp\/v2\/users\/2"}],"replies":[{"embeddable":true,"href":"https:\/\/lavozdehellin.com\/noticias\/wp-json\/wp\/v2\/comments?post=147578"}],"version-history":[{"count":0,"href":"https:\/\/lavozdehellin.com\/noticias\/wp-json\/wp\/v2\/posts\/147578\/revisions"}],"wp:featuredmedia":[{"embeddable":true,"href":"https:\/\/lavozdehellin.com\/noticias\/wp-json\/wp\/v2\/media\/147579"}],"wp:attachment":[{"href":"https:\/\/lavozdehellin.com\/noticias\/wp-json\/wp\/v2\/media?parent=147578"}],"wp:term":[{"taxonomy":"category","embeddable":true,"href":"https:\/\/lavozdehellin.com\/noticias\/wp-json\/wp\/v2\/categories?post=147578"},{"taxonomy":"post_tag","embeddable":true,"href":"https:\/\/lavozdehellin.com\/noticias\/wp-json\/wp\/v2\/tags?post=147578"}],"curies":[{"name":"wp","href":"https:\/\/api.w.org\/{rel}","templated":true}]}}