{"id":147581,"date":"2024-02-16T10:50:48","date_gmt":"2024-02-16T10:50:48","guid":{"rendered":"https:\/\/lavozdehellin.com\/noticias\/?p=147581"},"modified":"2024-02-21T09:42:07","modified_gmt":"2024-02-21T09:42:07","slug":"v08-072-enriquecedor-encuentro-entre-personal-tecnico-e-investigador-del-iriaf-y-del-itap-para-impulsar-el-sector-agricola-y-agroalimentario-de-c-lm","status":"publish","type":"post","link":"https:\/\/lavozdehellin.com\/noticias\/v08-072-enriquecedor-encuentro-entre-personal-tecnico-e-investigador-del-iriaf-y-del-itap-para-impulsar-el-sector-agricola-y-agroalimentario-de-c-lm\/","title":{"rendered":"LVH NOTICIAS | ENRIQUECEDOR ENCUENTRO ENTRE PERSONAL T\u00c9CNICO E INVESTIGADOR DEL IRIAF Y DEL ITAP PARA IMPULSAR EL SECTOR AGR\u00cdCOLA Y AGROALIMENTARIO DE C-LM"},"content":{"rendered":"<p style=\"text-align: justify;\">En una ma\u00f1ana cargada de compromiso con el avance del sector agr\u00edcola y agroalimentario, m\u00e1s de 30 t\u00e9cnicos e investigadores que componen el Instituto de Investigaci\u00f3n Agr\u00edcola y Forestal (IRIAF) y del Instituto T\u00e9cnico Agron\u00f3mico Provincial,S.A.U. (ITAP), dependiente de la Diputaci\u00f3n de Albacete, se reunieron en un encuentro hist\u00f3rico que promete, seg\u00fan sus directores, Jos\u00e9 Luis Tenorio (IRIAF) y Mabel Garrido (ITAP), ser la continuaci\u00f3n del intercambio de conocimientos, el establecimiento de redes para compartir experiencias, recursos y resultados, as\u00ed como la colaboraci\u00f3n en investigaci\u00f3n y transferencia de tecnolog\u00eda que necesita nuestra regi\u00f3n.<\/p>\n<p><!--more--><br \/>\n<!--publicidad-voz01--><a href=\"https:\/\/www.facebook.com\/SoloRadioHellin\/?locale=es_ES\"><img decoding=\"async\" class=\"alignnone size-medium\" src=\"https:\/\/blogger.googleusercontent.com\/img\/b\/R29vZ2xl\/AVvXsEiNncirNnyGedv00mhjZjh5Wl4_YPdJGanoAl8tL8zH-HwqE8uHqjEfSt340RHdx-9tuCSIkZ8rFamZiGyYlgDGxCsmXjCH_1xk5eYM3ntFZRvJP_jndOKR7w1UAo9Tu0vrZyOLfqRpHIxYI5SymJJ-pfGCQw6QVpggBH-UgfjiFQ2JOxqxG0Jx94kW83c\/s1600\/logo-principal.jpg\" width=\"100%\" height=\"100\" \/><\/a><!--bestpublic-voz01--><!--desk-in-out-voz01--><br \/>\n<!--publicidad-voz02--><a href=\"https:\/\/www.hellincf.com\/\"><img decoding=\"async\" class=\"alignnone size-medium\" src=\"https:\/\/blogger.googleusercontent.com\/img\/b\/R29vZ2xl\/AVvXsEhuZ4-XfBVj3UtdP8-RZugy3WVrg-Zv28c53m4oV47qYCxL1rX_dqWX_YddsGSnpH5SRDqZ7bZeKPIfDVCDncpjVlhy3aQs2vojcJBn7Gdv9hC2_Nzct_pRFrnFE1a7KTCdY1bT_kAgnY3-iadRZrGeJf1fR2P5fu11bokx0pWjaypoy-ctwCjklldpEbA\/s1600\/logo-principal7.jpg\" width=\"100%\" height=\"100\" \/><\/a><!--bestpublic-voz02--><!--desk-in-out-voz02--><\/p>\n<p style=\"text-align: justify;\">El evento, que tuvo lugar en la sede del IRIAF, marc\u00f3 un hito en la colaboraci\u00f3n entre los dos \u00fanicos institutos de Castilla-La Mancha , l\u00edderes en investigaci\u00f3n y transferencia de conocimientos al sector primario. Ambos institutos, reconocidos por su excelencia en el \u00e1mbito agr\u00edcola, han decidido unir fuerzas para enfrentar los desaf\u00edos y dar una respuesta a las cuestiones que plantean los agricultores hoy en d\u00eda.<\/p>\n<p style=\"text-align: justify;\">El encuentro comenz\u00f3 con la exposici\u00f3n de las l\u00edneas de investigaci\u00f3n de cada uno de los centros que conforman el IRIAF, que estaban all\u00ed representados y tienen relaci\u00f3n con el ITAP:<\/p>\n<p style=\"text-align: justify;\">\u2022 Centro de Investigaci\u00f3n Agroforestal (CIAF), Albaladejito, Cuenca.<\/p>\n<p style=\"text-align: justify;\">\u2022 Centro de Investigaci\u00f3n Agroambiental (CIAG) \u00abEl Chaparrillo\u00bb, Ciudad Real<\/p>\n<p style=\"text-align: justify;\">\u2022 Instituto de la Vid y el Vino de Castilla-La Mancha (IVICAM), Tomelloso, Ciudad Real<\/p>\n<p style=\"text-align: justify;\">\u2022 Centro de Investigaci\u00f3n Ap\u00edcola y Agroambiental (CIAPA), Marchamalo, Guadalajara<\/p>\n<p style=\"text-align: justify;\">\u2022 Centro de Investigaci\u00f3n Agropecuarias \u201cDehes\u00f3n del Encinar\u201d, Oropesa, Toledo<\/p>\n<p style=\"text-align: justify;\">\u2022 Biorrefiner\u00eda I+D CLaMber de escalado de procesos biotecnol\u00f3gicos, Puertollano, Ciudad Real.<\/p>\n<p style=\"text-align: justify;\">De igual forma, el ITAP expuso sus l\u00edneas de trabajo e investigaci\u00f3n presentes y futuras desde cada uno de sus servicios de asesoramiento:<\/p>\n<p style=\"text-align: justify;\">\u2022 Servicio De I+D<\/p>\n<p style=\"text-align: justify;\">\u2022 Secci\u00f3n de Investigaci\u00f3n en Mejora Vegetal (SEMEG)<\/p>\n<p style=\"text-align: justify;\">\u2022 Servicio De Asesoramiento A La Fertilizaci\u00f3n (SAF)<\/p>\n<p style=\"text-align: justify;\">\u2022 Secci\u00f3n de Investigaci\u00f3n en Fertilizaci\u00f3n (SIF)<\/p>\n<p style=\"text-align: justify;\">\u2022 Servicio De Diagn\u00f3stico Y Asistencia Fitosanitaria (SEDAF)<\/p>\n<p style=\"text-align: justify;\">\u2022 Servicio De Asesoramiento De Riegos (SAR)<\/p>\n<p style=\"text-align: justify;\">\u2022 Secci\u00f3n en Investigaci\u00f3n Manejo de Agua<\/p>\n<p style=\"text-align: justify;\">\u2022 Servicio Ensayos Y Recomendaci\u00f3n De Variedades (SEREV)<\/p>\n<p style=\"text-align: justify;\">\u2022 Servicio De Investigaci\u00f3n Y Asesoramiento En Cultivos Le\u00f1osos (SIAL)<\/p>\n<p style=\"text-align: justify;\">\u2022 Servicio De Agricultura Ecol\u00f3gica E Integrada (SAGREI)<\/p>\n<p style=\"text-align: justify;\">Poniendo encima de la mesa estrat\u00e9gicas sobre las tendencias emergentes en la agricultura y la agroalimentaci\u00f3n, as\u00ed como las innovaciones tecnol\u00f3gicas que podr\u00edan mejorar nuestro campo. Intercambiaron ideas sobre pr\u00e1cticas sostenibles, nuevas variedades de cultivos resistentes a condiciones adversas y m\u00e9todos avanzados de gesti\u00f3n de recursos h\u00eddricos.<\/p>\n<p style=\"text-align: justify;\">Uno de los aspectos m\u00e1s destacados fue la presentaci\u00f3n de proyectos de investigaci\u00f3n conjunta, enfocados en mejorar la eficiencia de la producci\u00f3n agr\u00edcola y la calidad de los productos agroalimentarios. La colaboraci\u00f3n entre el IRIAF y el ITAP promete acelerar la transferencia de conocimientos desde el mundo cient\u00edfico hasta la aplicaci\u00f3n pr\u00e1ctica en las explotaciones agr\u00edcolas.<\/p>\n<p style=\"text-align: justify;\">Este encuentro no solo ha sentado las bases para futuras colaboraciones sino que tambi\u00e9n ha fortalecido la red de conocimientos y recursos disponibles para ambos institutos.<\/p>\n<p><!--publicidad-voz03--><a href=\"https:\/\/www.facebook.com\/profile.php?id=100063593791305&amp;locale=es_ES\"><img decoding=\"async\" class=\"alignnone size-medium\" src=\"https:\/\/blogger.googleusercontent.com\/img\/b\/R29vZ2xl\/AVvXsEi8_n_ll8UOcGxCqzFvb_9Io4ICczlGC990BPtPj2w9Px-u7B3oqWUW5vtjZUqPNJ-nyjiUIorE0ATsib_l5tV8BVN-UJ03RTnU__IHJF_4DgDBtY4LIqXNG-FomrO-7ywes20CBCRM2Hcm7EJSh3UUw1dO-c_uTflUrtgY1i7uBRezj_DpympmEFkfbQY\/s1600\/logo-principal2.jpg\" width=\"100%\" height=\"100\" \/><\/a><!--bestpublic-voz03--><!--desk-in-out-voz03--><br \/>\n<!--publicidad-voz04--><a href=\"https:\/\/www.facebook.com\/profile.php?id=61557370768692&amp;locale=es_ES\"><img decoding=\"async\" class=\"alignnone size-medium\" src=\"https:\/\/blogger.googleusercontent.com\/img\/b\/R29vZ2xl\/AVvXsEgy5RdcfffrnrItnYTcV9bCJjgJwldsQLWssfVfrLbyfXeBNTFKgBf0rMIvhrUaGUhiXzVr9_eQgCbi-j63ZDpfTvLIty9w7s140y-m1yHe7eKmEK7v2NAHUJDVYGdfeiQFeRCqUjdwWmN1MX_AUxxz4IVdJ4WIM0APxit8bjWkXzrnEFGqBvW_1F13H1g\/s1600\/logo-principal5.jpg\" width=\"100%\" height=\"100\" \/><\/a><!--bestpublic-voz04--><!--desk-in-out-voz04--><br \/>\n<!--publicidad-voz05--><a href=\"https:\/\/www.facebook.com\/asociaciontamborileroshellin?locale=es_ES\"><img decoding=\"async\" class=\"alignnone size-medium\" src=\"https:\/\/blogger.googleusercontent.com\/img\/b\/R29vZ2xl\/AVvXsEhHEEpZsKK1VpwiYMrS7aE2ujtqIDZoLd4B5wtbiseSU9s2HdTdQfhF84So2XwEB1fv0BLw95GADm6hUl1bkKtzh-eIgVigXONuu_5RxeIMPhjk8q6uNX4EaEHbooKkbu7pCADWPpVJjhKIH5NQSJpWqedC-YBez4QAQeJYokkLot9bhrIaUAeztsGis6M\/s1600\/logo-principal3.jpg\" width=\"100%\" height=\"100\" \/><\/a><!--bestpublic-voz05--><!--desk-in-out-voz05--><br \/>\n<!--publicidad-voz06--><!--bestpublic-voz06--><!--desk-in-out-voz06--><br \/>\n<!--publicidad-voz07--><!--bestpublic-voz07--><!--desk-in-out-voz07--><br \/>\n<!--publicidad-voz08--><!--bestpublic-voz08--><!--desk-in-out-voz08--><br \/>\n<!--publicidad-voz09--><!--bestpublic-voz09--><!--desk-in-out-voz09--><br \/>\n<!--publicidad-voz10--><!--bestpublic-voz10--><!--desk-in-out-voz10--><br \/>\n<!--publicidad-voz11--><!--bestpublic-voz11--><!--desk-in-out-voz11--><br \/>\n<!--publicidad-voz12--><!--bestpublic-voz12--><!--desk-in-out-voz12--><br \/>\n<!--publicidad-voz13--><!--bestpublic-voz13--><!--desk-in-out-voz13--><br \/>\n<!--publicidad-voz14--><!--bestpublic-voz14--><!--desk-in-out-voz14--><br \/>\n<!--publicidad-voz15--><!--bestpublic-voz15--><!--desk-in-out-voz15--><br \/>\n<!--publicidad-voz16--><!--bestpublic-voz16--><!--desk-in-out-voz16--><\/p>\n","protected":false},"excerpt":{"rendered":"<p>En una ma\u00f1ana cargada de compromiso con el avance del sector agr\u00edcola y agroalimentario, m\u00e1s de 30 t\u00e9cnicos e investigadores que componen el Instituto de Investigaci\u00f3n Agr\u00edcola y Forestal (IRIAF)&#8230;<\/p>\n","protected":false},"author":2,"featured_media":147582,"comment_status":"closed","ping_status":"closed","sticky":false,"template":"","format":"standard","meta":{"footnotes":""},"categories":[752,718,715,716,717],"tags":[],"class_list":["post-147581","post","type-post","status-publish","format-standard","has-post-thumbnail","hentry","category-blog-lv033","category-blogger","category-la-voz-de-hellin","category-la-voz-de-hellin-la-voz-de-hellin","category-noticias"],"_links":{"self":[{"href":"https:\/\/lavozdehellin.com\/noticias\/wp-json\/wp\/v2\/posts\/147581","targetHints":{"allow":["GET"]}}],"collection":[{"href":"https:\/\/lavozdehellin.com\/noticias\/wp-json\/wp\/v2\/posts"}],"about":[{"href":"https:\/\/lavozdehellin.com\/noticias\/wp-json\/wp\/v2\/types\/post"}],"author":[{"embeddable":true,"href":"https:\/\/lavozdehellin.com\/noticias\/wp-json\/wp\/v2\/users\/2"}],"replies":[{"embeddable":true,"href":"https:\/\/lavozdehellin.com\/noticias\/wp-json\/wp\/v2\/comments?post=147581"}],"version-history":[{"count":0,"href":"https:\/\/lavozdehellin.com\/noticias\/wp-json\/wp\/v2\/posts\/147581\/revisions"}],"wp:featuredmedia":[{"embeddable":true,"href":"https:\/\/lavozdehellin.com\/noticias\/wp-json\/wp\/v2\/media\/147582"}],"wp:attachment":[{"href":"https:\/\/lavozdehellin.com\/noticias\/wp-json\/wp\/v2\/media?parent=147581"}],"wp:term":[{"taxonomy":"category","embeddable":true,"href":"https:\/\/lavozdehellin.com\/noticias\/wp-json\/wp\/v2\/categories?post=147581"},{"taxonomy":"post_tag","embeddable":true,"href":"https:\/\/lavozdehellin.com\/noticias\/wp-json\/wp\/v2\/tags?post=147581"}],"curies":[{"name":"wp","href":"https:\/\/api.w.org\/{rel}","templated":true}]}}