{"id":147763,"date":"2024-02-21T10:44:42","date_gmt":"2024-02-21T10:44:42","guid":{"rendered":"https:\/\/lavozdehellin.com\/noticias\/?p=147763"},"modified":"2024-02-21T12:41:07","modified_gmt":"2024-02-21T12:41:07","slug":"v08-122-el-gobierno-de-la-diputacion-de-albacete-impulsa-la-presencia-de-aceites-de-la-provincia-en-la-world-olive-oil-exhibition-2024","status":"publish","type":"post","link":"https:\/\/lavozdehellin.com\/noticias\/v08-122-el-gobierno-de-la-diputacion-de-albacete-impulsa-la-presencia-de-aceites-de-la-provincia-en-la-world-olive-oil-exhibition-2024\/","title":{"rendered":"LVH NOTICIAS | EL GOBIERNO DE LA DIPUTACI\u00d3N DE ALBACETE IMPULSA LA PRESENCIA DE ACEITES DE LA PROVINCIA EN LA WORLD OLIVE OIL EXHIBITION 2024"},"content":{"rendered":"<p style=\"text-align: justify;\">Santi Caba\u00f1ero ha avanzado los detalles de la participaci\u00f3n que, con el impulso de la Diputaci\u00f3n de Albacete, el sector del aceite de oliva de la provincia tendr\u00e1 en la World Olive Oil Exhibition (WOOE) que acoge IFEMA Madrid los d\u00edas 26 y 27 de febrero. Lo ha hecho acompa\u00f1ado de la diputada de Turismo y coordinadora del \u00c1rea de Desarrollo Rural, Raquel Ruiz.<\/p>\n<p><!--more--><br \/>\n<!--publicidad-voz01--><a href=\"https:\/\/www.facebook.com\/SoloRadioHellin\/?locale=es_ES\"><img decoding=\"async\" class=\"alignnone size-medium\" src=\"https:\/\/blogger.googleusercontent.com\/img\/b\/R29vZ2xl\/AVvXsEiNncirNnyGedv00mhjZjh5Wl4_YPdJGanoAl8tL8zH-HwqE8uHqjEfSt340RHdx-9tuCSIkZ8rFamZiGyYlgDGxCsmXjCH_1xk5eYM3ntFZRvJP_jndOKR7w1UAo9Tu0vrZyOLfqRpHIxYI5SymJJ-pfGCQw6QVpggBH-UgfjiFQ2JOxqxG0Jx94kW83c\/s1600\/logo-principal.jpg\" width=\"100%\" height=\"100\" \/><\/a><!--bestpublic-voz01--><!--desk-in-out-voz01--><br \/>\n<!--publicidad-voz02--><a href=\"https:\/\/www.hellincf.com\/\"><img decoding=\"async\" class=\"alignnone size-medium\" src=\"https:\/\/blogger.googleusercontent.com\/img\/b\/R29vZ2xl\/AVvXsEhuZ4-XfBVj3UtdP8-RZugy3WVrg-Zv28c53m4oV47qYCxL1rX_dqWX_YddsGSnpH5SRDqZ7bZeKPIfDVCDncpjVlhy3aQs2vojcJBn7Gdv9hC2_Nzct_pRFrnFE1a7KTCdY1bT_kAgnY3-iadRZrGeJf1fR2P5fu11bokx0pWjaypoy-ctwCjklldpEbA\/s1600\/logo-principal7.jpg\" width=\"100%\" height=\"100\" \/><\/a><!--bestpublic-voz02--><!--desk-in-out-voz02--><\/p>\n<p style=\"text-align: justify;\">La presencia de Albacete en ese evento internacional que est\u00e1 considerado como un punto de encuentro clave entre productores y consumidores de aceite de oliva, se materializar\u00e1 con un estand propio, de 54 m\u00b2, para la Diputaci\u00f3n de Albacete. Un espacio en el que acompa\u00f1ar\u00e1 a seis almazaras representativas de las zonas con mayor peso en el sector dentro de la provincia y con las que la instituci\u00f3n provincial viene impulsando acciones concretas de promoci\u00f3n del sector: la de Campos de Hell\u00edn y la de la Sierra de Alcaraz y Campo de Montiel, donde el olivar \u201cno s\u00f3lo define parte vital del paisaje, sino que supone una baza importante, tanto a nivel econ\u00f3mico como por su fuerte implicaci\u00f3n social en la generaci\u00f3n de empleo y la fijaci\u00f3n de poblaci\u00f3n\u201d.<\/p>\n<p style=\"text-align: justify;\">Seis almazaras representativas de la diversidad del sector olivarero en la provincia<\/p>\n<p style=\"text-align: justify;\">Como ha explicado el presidente, las almazaras participantes ser\u00e1n: Altiplano, Ontalba y P\u00edo del Ramo, procedentes de Ontur; Agraria Santa \u00c1gueda, de Povedilla; Oleumbida, de Bienservida; y Agropecuaria Ecol\u00f3gica Sierra de Alcaraz (AESA), de Alcaraz. Protagonistas \u201cmuy representativas de la diversidad del sector en la provincia\u201d, abarcando desde peque\u00f1as cooperativas a empresas m\u00e1s profesionalizadas y multidisciplinares, incluida AESA: galardonada con el Premio Alimentos de Espa\u00f1a del Ministerio de Agricultura, Pesca y Alimentaci\u00f3n en la campa\u00f1a 21\/22.<\/p>\n<p style=\"text-align: justify;\">Con esta iniciativa, y siguiendo con la campa\u00f1a \u2018Albacete te siente, siente Albacete\u2019, impulsada en 2022 por la Diputaci\u00f3n y enriquecida durante esta pasada edici\u00f3n de la Feria Internacional de Turismo (FITUR), el Gobierno de Caba\u00f1ero anima ahora a \u2018sentir el sabor\u2019, en esta ocasi\u00f3n, a trav\u00e9s del mejor aceite de oliva.<\/p>\n<p style=\"text-align: justify;\">Todo ello, con el objetivo de seguir \u201cfortaleciendo la imagen y la marca de la provincia\u201d, avanzando de la mano de un desarrollo sostenible y de la promoci\u00f3n del territorio a trav\u00e9s de experiencias vinculadas a sus grandes productos agroalimentarios, como el aceite.<\/p>\n<p style=\"text-align: justify;\">La Diputaci\u00f3n de Albacete promueve una cata de aceites de la provincia en la WOOE<\/p>\n<p style=\"text-align: justify;\">Bajo el t\u00edtulo \u2018Albacete: Donde la tradici\u00f3n se fusiona con la calidad en aceites \u00fanicos\u2019, Caba\u00f1ero ha avanzado que la Diputaci\u00f3n tambi\u00e9n impulsar\u00e1 una de las once catas que ha programado esta gran feria sectorial para sus dos jornadas de intensa actividad. Se celebrar\u00e1 el martes 27 a partir de las 13:00 horas y estar\u00e1 conducida por el reconocido catador y ole\u00f3logo Ram\u00f3n Pulgar, vicepresidente de la Asociaci\u00f3n de Asesores de Explotaciones Agrarias (ADAEXA) de C-LM.<\/p>\n<p style=\"text-align: justify;\">Adem\u00e1s de promocionarse, posicionar su marca y ampliar su cartera de contactos, el evento brindar\u00e1 a las almazaras la oportunidad de participar en el completo programa de la feria, que incluye conferencias, la novedad del oleoturismo, cocina en directo y el \u2018Desaf\u00edo WOOE\u2019: una competici\u00f3n culinaria que contar\u00e1 con la nuez de Nerpio entre sus ingredientes.<\/p>\n<p style=\"text-align: justify;\">La provincia de Albacete produce en torno al 10-12% del aceite de oliva de C-LM<\/p>\n<p style=\"text-align: justify;\">Tal y como ha detallado el presidente, la inversi\u00f3n de la Diputaci\u00f3n de Albacete para esta participaci\u00f3n es de 40.000 euros; cifra que asciende a los 51.000 si se suma lo previsto para las ferias del aceite que la instituci\u00f3n provincial contribuye a celebrar en Ontur y Alcaraz y que refleja un apoyo firme a este sector en la provincia, que cuenta con una estimaci\u00f3n aproximada de 13.000 agricultores y agricultoras con olivar que producen en torno al 10-12% del aceite de oliva de C-LM: segunda con mayor producci\u00f3n en Espa\u00f1a tras Andaluc\u00eda.<\/p>\n<p style=\"text-align: justify;\">En 2023, la superficie productiva en la provincia fue de 38.450 hect\u00e1reas (de las 28.950 se cultivaron en secano y 9.500, en regad\u00edo), contando con una significativa producci\u00f3n ecol\u00f3gica (m\u00e1s de 7.850 hect\u00e1reas) y con la Picual, Cornicabra y Arbequina copando el 80% de las variedades producidas, reparti\u00e9ndose el 20% restante otras 55.<\/p>\n<p style=\"text-align: justify;\">Una feria referente para promocionar y fomentar el conocimiento en torno al sector<\/p>\n<p style=\"text-align: justify;\">Como ha se\u00f1alado Santi Caba\u00f1ero, esta presencia en la WOOE 2024 no s\u00f3lo busca promocionar los aceites de la provincia de Albacete, sino tambi\u00e9n \u201cfomentar el conocimiento y aprendizaje sobre el sector\u201d, especialmente, en un momento complejo donde el precio del aceite ha alcanzado m\u00e1ximos hist\u00f3ricos debido a las reducidas cosechas de los \u00faltimos a\u00f1os, fruto de las heladas.<\/p>\n<p style=\"text-align: justify;\">Tanto directamente como a trav\u00e9s del ITAP, Caba\u00f1ero ha subrayado que el Gobierno de la Diputaci\u00f3n de Albacete contin\u00faa trabajando en el apoyo a los y las protagonistas del gran sector agroalimentario provincial, tambi\u00e9n fomentando innovaci\u00f3n y el asesoramiento t\u00e9cnico, en este caso para el cultivo del olivo.<\/p>\n<p style=\"text-align: justify;\">Cuestiones que, ha se\u00f1alado, contribuyen al desarrollo de las econom\u00edas locales y a combatir la despoblaci\u00f3n, reafirmando tambi\u00e9n el compromiso de la provincia con la excelencia y la sostenibilidad que definen al sector primario albacetense y a su industria anexa.<\/p>\n<p><!--publicidad-voz03--><a href=\"https:\/\/www.facebook.com\/profile.php?id=100063593791305&amp;locale=es_ES\"><img decoding=\"async\" class=\"alignnone size-medium\" src=\"https:\/\/blogger.googleusercontent.com\/img\/b\/R29vZ2xl\/AVvXsEi8_n_ll8UOcGxCqzFvb_9Io4ICczlGC990BPtPj2w9Px-u7B3oqWUW5vtjZUqPNJ-nyjiUIorE0ATsib_l5tV8BVN-UJ03RTnU__IHJF_4DgDBtY4LIqXNG-FomrO-7ywes20CBCRM2Hcm7EJSh3UUw1dO-c_uTflUrtgY1i7uBRezj_DpympmEFkfbQY\/s1600\/logo-principal2.jpg\" width=\"100%\" height=\"100\" \/><\/a><!--bestpublic-voz03--><!--desk-in-out-voz03--><br \/>\n<!--publicidad-voz04--><a href=\"https:\/\/www.facebook.com\/profile.php?id=61557370768692&amp;locale=es_ES\"><img decoding=\"async\" class=\"alignnone size-medium\" src=\"https:\/\/blogger.googleusercontent.com\/img\/b\/R29vZ2xl\/AVvXsEgy5RdcfffrnrItnYTcV9bCJjgJwldsQLWssfVfrLbyfXeBNTFKgBf0rMIvhrUaGUhiXzVr9_eQgCbi-j63ZDpfTvLIty9w7s140y-m1yHe7eKmEK7v2NAHUJDVYGdfeiQFeRCqUjdwWmN1MX_AUxxz4IVdJ4WIM0APxit8bjWkXzrnEFGqBvW_1F13H1g\/s1600\/logo-principal5.jpg\" width=\"100%\" height=\"100\" \/><\/a><!--bestpublic-voz04--><!--desk-in-out-voz04--><br \/>\n<!--publicidad-voz05--><a href=\"https:\/\/www.facebook.com\/asociaciontamborileroshellin?locale=es_ES\"><img decoding=\"async\" class=\"alignnone size-medium\" src=\"https:\/\/blogger.googleusercontent.com\/img\/b\/R29vZ2xl\/AVvXsEhHEEpZsKK1VpwiYMrS7aE2ujtqIDZoLd4B5wtbiseSU9s2HdTdQfhF84So2XwEB1fv0BLw95GADm6hUl1bkKtzh-eIgVigXONuu_5RxeIMPhjk8q6uNX4EaEHbooKkbu7pCADWPpVJjhKIH5NQSJpWqedC-YBez4QAQeJYokkLot9bhrIaUAeztsGis6M\/s1600\/logo-principal3.jpg\" width=\"100%\" height=\"100\" \/><\/a><!--bestpublic-voz05--><!--desk-in-out-voz05--><br \/>\n<!--publicidad-voz06--><!--bestpublic-voz06--><!--desk-in-out-voz06--><br \/>\n<!--publicidad-voz07--><!--bestpublic-voz07--><!--desk-in-out-voz07--><br \/>\n<!--publicidad-voz08--><!--bestpublic-voz08--><!--desk-in-out-voz08--><br \/>\n<!--publicidad-voz09--><!--bestpublic-voz09--><!--desk-in-out-voz09--><br \/>\n<!--publicidad-voz10--><!--bestpublic-voz10--><!--desk-in-out-voz10--><br \/>\n<!--publicidad-voz11--><!--bestpublic-voz11--><!--desk-in-out-voz11--><br \/>\n<!--publicidad-voz12--><!--bestpublic-voz12--><!--desk-in-out-voz12--><br \/>\n<!--publicidad-voz13--><!--bestpublic-voz13--><!--desk-in-out-voz13--><br \/>\n<!--publicidad-voz14--><!--bestpublic-voz14--><!--desk-in-out-voz14--><br \/>\n<!--publicidad-voz15--><!--bestpublic-voz15--><!--desk-in-out-voz15--><br \/>\n<!--publicidad-voz16--><!--bestpublic-voz16--><!--desk-in-out-voz16--><\/p>\n","protected":false},"excerpt":{"rendered":"<p>Santi Caba\u00f1ero ha avanzado los detalles de la participaci\u00f3n que, con el impulso de la Diputaci\u00f3n de Albacete, el sector del aceite de oliva de la provincia tendr\u00e1 en la&#8230;<\/p>\n","protected":false},"author":2,"featured_media":147764,"comment_status":"closed","ping_status":"closed","sticky":false,"template":"","format":"standard","meta":{"footnotes":""},"categories":[752,718,715,716,717],"tags":[],"class_list":["post-147763","post","type-post","status-publish","format-standard","has-post-thumbnail","hentry","category-blog-lv033","category-blogger","category-la-voz-de-hellin","category-la-voz-de-hellin-la-voz-de-hellin","category-noticias"],"_links":{"self":[{"href":"https:\/\/lavozdehellin.com\/noticias\/wp-json\/wp\/v2\/posts\/147763","targetHints":{"allow":["GET"]}}],"collection":[{"href":"https:\/\/lavozdehellin.com\/noticias\/wp-json\/wp\/v2\/posts"}],"about":[{"href":"https:\/\/lavozdehellin.com\/noticias\/wp-json\/wp\/v2\/types\/post"}],"author":[{"embeddable":true,"href":"https:\/\/lavozdehellin.com\/noticias\/wp-json\/wp\/v2\/users\/2"}],"replies":[{"embeddable":true,"href":"https:\/\/lavozdehellin.com\/noticias\/wp-json\/wp\/v2\/comments?post=147763"}],"version-history":[{"count":0,"href":"https:\/\/lavozdehellin.com\/noticias\/wp-json\/wp\/v2\/posts\/147763\/revisions"}],"wp:featuredmedia":[{"embeddable":true,"href":"https:\/\/lavozdehellin.com\/noticias\/wp-json\/wp\/v2\/media\/147764"}],"wp:attachment":[{"href":"https:\/\/lavozdehellin.com\/noticias\/wp-json\/wp\/v2\/media?parent=147763"}],"wp:term":[{"taxonomy":"category","embeddable":true,"href":"https:\/\/lavozdehellin.com\/noticias\/wp-json\/wp\/v2\/categories?post=147763"},{"taxonomy":"post_tag","embeddable":true,"href":"https:\/\/lavozdehellin.com\/noticias\/wp-json\/wp\/v2\/tags?post=147763"}],"curies":[{"name":"wp","href":"https:\/\/api.w.org\/{rel}","templated":true}]}}