{"id":148276,"date":"2024-02-25T10:44:29","date_gmt":"2024-02-25T10:44:29","guid":{"rendered":"https:\/\/lavozdehellin.com\/noticias\/?p=148276"},"modified":"2024-02-26T10:21:57","modified_gmt":"2024-02-26T09:21:57","slug":"v08-227-la-diputacion-de-albacete-colaborara-con-el-xv-congreso-nacional-de-cofradias-de-jesus-nazareno-cautivo-que-hellin-acoge-en-abril","status":"publish","type":"post","link":"https:\/\/lavozdehellin.com\/noticias\/v08-227-la-diputacion-de-albacete-colaborara-con-el-xv-congreso-nacional-de-cofradias-de-jesus-nazareno-cautivo-que-hellin-acoge-en-abril\/","title":{"rendered":"LVH NOTICIAS | LA DIPUTACI\u00d3N DE ALBACETE COLABORAR\u00c1 CON EL XV CONGRESO NACIONAL DE COFRAD\u00cdAS DE JES\u00daS NAZARENO CAUTIVO QUE HELL\u00cdN ACOGE EN ABRIL"},"content":{"rendered":"<p style=\"text-align: justify;\">El Gobierno Provincial de Albacete, presidido por Santi Caba\u00f1ero, va a respaldar el XV Congreso Nacional de Cofrad\u00edas de Jes\u00fas Nazareno Cautivo, Rescatado de Medinaceli, que se va a celebrar en Hell\u00edn los d\u00edas 19, 20 y 21 de abril.<\/p>\n<p><!--more--><br \/>\n<!--publicidad-voz01--><a href=\"https:\/\/www.facebook.com\/SoloRadioHellin\/?locale=es_ES\"><img decoding=\"async\" class=\"alignnone size-medium\" src=\"https:\/\/blogger.googleusercontent.com\/img\/b\/R29vZ2xl\/AVvXsEiNncirNnyGedv00mhjZjh5Wl4_YPdJGanoAl8tL8zH-HwqE8uHqjEfSt340RHdx-9tuCSIkZ8rFamZiGyYlgDGxCsmXjCH_1xk5eYM3ntFZRvJP_jndOKR7w1UAo9Tu0vrZyOLfqRpHIxYI5SymJJ-pfGCQw6QVpggBH-UgfjiFQ2JOxqxG0Jx94kW83c\/s1600\/logo-principal.jpg\" width=\"100%\" height=\"100\" \/><\/a><!--bestpublic-voz01--><!--desk-in-out-voz01--><br \/>\n<!--publicidad-voz02--><a href=\"https:\/\/www.hellincf.com\/\"><img decoding=\"async\" class=\"alignnone size-medium\" src=\"https:\/\/blogger.googleusercontent.com\/img\/b\/R29vZ2xl\/AVvXsEhuZ4-XfBVj3UtdP8-RZugy3WVrg-Zv28c53m4oV47qYCxL1rX_dqWX_YddsGSnpH5SRDqZ7bZeKPIfDVCDncpjVlhy3aQs2vojcJBn7Gdv9hC2_Nzct_pRFrnFE1a7KTCdY1bT_kAgnY3-iadRZrGeJf1fR2P5fu11bokx0pWjaypoy-ctwCjklldpEbA\/s1600\/logo-principal7.jpg\" width=\"100%\" height=\"100\" \/><\/a><!--bestpublic-voz02--><!--desk-in-out-voz02--><\/p>\n<p style=\"text-align: justify;\">En un gesto m\u00e1s del compromiso con la preservaci\u00f3n y la promoci\u00f3n del legado cultural, hist\u00f3rico y patrimonial de la provincia, la Diputaci\u00f3n conceder\u00e1 una Ayuda Excepcional a la Archicofrad\u00eda de Nuestro Padre Jes\u00fas de Medinaceli de Hell\u00edn para la organizaci\u00f3n de este evento.<\/p>\n<p style=\"text-align: justify;\">Santi Caba\u00f1ero, acompa\u00f1ado del diputado al frente del \u00c1rea Social, Jos\u00e9 Gonz\u00e1lez, ha mantenido un encuentro con el Hermano Mayor, Jos\u00e9 Aurelio Mart\u00ednez Medina, y otros integrantes de la Archicofrad\u00eda en la sede de \u00e9sta donde, tras intercambiar impresiones acerca de la preparaci\u00f3n y los objetivos en torno al evento, les comunicaba personalmente este respaldo con el que la Diputaci\u00f3n afianza su apuesta por preservar cuestiones que enriquecen a la provincia de Albacete, cualitativa y cuantitativamente.<\/p>\n<p style=\"text-align: justify;\">Para empezar, con un \u201cimpacto p\u00fablico\u201d, ya que se prev\u00e9 que atraiga la atenci\u00f3n de participantes y fieles de las cofrad\u00edas de Jes\u00fas Nazareno Cautivo, Rescatado de Medinaceli de toda Espa\u00f1a, con m\u00e1s de doscientas convocadas: visitantes directos (a la ciudad y a la provincia) que, adem\u00e1s de fomentar la econom\u00eda (con el consiguiente aumento en la ocupaci\u00f3n hotelera, la demanda de servicios gastron\u00f3micos y de ocio, y las compras en comercios locales), impulsar\u00e1n el intercambio cultural y social entre territorios.<\/p>\n<p style=\"text-align: justify;\">Un evento \u00fanico con m\u00faltiples impactos positivos<\/p>\n<p style=\"text-align: justify;\">Como ha comentado Caba\u00f1ero, albergar una cita de esta magnitud ser\u00e1 tambi\u00e9n una plataforma de promoci\u00f3n de Hell\u00edn y de la provincia a nivel nacional e internacional, teniendo en cuenta la cobertura medi\u00e1tica relacionada con el Congreso como las actividades asociadas al mismo.<\/p>\n<p style=\"text-align: justify;\">Adem\u00e1s, ha se\u00f1alado que la celebraci\u00f3n del congreso en una ciudad con una Semana Santa excepcional y unas Tamboradas de Inter\u00e9s Tur\u00edstico Internacional, resaltar\u00e1 m\u00e1s si cabe la importancia cultural, art\u00edstica y patrimonial hellineras, enriqueciendo la experiencia cultural de quienes asistan y promoviendo la preservaci\u00f3n de \u201cexpresiones \u00fanicas\u201d que afianzan \u201cla identidad territorial de muchas generaciones\u201d.<\/p>\n<p style=\"text-align: justify;\">Caba\u00f1ero ha aprovechado para felicitar a quienes conforman y han conformado, a lo largo del tiempo, la Archicofrad\u00eda de Nuestro Padre Jes\u00fas de Medinaceli, por haberse ganado el respeto y la confianza precisos para asumir la responsabilidad de coordinar la celebraci\u00f3n de un evento de este calado. Con m\u00e1s de 550 cofrades, fue fundada en 1947; tiene como imagen titular la de Nuestro Padre Jes\u00fas de Medinaceli, creada en el mismo a\u00f1o por el escultor Faustino Sanz Herranz y emplazada en la Parroquia de San Roque de la localidad.<\/p>\n<p style=\"text-align: justify;\">Con la concesi\u00f3n de esta Ayuda Extraordinaria, el Gobierno Provincial se enorgullece de brindarle respaldo para el \u00e9xito de ese XV Congreso Nacional de Cofrad\u00edas de Jes\u00fas Nazareno Cautivo, Rescatado de Medinaceli que, poniendo el acento en Hell\u00edn, ser\u00e1 un evento importante a nivel de repercusi\u00f3n y promoci\u00f3n para la provincia de Albacete.<\/p>\n<p><!--publicidad-voz03--><a href=\"https:\/\/www.facebook.com\/profile.php?id=100063593791305&amp;locale=es_ES\"><img decoding=\"async\" class=\"alignnone size-medium\" src=\"https:\/\/blogger.googleusercontent.com\/img\/b\/R29vZ2xl\/AVvXsEi8_n_ll8UOcGxCqzFvb_9Io4ICczlGC990BPtPj2w9Px-u7B3oqWUW5vtjZUqPNJ-nyjiUIorE0ATsib_l5tV8BVN-UJ03RTnU__IHJF_4DgDBtY4LIqXNG-FomrO-7ywes20CBCRM2Hcm7EJSh3UUw1dO-c_uTflUrtgY1i7uBRezj_DpympmEFkfbQY\/s1600\/logo-principal2.jpg\" width=\"100%\" height=\"100\" \/><\/a><!--bestpublic-voz03--><!--desk-in-out-voz03--><br \/>\n<!--publicidad-voz04--><a href=\"https:\/\/www.facebook.com\/profile.php?id=61557370768692&amp;locale=es_ES\"><img decoding=\"async\" class=\"alignnone size-medium\" src=\"https:\/\/blogger.googleusercontent.com\/img\/b\/R29vZ2xl\/AVvXsEgy5RdcfffrnrItnYTcV9bCJjgJwldsQLWssfVfrLbyfXeBNTFKgBf0rMIvhrUaGUhiXzVr9_eQgCbi-j63ZDpfTvLIty9w7s140y-m1yHe7eKmEK7v2NAHUJDVYGdfeiQFeRCqUjdwWmN1MX_AUxxz4IVdJ4WIM0APxit8bjWkXzrnEFGqBvW_1F13H1g\/s1600\/logo-principal5.jpg\" width=\"100%\" height=\"100\" \/><\/a><!--bestpublic-voz04--><!--desk-in-out-voz04--><br \/>\n<!--publicidad-voz05--><a href=\"https:\/\/www.facebook.com\/asociaciontamborileroshellin?locale=es_ES\"><img decoding=\"async\" class=\"alignnone size-medium\" src=\"https:\/\/blogger.googleusercontent.com\/img\/b\/R29vZ2xl\/AVvXsEhHEEpZsKK1VpwiYMrS7aE2ujtqIDZoLd4B5wtbiseSU9s2HdTdQfhF84So2XwEB1fv0BLw95GADm6hUl1bkKtzh-eIgVigXONuu_5RxeIMPhjk8q6uNX4EaEHbooKkbu7pCADWPpVJjhKIH5NQSJpWqedC-YBez4QAQeJYokkLot9bhrIaUAeztsGis6M\/s1600\/logo-principal3.jpg\" width=\"100%\" height=\"100\" \/><\/a><!--bestpublic-voz05--><!--desk-in-out-voz05--><br \/>\n<!--publicidad-voz06--><!--bestpublic-voz06--><!--desk-in-out-voz06--><br \/>\n<!--publicidad-voz07--><!--bestpublic-voz07--><!--desk-in-out-voz07--><br \/>\n<!--publicidad-voz08--><!--bestpublic-voz08--><!--desk-in-out-voz08--><br \/>\n<!--publicidad-voz09--><!--bestpublic-voz09--><!--desk-in-out-voz09--><br \/>\n<!--publicidad-voz10--><!--bestpublic-voz10--><!--desk-in-out-voz10--><br \/>\n<!--publicidad-voz11--><!--bestpublic-voz11--><!--desk-in-out-voz11--><br \/>\n<!--publicidad-voz12--><!--bestpublic-voz12--><!--desk-in-out-voz12--><br \/>\n<!--publicidad-voz13--><!--bestpublic-voz13--><!--desk-in-out-voz13--><br \/>\n<!--publicidad-voz14--><!--bestpublic-voz14--><!--desk-in-out-voz14--><br \/>\n<!--publicidad-voz15--><!--bestpublic-voz15--><!--desk-in-out-voz15--><br \/>\n<!--publicidad-voz16--><!--bestpublic-voz16--><!--desk-in-out-voz16--><\/p>\n","protected":false},"excerpt":{"rendered":"<p>El Gobierno Provincial de Albacete, presidido por Santi Caba\u00f1ero, va a respaldar el XV Congreso Nacional de Cofrad\u00edas de Jes\u00fas Nazareno Cautivo, Rescatado de Medinaceli, que se va a celebrar&#8230;<\/p>\n","protected":false},"author":2,"featured_media":148277,"comment_status":"closed","ping_status":"closed","sticky":false,"template":"","format":"standard","meta":{"footnotes":""},"categories":[752,718,715,716,717],"tags":[],"class_list":["post-148276","post","type-post","status-publish","format-standard","has-post-thumbnail","hentry","category-blog-lv033","category-blogger","category-la-voz-de-hellin","category-la-voz-de-hellin-la-voz-de-hellin","category-noticias"],"_links":{"self":[{"href":"https:\/\/lavozdehellin.com\/noticias\/wp-json\/wp\/v2\/posts\/148276","targetHints":{"allow":["GET"]}}],"collection":[{"href":"https:\/\/lavozdehellin.com\/noticias\/wp-json\/wp\/v2\/posts"}],"about":[{"href":"https:\/\/lavozdehellin.com\/noticias\/wp-json\/wp\/v2\/types\/post"}],"author":[{"embeddable":true,"href":"https:\/\/lavozdehellin.com\/noticias\/wp-json\/wp\/v2\/users\/2"}],"replies":[{"embeddable":true,"href":"https:\/\/lavozdehellin.com\/noticias\/wp-json\/wp\/v2\/comments?post=148276"}],"version-history":[{"count":0,"href":"https:\/\/lavozdehellin.com\/noticias\/wp-json\/wp\/v2\/posts\/148276\/revisions"}],"wp:featuredmedia":[{"embeddable":true,"href":"https:\/\/lavozdehellin.com\/noticias\/wp-json\/wp\/v2\/media\/148277"}],"wp:attachment":[{"href":"https:\/\/lavozdehellin.com\/noticias\/wp-json\/wp\/v2\/media?parent=148276"}],"wp:term":[{"taxonomy":"category","embeddable":true,"href":"https:\/\/lavozdehellin.com\/noticias\/wp-json\/wp\/v2\/categories?post=148276"},{"taxonomy":"post_tag","embeddable":true,"href":"https:\/\/lavozdehellin.com\/noticias\/wp-json\/wp\/v2\/tags?post=148276"}],"curies":[{"name":"wp","href":"https:\/\/api.w.org\/{rel}","templated":true}]}}