{"id":148283,"date":"2024-02-23T11:57:24","date_gmt":"2024-02-23T10:57:24","guid":{"rendered":"https:\/\/lavozdehellin.com\/noticias\/?p=148283"},"modified":"2024-02-26T10:21:57","modified_gmt":"2024-02-26T09:21:57","slug":"v08-225-la-diputacion-de-albacete-impulsa-un-proyecto-para-actualizar-y-modernizar-el-sistema-de-informacion-del-padron-municipal-a-traves-de-los-next-generation","status":"publish","type":"post","link":"https:\/\/lavozdehellin.com\/noticias\/v08-225-la-diputacion-de-albacete-impulsa-un-proyecto-para-actualizar-y-modernizar-el-sistema-de-informacion-del-padron-municipal-a-traves-de-los-next-generation\/","title":{"rendered":"LVH NOTICIAS | LA DIPUTACI\u00d3N DE ALBACETE IMPULSA UN PROYECTO PARA ACTUALIZAR Y MODERNIZAR EL SISTEMA DE INFORMACI\u00d3N DEL PADR\u00d3N MUNICIPAL A TRAV\u00c9S DE LOS NEXT GENERATION"},"content":{"rendered":"<p style=\"text-align: justify;\">El vicepresidente de la Diputaci\u00f3n de Albacete, Fran Valera, ha mantenido una reuni\u00f3n de trabajo con una nutrida representaci\u00f3n de alcaldes y alcaldesas del conjunto de la provincia, as\u00ed como con secretarios, secretarias y personal t\u00e9cnico de los distintos Ayuntamientos, con el objetivo de darles a conocer personalmente los detalles del proyecto que la instituci\u00f3n provincial est\u00e1 impulsando para la reforma del sistema de informaci\u00f3n del padr\u00f3n de habitantes en el marco de la Convocatoria de subvenciones destinadas a la Transformaci\u00f3n Digital y Modernizaci\u00f3n de los Sistemas de Gesti\u00f3n del Padr\u00f3n Municipal de las Entidades Locales, incluida en el Plan de Recuperaci\u00f3n, Transformaci\u00f3n y Resiliencia, Next Generation, del Gobierno de Espa\u00f1a por medio del Ministerio de Pol\u00edtica Territorial.<\/p>\n<p><!--more--><br \/>\n<!--publicidad-voz01--><a href=\"https:\/\/www.facebook.com\/SoloRadioHellin\/?locale=es_ES\"><img decoding=\"async\" class=\"alignnone size-medium\" src=\"https:\/\/blogger.googleusercontent.com\/img\/b\/R29vZ2xl\/AVvXsEiNncirNnyGedv00mhjZjh5Wl4_YPdJGanoAl8tL8zH-HwqE8uHqjEfSt340RHdx-9tuCSIkZ8rFamZiGyYlgDGxCsmXjCH_1xk5eYM3ntFZRvJP_jndOKR7w1UAo9Tu0vrZyOLfqRpHIxYI5SymJJ-pfGCQw6QVpggBH-UgfjiFQ2JOxqxG0Jx94kW83c\/s1600\/logo-principal.jpg\" width=\"100%\" height=\"100\" \/><\/a><!--bestpublic-voz01--><!--desk-in-out-voz01--><br \/>\n<!--publicidad-voz02--><a href=\"https:\/\/www.hellincf.com\/\"><img decoding=\"async\" class=\"alignnone size-medium\" src=\"https:\/\/blogger.googleusercontent.com\/img\/b\/R29vZ2xl\/AVvXsEhuZ4-XfBVj3UtdP8-RZugy3WVrg-Zv28c53m4oV47qYCxL1rX_dqWX_YddsGSnpH5SRDqZ7bZeKPIfDVCDncpjVlhy3aQs2vojcJBn7Gdv9hC2_Nzct_pRFrnFE1a7KTCdY1bT_kAgnY3-iadRZrGeJf1fR2P5fu11bokx0pWjaypoy-ctwCjklldpEbA\/s1600\/logo-principal7.jpg\" width=\"100%\" height=\"100\" \/><\/a><!--bestpublic-voz02--><!--desk-in-out-voz02--><\/p>\n<p style=\"text-align: justify;\">Se trata, tal y como se ha explicado, de una l\u00ednea de ayudas cuyos beneficiarios son las Diputaciones provinciales, en el caso concreto de la de Albacete se le ha adjudicado 1.000.000 \u20ac, y sus destinatarios directos son los municipios de menos de 20.000 habitantes, aunque se va a incluir a la totalidad de Consistorios de la provincia para facilitarles las herramientas desarrolladas y, de esta forma, homogeneizar el cambio del modelo de informaci\u00f3n. Por ello, desde la instituci\u00f3n provincial albacetense se est\u00e1 trabajando en esta direcci\u00f3n.<\/p>\n<p style=\"text-align: justify;\">Y durante el encuentro, en el que tambi\u00e9n han participado la diputada de ATM, Llanos S\u00e1nchez; el jefe del Servicio de Modernizaci\u00f3n Administrativa y TIC, Jos\u00e9 Joaqu\u00edn de Haro; y el coordinador del Plan de Administraci\u00f3n Electr\u00f3nica, Antonio Villaescusa, Valera ha explicado que se trata de un proyecto ambicioso y muy completo, y ha animado a los Ayuntamientos a sumarse, remarcando que se trata de una propuesta \u201csin coste alguno para \u00e9stos y muy beneficiosa, con la que se persigue dar un impulso a la actualizaci\u00f3n de los padrones, que se gestionan de forma muy arcaica y con poca coordinaci\u00f3n\u201d.<\/p>\n<p style=\"text-align: justify;\">Adem\u00e1s, ha avanzado que este proyecto sigue dos l\u00edneas de acci\u00f3n coordinadas por el propio Servicio de Modernizaci\u00f3n Administrativa y TIC de la Diputaci\u00f3n de Albacete. La primera de ellas, hace alusi\u00f3n a la modernizaci\u00f3n propiamente dicha del padr\u00f3n, en lo que supone la puesta en marcha de un nuevo sistema de gesti\u00f3n de la informaci\u00f3n sobre el territorio de \u00e1mbito municipal, introduciendo tres elementos: vivienda (entendida como referencia catastral pura y dura), hogar (los n\u00facleos familiares que pudiera haber en esa vivienda) y las personas. En este punto, Valera ha puesto en valor que se utilizar\u00e1 como medio propio el Consorcio de Atenci\u00f3n Ciudadana.<\/p>\n<p style=\"text-align: justify;\">Por su parte, la segunda acci\u00f3n ser\u00e1 el desarrollo de un nuevo sistema de intercambio de informaci\u00f3n padronal en tiempo real entre municipios y el Instituto Nacional de Estad\u00edstica (INE).<\/p>\n<p style=\"text-align: justify;\">Acciones que vienen a mejorar un servicio muy importante para los municipios, facilitando el d\u00eda a d\u00eda de los ayuntamientos y ofreciendo una informaci\u00f3n m\u00e1s acorde a la realidad de cada territorio.<\/p>\n<p><!--publicidad-voz03--><a href=\"https:\/\/www.facebook.com\/profile.php?id=100063593791305&amp;locale=es_ES\"><img decoding=\"async\" class=\"alignnone size-medium\" src=\"https:\/\/blogger.googleusercontent.com\/img\/b\/R29vZ2xl\/AVvXsEi8_n_ll8UOcGxCqzFvb_9Io4ICczlGC990BPtPj2w9Px-u7B3oqWUW5vtjZUqPNJ-nyjiUIorE0ATsib_l5tV8BVN-UJ03RTnU__IHJF_4DgDBtY4LIqXNG-FomrO-7ywes20CBCRM2Hcm7EJSh3UUw1dO-c_uTflUrtgY1i7uBRezj_DpympmEFkfbQY\/s1600\/logo-principal2.jpg\" width=\"100%\" height=\"100\" \/><\/a><!--bestpublic-voz03--><!--desk-in-out-voz03--><br \/>\n<!--publicidad-voz04--><a href=\"https:\/\/www.facebook.com\/profile.php?id=61557370768692&amp;locale=es_ES\"><img decoding=\"async\" class=\"alignnone size-medium\" src=\"https:\/\/blogger.googleusercontent.com\/img\/b\/R29vZ2xl\/AVvXsEgy5RdcfffrnrItnYTcV9bCJjgJwldsQLWssfVfrLbyfXeBNTFKgBf0rMIvhrUaGUhiXzVr9_eQgCbi-j63ZDpfTvLIty9w7s140y-m1yHe7eKmEK7v2NAHUJDVYGdfeiQFeRCqUjdwWmN1MX_AUxxz4IVdJ4WIM0APxit8bjWkXzrnEFGqBvW_1F13H1g\/s1600\/logo-principal5.jpg\" width=\"100%\" height=\"100\" \/><\/a><!--bestpublic-voz04--><!--desk-in-out-voz04--><br \/>\n<!--publicidad-voz05--><a href=\"https:\/\/www.facebook.com\/asociaciontamborileroshellin?locale=es_ES\"><img decoding=\"async\" class=\"alignnone size-medium\" src=\"https:\/\/blogger.googleusercontent.com\/img\/b\/R29vZ2xl\/AVvXsEhHEEpZsKK1VpwiYMrS7aE2ujtqIDZoLd4B5wtbiseSU9s2HdTdQfhF84So2XwEB1fv0BLw95GADm6hUl1bkKtzh-eIgVigXONuu_5RxeIMPhjk8q6uNX4EaEHbooKkbu7pCADWPpVJjhKIH5NQSJpWqedC-YBez4QAQeJYokkLot9bhrIaUAeztsGis6M\/s1600\/logo-principal3.jpg\" width=\"100%\" height=\"100\" \/><\/a><!--bestpublic-voz05--><!--desk-in-out-voz05--><br \/>\n<!--publicidad-voz06--><!--bestpublic-voz06--><!--desk-in-out-voz06--><br \/>\n<!--publicidad-voz07--><!--bestpublic-voz07--><!--desk-in-out-voz07--><br \/>\n<!--publicidad-voz08--><!--bestpublic-voz08--><!--desk-in-out-voz08--><br \/>\n<!--publicidad-voz09--><!--bestpublic-voz09--><!--desk-in-out-voz09--><br \/>\n<!--publicidad-voz10--><!--bestpublic-voz10--><!--desk-in-out-voz10--><br \/>\n<!--publicidad-voz11--><!--bestpublic-voz11--><!--desk-in-out-voz11--><br \/>\n<!--publicidad-voz12--><!--bestpublic-voz12--><!--desk-in-out-voz12--><br \/>\n<!--publicidad-voz13--><!--bestpublic-voz13--><!--desk-in-out-voz13--><br \/>\n<!--publicidad-voz14--><!--bestpublic-voz14--><!--desk-in-out-voz14--><br \/>\n<!--publicidad-voz15--><!--bestpublic-voz15--><!--desk-in-out-voz15--><br \/>\n<!--publicidad-voz16--><!--bestpublic-voz16--><!--desk-in-out-voz16--><\/p>\n","protected":false},"excerpt":{"rendered":"<p>El vicepresidente de la Diputaci\u00f3n de Albacete, Fran Valera, ha mantenido una reuni\u00f3n de trabajo con una nutrida representaci\u00f3n de alcaldes y alcaldesas del conjunto de la provincia, as\u00ed como&#8230;<\/p>\n","protected":false},"author":2,"featured_media":148284,"comment_status":"closed","ping_status":"closed","sticky":false,"template":"","format":"standard","meta":{"footnotes":""},"categories":[752,718,715,716,717],"tags":[],"class_list":["post-148283","post","type-post","status-publish","format-standard","has-post-thumbnail","hentry","category-blog-lv033","category-blogger","category-la-voz-de-hellin","category-la-voz-de-hellin-la-voz-de-hellin","category-noticias"],"_links":{"self":[{"href":"https:\/\/lavozdehellin.com\/noticias\/wp-json\/wp\/v2\/posts\/148283","targetHints":{"allow":["GET"]}}],"collection":[{"href":"https:\/\/lavozdehellin.com\/noticias\/wp-json\/wp\/v2\/posts"}],"about":[{"href":"https:\/\/lavozdehellin.com\/noticias\/wp-json\/wp\/v2\/types\/post"}],"author":[{"embeddable":true,"href":"https:\/\/lavozdehellin.com\/noticias\/wp-json\/wp\/v2\/users\/2"}],"replies":[{"embeddable":true,"href":"https:\/\/lavozdehellin.com\/noticias\/wp-json\/wp\/v2\/comments?post=148283"}],"version-history":[{"count":0,"href":"https:\/\/lavozdehellin.com\/noticias\/wp-json\/wp\/v2\/posts\/148283\/revisions"}],"wp:featuredmedia":[{"embeddable":true,"href":"https:\/\/lavozdehellin.com\/noticias\/wp-json\/wp\/v2\/media\/148284"}],"wp:attachment":[{"href":"https:\/\/lavozdehellin.com\/noticias\/wp-json\/wp\/v2\/media?parent=148283"}],"wp:term":[{"taxonomy":"category","embeddable":true,"href":"https:\/\/lavozdehellin.com\/noticias\/wp-json\/wp\/v2\/categories?post=148283"},{"taxonomy":"post_tag","embeddable":true,"href":"https:\/\/lavozdehellin.com\/noticias\/wp-json\/wp\/v2\/tags?post=148283"}],"curies":[{"name":"wp","href":"https:\/\/api.w.org\/{rel}","templated":true}]}}