{"id":148286,"date":"2024-02-22T20:31:25","date_gmt":"2024-02-22T19:31:25","guid":{"rendered":"https:\/\/lavozdehellin.com\/noticias\/?p=148286"},"modified":"2024-02-26T10:21:57","modified_gmt":"2024-02-26T09:21:57","slug":"v08-224-el-presidente-de-la-diputacion-celebra-el-medio-siglo-de-compromiso-del-centro-asociado-de-la-uned-en-albacete-con-la-educacion-y-el-progreso-provincial","status":"publish","type":"post","link":"https:\/\/lavozdehellin.com\/noticias\/v08-224-el-presidente-de-la-diputacion-celebra-el-medio-siglo-de-compromiso-del-centro-asociado-de-la-uned-en-albacete-con-la-educacion-y-el-progreso-provincial\/","title":{"rendered":"LVH NOTICIAS | EL PRESIDENTE DE LA DIPUTACI\u00d3N CELEBRA EL MEDIO SIGLO DE COMPROMISO DEL CENTRO ASOCIADO DE LA UNED EN ALBACETE CON LA EDUCACI\u00d3N Y EL PROGRESO PROVINCIAL"},"content":{"rendered":"<p style=\"text-align: justify;\">Este jueves la Universidad Nacional de Educaci\u00f3n a Distancia (UNED) ha celebrado un hito hist\u00f3rico: el 50\u00ba aniversario de su Centro Asociado de Albacete.<\/p>\n<p><!--more--><br \/>\n<!--publicidad-voz01--><a href=\"https:\/\/www.facebook.com\/SoloRadioHellin\/?locale=es_ES\"><img decoding=\"async\" class=\"alignnone size-medium\" src=\"https:\/\/blogger.googleusercontent.com\/img\/b\/R29vZ2xl\/AVvXsEiNncirNnyGedv00mhjZjh5Wl4_YPdJGanoAl8tL8zH-HwqE8uHqjEfSt340RHdx-9tuCSIkZ8rFamZiGyYlgDGxCsmXjCH_1xk5eYM3ntFZRvJP_jndOKR7w1UAo9Tu0vrZyOLfqRpHIxYI5SymJJ-pfGCQw6QVpggBH-UgfjiFQ2JOxqxG0Jx94kW83c\/s1600\/logo-principal.jpg\" width=\"100%\" height=\"100\" \/><\/a><!--bestpublic-voz01--><!--desk-in-out-voz01--><br \/>\n<!--publicidad-voz02--><a href=\"https:\/\/www.hellincf.com\/\"><img decoding=\"async\" class=\"alignnone size-medium\" src=\"https:\/\/blogger.googleusercontent.com\/img\/b\/R29vZ2xl\/AVvXsEhuZ4-XfBVj3UtdP8-RZugy3WVrg-Zv28c53m4oV47qYCxL1rX_dqWX_YddsGSnpH5SRDqZ7bZeKPIfDVCDncpjVlhy3aQs2vojcJBn7Gdv9hC2_Nzct_pRFrnFE1a7KTCdY1bT_kAgnY3-iadRZrGeJf1fR2P5fu11bokx0pWjaypoy-ctwCjklldpEbA\/s1600\/logo-principal7.jpg\" width=\"100%\" height=\"100\" \/><\/a><!--bestpublic-voz02--><!--desk-in-out-voz02--><\/p>\n<p style=\"text-align: justify;\">Un evento que ha reunido a representantes tanto del \u00e1mbito institucional como educativo y social del territorio, incluido el presidente de la Diputaci\u00f3n, Santi Caba\u00f1ero, quien tambi\u00e9n preside el Patronato del Consorcio Universitario del Centro Asociado de la UNED en Albacete.<\/p>\n<p style=\"text-align: justify;\">La cita ha conmemorado las cinco d\u00e9cadas de historia compartida con el territorio albacetense desde la apertura del Centro Asociado, dando forma a una instituci\u00f3n que ha sido clave en \u201cla democratizaci\u00f3n del acceso a la educaci\u00f3n superior en la provincia\u201d, como ha subrayado Caba\u00f1ero, refiri\u00e9ndose al dato de que, desde su creaci\u00f3n en 1973, la entidad educativa haya facilitado la formaci\u00f3n a m\u00e1s de 90.000 estudiantes, convirti\u00e9ndose en \u201cun faro de oportunidades\u201d y \u201cuna referencia\u201d clave para sentar las bases de una mejor la calidad de vida para muchas personas.<\/p>\n<p style=\"text-align: justify;\">Durante el acto, se ha hecho entrega de placas conmemorativas a quienes, durante estos a\u00f1os, han asumido la Direcci\u00f3n del Centro Asociado de la UNED en Albacete y se ha inaugurado oficialmente la exposici\u00f3n sobre sus \u201850 a\u00f1os de formaci\u00f3n y cultura\u2019. La muestra, abierta a todo el p\u00fablico hasta finales de mes en sus instalaciones, es un reflejo del\u201d compromiso continuo del centro con la cohesi\u00f3n social y territorial\u201d, y de \u201csu importante rol en la lucha contra la despoblaci\u00f3n y el fortalecimiento de la provincia a trav\u00e9s de la educaci\u00f3n\u201d, como ha resaltado el presidente.<\/p>\n<p style=\"text-align: justify;\">En sus palabras, Santi Caba\u00f1ero ha enfatizado el orgullo que representa para la Diputaci\u00f3n el haber apoyado al Centro Asociado de la UNED en Albacete desde su creaci\u00f3n con un acuerdo entre ambas partes y la antigua \u2018Caja de Ahorros Provincial de Albacete\u2019.<\/p>\n<p style=\"text-align: justify;\">En esa l\u00ednea, tambi\u00e9n ha destacado el esfuerzo de la universidad para impulsar las \u2018aulas universitarias\u2019 de Hell\u00edn, Almansa y Villarrobledo y, muy especialmente, el hito que se vivi\u00f3 en 1999, con el traslado a la actual sede, cedida por la Diputaci\u00f3n de Albacete, siendo fundamental ese \u201cv\u00ednculo\u201d para hacer de esta modalidad de educaci\u00f3n superior una \u201cherramienta de transformaci\u00f3n y progreso social\u201d.<\/p>\n<p style=\"text-align: justify;\">\u00ab50 a\u00f1os -ha se\u00f1alado -, de acceso a la formaci\u00f3n, al saber, a la cultura, rompiendo barreras y haci\u00e9ndola accesible a todos y todas, sin importar sus circunstancias\u00bb ha se\u00f1alado Caba\u00f1ero reiterando tambi\u00e9n el \u201capoyo firme y continuado de la Diputaci\u00f3n al centro\u201d y subrayando \u201cel compromiso de la instituci\u00f3n provincial con la promoci\u00f3n de una educaci\u00f3n p\u00fablica de calidad como motor de desarrollo y progreso\u201d.<\/p>\n<p style=\"text-align: justify;\">El m\u00e1ximo responsable de la Diputaci\u00f3n, que ha acudido junto al diputado provincial de Educaci\u00f3n y Cultura, Miguel Zamora, y al diputado y coordinador del \u00c1rea Social, Jos\u00e9 Gonz\u00e1lez, ha felicitado al Rector de la UNED, Ricardo Marial; al director del Centro Asociado, Ricardo Mart\u00ednez; al personal docente, administrativo ligado a las instalaciones de Albacete; y, muy especialmente, a los y las estudiantes que las han llenado de sentido durante estas cinco d\u00e9cadas y cuya dedicaci\u00f3n y esfuerzo han hecho posible que el centro sea hoy \u201cun referente en la educaci\u00f3n a distancia\u201d.<\/p>\n<p style=\"text-align: justify;\">Como ha concluido Caba\u00f1ero, esta conmemoraci\u00f3n no s\u00f3lo celebra el 50\u00ba aniversario del Centro Asociado de la UNED en Albacete, sino tambi\u00e9n \u201cel poder transformador de la educaci\u00f3n y el compromiso compartido con el progreso de la sociedad\u201d porque \u00e9sta, ha concluido, \u00abes la historia de un \u00e9xito colectivo\u00bb.<\/p>\n<p><!--publicidad-voz03--><a href=\"https:\/\/www.facebook.com\/profile.php?id=100063593791305&amp;locale=es_ES\"><img decoding=\"async\" class=\"alignnone size-medium\" src=\"https:\/\/blogger.googleusercontent.com\/img\/b\/R29vZ2xl\/AVvXsEi8_n_ll8UOcGxCqzFvb_9Io4ICczlGC990BPtPj2w9Px-u7B3oqWUW5vtjZUqPNJ-nyjiUIorE0ATsib_l5tV8BVN-UJ03RTnU__IHJF_4DgDBtY4LIqXNG-FomrO-7ywes20CBCRM2Hcm7EJSh3UUw1dO-c_uTflUrtgY1i7uBRezj_DpympmEFkfbQY\/s1600\/logo-principal2.jpg\" width=\"100%\" height=\"100\" \/><\/a><!--bestpublic-voz03--><!--desk-in-out-voz03--><br \/>\n<!--publicidad-voz04--><a href=\"https:\/\/www.facebook.com\/profile.php?id=61557370768692&amp;locale=es_ES\"><img decoding=\"async\" class=\"alignnone size-medium\" src=\"https:\/\/blogger.googleusercontent.com\/img\/b\/R29vZ2xl\/AVvXsEgy5RdcfffrnrItnYTcV9bCJjgJwldsQLWssfVfrLbyfXeBNTFKgBf0rMIvhrUaGUhiXzVr9_eQgCbi-j63ZDpfTvLIty9w7s140y-m1yHe7eKmEK7v2NAHUJDVYGdfeiQFeRCqUjdwWmN1MX_AUxxz4IVdJ4WIM0APxit8bjWkXzrnEFGqBvW_1F13H1g\/s1600\/logo-principal5.jpg\" width=\"100%\" height=\"100\" \/><\/a><!--bestpublic-voz04--><!--desk-in-out-voz04--><br \/>\n<!--publicidad-voz05--><a href=\"https:\/\/www.facebook.com\/asociaciontamborileroshellin?locale=es_ES\"><img decoding=\"async\" class=\"alignnone size-medium\" src=\"https:\/\/blogger.googleusercontent.com\/img\/b\/R29vZ2xl\/AVvXsEhHEEpZsKK1VpwiYMrS7aE2ujtqIDZoLd4B5wtbiseSU9s2HdTdQfhF84So2XwEB1fv0BLw95GADm6hUl1bkKtzh-eIgVigXONuu_5RxeIMPhjk8q6uNX4EaEHbooKkbu7pCADWPpVJjhKIH5NQSJpWqedC-YBez4QAQeJYokkLot9bhrIaUAeztsGis6M\/s1600\/logo-principal3.jpg\" width=\"100%\" height=\"100\" \/><\/a><!--bestpublic-voz05--><!--desk-in-out-voz05--><br \/>\n<!--publicidad-voz06--><!--bestpublic-voz06--><!--desk-in-out-voz06--><br \/>\n<!--publicidad-voz07--><!--bestpublic-voz07--><!--desk-in-out-voz07--><br \/>\n<!--publicidad-voz08--><!--bestpublic-voz08--><!--desk-in-out-voz08--><br \/>\n<!--publicidad-voz09--><!--bestpublic-voz09--><!--desk-in-out-voz09--><br \/>\n<!--publicidad-voz10--><!--bestpublic-voz10--><!--desk-in-out-voz10--><br \/>\n<!--publicidad-voz11--><!--bestpublic-voz11--><!--desk-in-out-voz11--><br \/>\n<!--publicidad-voz12--><!--bestpublic-voz12--><!--desk-in-out-voz12--><br \/>\n<!--publicidad-voz13--><!--bestpublic-voz13--><!--desk-in-out-voz13--><br \/>\n<!--publicidad-voz14--><!--bestpublic-voz14--><!--desk-in-out-voz14--><br \/>\n<!--publicidad-voz15--><!--bestpublic-voz15--><!--desk-in-out-voz15--><br \/>\n<!--publicidad-voz16--><!--bestpublic-voz16--><!--desk-in-out-voz16--><\/p>\n","protected":false},"excerpt":{"rendered":"<p>Este jueves la Universidad Nacional de Educaci\u00f3n a Distancia (UNED) ha celebrado un hito hist\u00f3rico: el 50\u00ba aniversario de su Centro Asociado de Albacete.<\/p>\n","protected":false},"author":2,"featured_media":148287,"comment_status":"closed","ping_status":"closed","sticky":false,"template":"","format":"standard","meta":{"footnotes":""},"categories":[752,718,715,716,717],"tags":[],"class_list":["post-148286","post","type-post","status-publish","format-standard","has-post-thumbnail","hentry","category-blog-lv033","category-blogger","category-la-voz-de-hellin","category-la-voz-de-hellin-la-voz-de-hellin","category-noticias"],"_links":{"self":[{"href":"https:\/\/lavozdehellin.com\/noticias\/wp-json\/wp\/v2\/posts\/148286","targetHints":{"allow":["GET"]}}],"collection":[{"href":"https:\/\/lavozdehellin.com\/noticias\/wp-json\/wp\/v2\/posts"}],"about":[{"href":"https:\/\/lavozdehellin.com\/noticias\/wp-json\/wp\/v2\/types\/post"}],"author":[{"embeddable":true,"href":"https:\/\/lavozdehellin.com\/noticias\/wp-json\/wp\/v2\/users\/2"}],"replies":[{"embeddable":true,"href":"https:\/\/lavozdehellin.com\/noticias\/wp-json\/wp\/v2\/comments?post=148286"}],"version-history":[{"count":0,"href":"https:\/\/lavozdehellin.com\/noticias\/wp-json\/wp\/v2\/posts\/148286\/revisions"}],"wp:featuredmedia":[{"embeddable":true,"href":"https:\/\/lavozdehellin.com\/noticias\/wp-json\/wp\/v2\/media\/148287"}],"wp:attachment":[{"href":"https:\/\/lavozdehellin.com\/noticias\/wp-json\/wp\/v2\/media?parent=148286"}],"wp:term":[{"taxonomy":"category","embeddable":true,"href":"https:\/\/lavozdehellin.com\/noticias\/wp-json\/wp\/v2\/categories?post=148286"},{"taxonomy":"post_tag","embeddable":true,"href":"https:\/\/lavozdehellin.com\/noticias\/wp-json\/wp\/v2\/tags?post=148286"}],"curies":[{"name":"wp","href":"https:\/\/api.w.org\/{rel}","templated":true}]}}