{"id":148289,"date":"2024-02-22T20:14:28","date_gmt":"2024-02-22T19:14:28","guid":{"rendered":"https:\/\/lavozdehellin.com\/noticias\/?p=148289"},"modified":"2024-02-26T10:21:57","modified_gmt":"2024-02-26T09:21:57","slug":"v08-223-la-exposicion-lo-eclectico-del-pintor-albacetense-jose-callado-se-puede-disfrutar-en-el-centro-cultural-la-asuncion-hasta-el-23-de-marzo","status":"publish","type":"post","link":"https:\/\/lavozdehellin.com\/noticias\/v08-223-la-exposicion-lo-eclectico-del-pintor-albacetense-jose-callado-se-puede-disfrutar-en-el-centro-cultural-la-asuncion-hasta-el-23-de-marzo\/","title":{"rendered":"LVH NOTICIAS | LA EXPOSICI\u00d3N \u2018LO ECL\u00c9CTICO\u2019 DEL PINTOR ALBACETENSE JOS\u00c9 CALLADO SE PUEDE DISFRUTAR EN EL CENTRO CULTURAL LA ASUNCI\u00d3N HASTA EL 23 DE MARZO"},"content":{"rendered":"<p style=\"text-align: justify;\">El Centro Cultural La Asunci\u00f3n acoge desde este jueves la exposici\u00f3n \u2018Lo ecl\u00e9ctico\u2019 del pintor albacetense, Jos\u00e9 Callado, que se podr\u00e1 disfrutar en este emblem\u00e1tico espacio de la capital hasta el pr\u00f3ximo 23 de febrero.<\/p>\n<p><!--more--><br \/>\n<!--publicidad-voz01--><a href=\"https:\/\/www.facebook.com\/SoloRadioHellin\/?locale=es_ES\"><img decoding=\"async\" class=\"alignnone size-medium\" src=\"https:\/\/blogger.googleusercontent.com\/img\/b\/R29vZ2xl\/AVvXsEiNncirNnyGedv00mhjZjh5Wl4_YPdJGanoAl8tL8zH-HwqE8uHqjEfSt340RHdx-9tuCSIkZ8rFamZiGyYlgDGxCsmXjCH_1xk5eYM3ntFZRvJP_jndOKR7w1UAo9Tu0vrZyOLfqRpHIxYI5SymJJ-pfGCQw6QVpggBH-UgfjiFQ2JOxqxG0Jx94kW83c\/s1600\/logo-principal.jpg\" width=\"100%\" height=\"100\" \/><\/a><!--bestpublic-voz01--><!--desk-in-out-voz01--><br \/>\n<!--publicidad-voz02--><a href=\"https:\/\/www.hellincf.com\/\"><img decoding=\"async\" class=\"alignnone size-medium\" src=\"https:\/\/blogger.googleusercontent.com\/img\/b\/R29vZ2xl\/AVvXsEhuZ4-XfBVj3UtdP8-RZugy3WVrg-Zv28c53m4oV47qYCxL1rX_dqWX_YddsGSnpH5SRDqZ7bZeKPIfDVCDncpjVlhy3aQs2vojcJBn7Gdv9hC2_Nzct_pRFrnFE1a7KTCdY1bT_kAgnY3-iadRZrGeJf1fR2P5fu11bokx0pWjaypoy-ctwCjklldpEbA\/s1600\/logo-principal7.jpg\" width=\"100%\" height=\"100\" \/><\/a><!--bestpublic-voz02--><!--desk-in-out-voz02--><\/p>\n<p style=\"text-align: justify;\">El diputado provincial de Sanidad, Francisco Garc\u00eda, junto al propio autor y al comisario de la muestra, Tiz\u00f3n del Olmo, ha sido el encargado de inaugurarla. Se trata de una colecci\u00f3n compuesta por 58 \u00f3leos sobre lienzo elaborados con t\u00e9cnicas mixtas, la mayor\u00eda de un espectacular formato, en los que se describe la progresi\u00f3n t\u00e9cnica y vital del artista, mostrando una evoluci\u00f3n desde sus comienzos en la pintura hasta sus trabajos m\u00e1s actuales a trav\u00e9s de cinco series tem\u00e1ticas: \u2018Tierra\u2019, \u2018Agua\u2019, \u2018Aire\u2019, \u2018Portadas\u2019 y \u2018Tauromaquia\u2019.<\/p>\n<p style=\"text-align: justify;\">Obras en las que se aprecia c\u00f3mo la inquietud de Callado lo mantiene en una continua investigaci\u00f3n con nuevas formas de ver la pintura, hasta alcanzar un coqueteo con la \u2018cocina de los l\u00edquidos\u2019. Su visi\u00f3n plural describe la naturaleza como un ente, \u201cun Dios\u201d, llegando a descontextualizar los paisajes del color y dej\u00e1ndolos desnudos, en su forma m\u00e1s pura. Adem\u00e1s, en sus obras predomina un estilo que el propio artista ha llamado \u2018expresionismo org\u00e1nico\u2019, un sello muy personal en el que crea escenas desde la mancha, en su doble vertiente y significado, tanto desde d\u00f3nde las compone, como en qu\u00e9 las convierte.<\/p>\n<p style=\"text-align: justify;\">De hecho, como \u00e9l mismo confiesa, nunca parte de un boceto ni de una idea preconcebida, es todo muy intuitivo; empieza a manchar y a partir de ah\u00ed entra en un estado de trance, en el que se deja llevar por el instinto y va surgiendo el arte.<\/p>\n<p style=\"text-align: justify;\">Una t\u00e9cnica que el diputado ha puesto en valor, incidiendo en la calidad y la fuerza de esta colecci\u00f3n, al tiempo que ha felicitado a Callado por una trayectoria profesional de m\u00e1s de 30 a\u00f1os marcada por el \u00e9xito de la mano de un estilo personal que aporta a sus trabajos un valor diferencial y cautivador, que atrapa al p\u00fablico.<\/p>\n<p style=\"text-align: justify;\">Ecl\u00e9ctico en el sentido etimol\u00f3gico del t\u00e9rmino, Garc\u00eda ha explicado que el autor \u201cbebe de todas las fuentes y es un pintor independiente, que no se deja influenciar por las modas, que experimenta con gran variedad de estilos sin quedarse en ninguno. Es un pintor investigador y un corredor de fondo\u201d.<\/p>\n<p style=\"text-align: justify;\">Asimismo, Francisco Garc\u00eda ha subrayado \u201cel placer\u201d que supone para la Diputaci\u00f3n de Albacete incorporar al calendario expositivo del Centro Cultural La Asunci\u00f3n a artistas albacetenses de su talla, y ha dejado claro que desde la instituci\u00f3n que preside Santi Caba\u00f1ero van a seguir trabajando para contribuir a que se conozca y se reconozca el talento provincial tanto dentro como fuera de nuestras fronteras, dando oportunidades a figuras incipientes y apostando por proyectar a artistas consolidados.<\/p>\n<p style=\"text-align: justify;\">Adem\u00e1s, el responsable provincial ha puesto en valor la labor realizada por el Servicio de Cultura de la instituci\u00f3n, y ha se\u00f1alado que se trabaja no s\u00f3lo para convertir el Claustro del Centro Cultural La Asunci\u00f3n en un referente del mejor arte contempor\u00e1neo, sino tambi\u00e9n para impulsar y democratizar la cultura; para acercarla, a trav\u00e9s de los espacios provinciales, a la ciudadan\u00eda persiguiendo, al mismo tiempo, ofrecer la mejor oferta cultural posible desde una apuesta clara por la accesibilidad.<\/p>\n<p style=\"text-align: justify;\">\u201cLa cultura es un deber gozoso que las administraciones debemos tener con la ciudadan\u00eda, porque hace mejor a las sociedades, y hace mejor a las personas individualmente\u201d, ha concluido Francisco Garc\u00eda.<\/p>\n<p style=\"text-align: justify;\">El autor agradece a la Diputaci\u00f3n su apuesta por la cultura<\/p>\n<p style=\"text-align: justify;\">Por su parte, el comisario de la muestra, Tiz\u00f3n del Olmo, que ha agradecido a la Diputaci\u00f3n la labor que realiza en materia de promoci\u00f3n cultural y art\u00edstica, ha puesto en valor \u201cel trabajo, el esfuerzo y el talento\u201d de Jos\u00e9 Callado, incidiendo en sus 30 a\u00f1os de trayectoria profesional y apuntando que \u201cojal\u00e1 celebremos otros 30 a\u00f1os\u201d, al tiempo que ha explicado que el artista nunca se ha ce\u00f1ido a un estilo, a un color\u2026, \u201csu obra ha ido evolucionando, como debe ser el arte; ha estado siempre inventando e ingeniando porque su pasi\u00f3n siempre ha sido que su pintura est\u00e9 viva en s\u00ed misma y en su evoluci\u00f3n\u201d.<\/p>\n<p style=\"text-align: justify;\">En esta l\u00ednea, el autor de la exposici\u00f3n, que tambi\u00e9n ha tenido palabras de gratitud para la instituci\u00f3n provincial, ha recordado que el camino hasta llegar aqu\u00ed ha sido \u201cduro y largo, pero ha merecido la pena\u201d, y ha detallado, en relaci\u00f3n con una parte de la colecci\u00f3n expuesta (la que se encuentra en la primera planta del Claustro) que responde \u201ca una necesidad\u201d, la de expresar sus sentimientos durante la pandemia.<\/p>\n<p style=\"text-align: justify;\">El autor<\/p>\n<p style=\"text-align: justify;\">Jos\u00e9 Callado es un artista albacete\u00f1o con una consolidada trayectoria en el mundo del arte. Expuso por primera vez a sus tempranos 19 a\u00f1os en la Delegaci\u00f3n de Cultura de Albacete, iniciando ah\u00ed una progresi\u00f3n profesional que le ha llevado a ver \u2018colgadas\u2019 sus obras en museos de la talla del Chillida Leku, el Louvre, la Fundaci\u00f3n Antonio P\u00e9rez o el Museo de Albacete, entre muchas otros. De hecho, sus colecciones han recorrido algunas de las mejores salas de varios continentes, con un reconocimiento especial en Europa.<br \/>\nHorarios<\/p>\n<p style=\"text-align: justify;\">Todas las personas interesadas en disfrutar esta muestra pueden hacerlo de lunes a viernes de 10h a 14h y de 18h a 21h, y los s\u00e1bados en horario de ma\u00f1ana.<\/p>\n<p><!--publicidad-voz03--><a href=\"https:\/\/www.facebook.com\/profile.php?id=100063593791305&amp;locale=es_ES\"><img decoding=\"async\" class=\"alignnone size-medium\" src=\"https:\/\/blogger.googleusercontent.com\/img\/b\/R29vZ2xl\/AVvXsEi8_n_ll8UOcGxCqzFvb_9Io4ICczlGC990BPtPj2w9Px-u7B3oqWUW5vtjZUqPNJ-nyjiUIorE0ATsib_l5tV8BVN-UJ03RTnU__IHJF_4DgDBtY4LIqXNG-FomrO-7ywes20CBCRM2Hcm7EJSh3UUw1dO-c_uTflUrtgY1i7uBRezj_DpympmEFkfbQY\/s1600\/logo-principal2.jpg\" width=\"100%\" height=\"100\" \/><\/a><!--bestpublic-voz03--><!--desk-in-out-voz03--><br \/>\n<!--publicidad-voz04--><a href=\"https:\/\/www.facebook.com\/profile.php?id=61557370768692&amp;locale=es_ES\"><img decoding=\"async\" class=\"alignnone size-medium\" src=\"https:\/\/blogger.googleusercontent.com\/img\/b\/R29vZ2xl\/AVvXsEgy5RdcfffrnrItnYTcV9bCJjgJwldsQLWssfVfrLbyfXeBNTFKgBf0rMIvhrUaGUhiXzVr9_eQgCbi-j63ZDpfTvLIty9w7s140y-m1yHe7eKmEK7v2NAHUJDVYGdfeiQFeRCqUjdwWmN1MX_AUxxz4IVdJ4WIM0APxit8bjWkXzrnEFGqBvW_1F13H1g\/s1600\/logo-principal5.jpg\" width=\"100%\" height=\"100\" \/><\/a><!--bestpublic-voz04--><!--desk-in-out-voz04--><br \/>\n<!--publicidad-voz05--><a href=\"https:\/\/www.facebook.com\/asociaciontamborileroshellin?locale=es_ES\"><img decoding=\"async\" class=\"alignnone size-medium\" src=\"https:\/\/blogger.googleusercontent.com\/img\/b\/R29vZ2xl\/AVvXsEhHEEpZsKK1VpwiYMrS7aE2ujtqIDZoLd4B5wtbiseSU9s2HdTdQfhF84So2XwEB1fv0BLw95GADm6hUl1bkKtzh-eIgVigXONuu_5RxeIMPhjk8q6uNX4EaEHbooKkbu7pCADWPpVJjhKIH5NQSJpWqedC-YBez4QAQeJYokkLot9bhrIaUAeztsGis6M\/s1600\/logo-principal3.jpg\" width=\"100%\" height=\"100\" \/><\/a><!--bestpublic-voz05--><!--desk-in-out-voz05--><br \/>\n<!--publicidad-voz06--><!--bestpublic-voz06--><!--desk-in-out-voz06--><br \/>\n<!--publicidad-voz07--><!--bestpublic-voz07--><!--desk-in-out-voz07--><br \/>\n<!--publicidad-voz08--><!--bestpublic-voz08--><!--desk-in-out-voz08--><br \/>\n<!--publicidad-voz09--><!--bestpublic-voz09--><!--desk-in-out-voz09--><br \/>\n<!--publicidad-voz10--><!--bestpublic-voz10--><!--desk-in-out-voz10--><br \/>\n<!--publicidad-voz11--><!--bestpublic-voz11--><!--desk-in-out-voz11--><br \/>\n<!--publicidad-voz12--><!--bestpublic-voz12--><!--desk-in-out-voz12--><br \/>\n<!--publicidad-voz13--><!--bestpublic-voz13--><!--desk-in-out-voz13--><br \/>\n<!--publicidad-voz14--><!--bestpublic-voz14--><!--desk-in-out-voz14--><br \/>\n<!--publicidad-voz15--><!--bestpublic-voz15--><!--desk-in-out-voz15--><br \/>\n<!--publicidad-voz16--><!--bestpublic-voz16--><!--desk-in-out-voz16--><\/p>\n","protected":false},"excerpt":{"rendered":"<p>El Centro Cultural La Asunci\u00f3n acoge desde este jueves la exposici\u00f3n \u2018Lo ecl\u00e9ctico\u2019 del pintor albacetense, Jos\u00e9 Callado, que se podr\u00e1 disfrutar en este emblem\u00e1tico espacio de la capital hasta&#8230;<\/p>\n","protected":false},"author":2,"featured_media":148290,"comment_status":"closed","ping_status":"closed","sticky":false,"template":"","format":"standard","meta":{"footnotes":""},"categories":[752,718,715,716,717],"tags":[],"class_list":["post-148289","post","type-post","status-publish","format-standard","has-post-thumbnail","hentry","category-blog-lv033","category-blogger","category-la-voz-de-hellin","category-la-voz-de-hellin-la-voz-de-hellin","category-noticias"],"_links":{"self":[{"href":"https:\/\/lavozdehellin.com\/noticias\/wp-json\/wp\/v2\/posts\/148289","targetHints":{"allow":["GET"]}}],"collection":[{"href":"https:\/\/lavozdehellin.com\/noticias\/wp-json\/wp\/v2\/posts"}],"about":[{"href":"https:\/\/lavozdehellin.com\/noticias\/wp-json\/wp\/v2\/types\/post"}],"author":[{"embeddable":true,"href":"https:\/\/lavozdehellin.com\/noticias\/wp-json\/wp\/v2\/users\/2"}],"replies":[{"embeddable":true,"href":"https:\/\/lavozdehellin.com\/noticias\/wp-json\/wp\/v2\/comments?post=148289"}],"version-history":[{"count":0,"href":"https:\/\/lavozdehellin.com\/noticias\/wp-json\/wp\/v2\/posts\/148289\/revisions"}],"wp:featuredmedia":[{"embeddable":true,"href":"https:\/\/lavozdehellin.com\/noticias\/wp-json\/wp\/v2\/media\/148290"}],"wp:attachment":[{"href":"https:\/\/lavozdehellin.com\/noticias\/wp-json\/wp\/v2\/media?parent=148289"}],"wp:term":[{"taxonomy":"category","embeddable":true,"href":"https:\/\/lavozdehellin.com\/noticias\/wp-json\/wp\/v2\/categories?post=148289"},{"taxonomy":"post_tag","embeddable":true,"href":"https:\/\/lavozdehellin.com\/noticias\/wp-json\/wp\/v2\/tags?post=148289"}],"curies":[{"name":"wp","href":"https:\/\/api.w.org\/{rel}","templated":true}]}}