{"id":148292,"date":"2024-02-22T12:16:31","date_gmt":"2024-02-22T11:16:31","guid":{"rendered":"https:\/\/lavozdehellin.com\/noticias\/?p=148292"},"modified":"2024-02-26T10:21:58","modified_gmt":"2024-02-26T09:21:58","slug":"v08-222-el-gobierno-de-cabanero-preve-invertir-este-ano-en-villarrobledo-mas-de-450-000-euros-de-los-presupuestos-provinciales","status":"publish","type":"post","link":"https:\/\/lavozdehellin.com\/noticias\/v08-222-el-gobierno-de-cabanero-preve-invertir-este-ano-en-villarrobledo-mas-de-450-000-euros-de-los-presupuestos-provinciales\/","title":{"rendered":"LVH NOTICIAS | EL GOBIERNO DE CABA\u00d1ERO PREV\u00c9 INVERTIR ESTE A\u00d1O EN VILLARROBLEDO M\u00c1S DE 450.000 EUROS DE LOS PRESUPUESTOS PROVINCIALES"},"content":{"rendered":"<p style=\"text-align: justify;\">Un encuentro que, adem\u00e1s, los dirigentes provinciales han aprovechado para evaluar con el alcalde, Valent\u00edn Bueno, acompa\u00f1ado de parte de su equipo y de la Corporaci\u00f3n Municipal, el apoyo que ha llegado recientemente desde la Diputaci\u00f3n a la localidad y, especialmente, para \u201cescuchar sobre aquellas cuestiones o necesidades en las que, en lo sucesivo, podamos seguir ayudando la gesti\u00f3n municipal\u201d, pudiendo tambi\u00e9n encontrarse y conversar con profesionales de la prensa local que, a diario, se hace eco del \u2018pulso\u2019 de Villarrobledo en sus muchas facetas.<\/p>\n<p><!--more--><br \/>\n<!--publicidad-voz01--><a href=\"https:\/\/www.facebook.com\/SoloRadioHellin\/?locale=es_ES\"><img decoding=\"async\" class=\"alignnone size-medium\" src=\"https:\/\/blogger.googleusercontent.com\/img\/b\/R29vZ2xl\/AVvXsEiNncirNnyGedv00mhjZjh5Wl4_YPdJGanoAl8tL8zH-HwqE8uHqjEfSt340RHdx-9tuCSIkZ8rFamZiGyYlgDGxCsmXjCH_1xk5eYM3ntFZRvJP_jndOKR7w1UAo9Tu0vrZyOLfqRpHIxYI5SymJJ-pfGCQw6QVpggBH-UgfjiFQ2JOxqxG0Jx94kW83c\/s1600\/logo-principal.jpg\" width=\"100%\" height=\"100\" \/><\/a><!--bestpublic-voz01--><!--desk-in-out-voz01--><br \/>\n<!--publicidad-voz02--><a href=\"https:\/\/www.hellincf.com\/\"><img decoding=\"async\" class=\"alignnone size-medium\" src=\"https:\/\/blogger.googleusercontent.com\/img\/b\/R29vZ2xl\/AVvXsEhuZ4-XfBVj3UtdP8-RZugy3WVrg-Zv28c53m4oV47qYCxL1rX_dqWX_YddsGSnpH5SRDqZ7bZeKPIfDVCDncpjVlhy3aQs2vojcJBn7Gdv9hC2_Nzct_pRFrnFE1a7KTCdY1bT_kAgnY3-iadRZrGeJf1fR2P5fu11bokx0pWjaypoy-ctwCjklldpEbA\/s1600\/logo-principal7.jpg\" width=\"100%\" height=\"100\" \/><\/a><!--bestpublic-voz02--><!--desk-in-out-voz02--><\/p>\n<p style=\"text-align: justify;\">Exponiendo la que viene siendo la filosof\u00eda de trabajo del Equipo de Gobierno de Caba\u00f1ero, \u00e9ste ha se\u00f1alado que, actuando como \u2018el ayuntamiento de ayuntamientos\u2019, la Diputaci\u00f3n intenta priorizar, a trav\u00e9s de pol\u00edticas de \u2018discriminaci\u00f3n positiva\u2019, el apoyo a los municipios que, por ser m\u00e1s peque\u00f1os, suelen disponer de menos recursos. Un hecho que, sin embargo, no impide que el Gobierno Provincial tambi\u00e9n se vuelque apoyando a las grandes localidades que, ha subrayado, son claves en la provincia\u00bb; algo que la instituci\u00f3n afronta, por ejemplo, \u201cimpulsando y reforzando convenios concretos\u201d.<\/p>\n<p style=\"text-align: justify;\">El convenio para infraestructuras crece un 125% y, el global para obras, un 72,75%<\/p>\n<p style=\"text-align: justify;\">En el caso de Villarrobledo, el presidente ha detallado que la Diputaci\u00f3n estima invertir m\u00e1s de 450.000 euros en la localidad durante este 2024, incluyendo tanto las transferencias directas al Ayuntamiento como el apoyo indirecto a trav\u00e9s de distintos colectivos y entidades sociosanitarias, educativas y deportivas.<\/p>\n<p style=\"text-align: justify;\">La mayor parte de esa cantidad sale de tres partidas concretas que la Diputaci\u00f3n transfiere directamente al Ayuntamiento para que, desde su total autonom\u00eda municipal, el Gobierno Local destine a las inversiones y obras en infraestructuras que estime oportuno. Partidas que, como ha se\u00f1alado Caba\u00f1ero, este 2024 crecen un 72\u201975% para la localidad, pasando de los 134.000 euros del a\u00f1o pasado a los 302.000 euros de \u00e9ste.<\/p>\n<p style=\"text-align: justify;\">Se tratan de la Convocatoria para el arreglo de caminos que, al igual que en 2023, est\u00e1 dotada con 17.000 euros; el Plan de Obras y Servicios (POS) 2024, dotado con 60.000 euros; y, muy especialmente, del important\u00edsimo convenio para la gesti\u00f3n de infraestructuras municipales que, este a\u00f1o, crece un 125% pasando de los 125.000 euros del a\u00f1o pasado a los 225.000 euros de \u00e9ste.<\/p>\n<p style=\"text-align: justify;\">Cifras que, como ha comentado Santi Caba\u00f1ero, ponen de manifiesto \u201cel compromiso que el Gobierno de la Diputaci\u00f3n de Albacete viene demostrando con Villarrobledo durante estos a\u00f1os, y que crece en 2024\u201d.<\/p>\n<p style=\"text-align: justify;\">Otras v\u00edas de colaboraci\u00f3n directa e indirecta<\/p>\n<p style=\"text-align: justify;\">A esa cantidad se le ir\u00e1n sumando otras que, bajo una estimaci\u00f3n inicial cercana a los 175.000 euros (tomando la referencia de 2023), ir\u00e1n llegando tambi\u00e9n desde la Diputaci\u00f3n de Albacete a a localidad mediante distintas v\u00edas, tal y como ha explicado el presidente:<\/p>\n<p style=\"text-align: justify;\">As\u00ed, de un lado llegar\u00e1 lo derivado de las distintas Convocatorias de Ayudas que la instituci\u00f3n provincial pone cada a\u00f1o a disposici\u00f3n de las Entidades Locales para muy diversas cuestiones del \u00e1mbito municipal y que, repasando la ejecuci\u00f3n presupuestaria de 2023, superaron los 65.000 euros en Villarrobledo (destinados a Universidades Populares, Academias de M\u00fasica, Clubes de Lectura, Proyectos de Agenda 2030, Plan Corresponsables, Circuitos Deportivos, etc.).<\/p>\n<p style=\"text-align: justify;\">Por otra parte, se sumar\u00e1 lo procedente de esas otras v\u00edas o convenios de colaboraci\u00f3n que la Diputaci\u00f3n mantiene con colectivos de toda \u00edndole radicados en Villarrobledo, fundamentalmente, del \u00e1mbito sociosanitario, deportivo y cultural. Un \u201ctejido asociativo muy importante\u201d en el que el Gobierno de Caba\u00f1ero estima invertir otros casi 110.000 euros.<\/p>\n<p style=\"text-align: justify;\">Como ejemplo, estando en la \u2018tierra del vino\u2019 por excelencia, Caba\u00f1ero ha aludido a una iniciativa en la que la Diputaci\u00f3n viene trabajando desde hace tiempo y que afecta muy especialmente a esta comarca, donde la actividad vitivin\u00edcola es fundamental. Por un lado, la Convocatoria de ayudas para las DO de la provincia (que, habiendo aumentado este 2024 a 48.000 euros supondr\u00e1 12.000 euros de apoyo a la DO La Mancha, creciendo en 3.000 euros con respecto al a\u00f1o pasado). Por otra parte, la convocatoria destinada a las Rutas del Vino, que tambi\u00e9n ha subido hasta los 24.000 euros (con 6.000 euros, en este caso, para la de La Mancha).<\/p>\n<p style=\"text-align: justify;\">764.000 euros invertidos en veh\u00edculos para el Servicio de Bomberos en Villarrobledo<\/p>\n<p style=\"text-align: justify;\">Adem\u00e1s, el presidente ha destacado el compromiso presupuestario que la Diputaci\u00f3n mantiene con Villarrobledo en la medida en que se beneficia de Servicios y Organismos Provinciales, as\u00ed como de grandes l\u00edneas especiales, como el Plan de Apoyo Activo al Empleo (que en su edici\u00f3n de 22\/23 beneficiaba a m\u00e1s de 200 familias en la localidad; m\u00e1s de 1.000 en el acumulado desde 2025 con el total de pol\u00edticas activas de empleo y formaci\u00f3n); o el asesoramiento e investigaci\u00f3n a trav\u00e9s del Instituto T\u00e9cnico Agron\u00f3mico Provincial (ITAP) a profesionales del sector en la comarca.<\/p>\n<p style=\"text-align: justify;\">En este sentido, de forma especial, ha resaltado tambi\u00e9n lo relativo al Servicio Especial de Prevenci\u00f3n y Extinci\u00f3n de Incendios de la Diputaci\u00f3n (SEPEI), con un Parque Comarcal propio en Villarrobledo en el que la Diputaci\u00f3n viene acometiendo distintas mejoras. Entre las m\u00e1s recientes, la incorporaci\u00f3n de tres nuevos veh\u00edculos por un total de m\u00e1s de 764.000 euros: una Autobomba Rural Pesada, una Autobomba Forestal Media; y un veh\u00edculo de Mando nuevos, a disposici\u00f3n de las necesidades de la localidad y del conjunto de la provincia.<\/p>\n<p><!--publicidad-voz03--><a href=\"https:\/\/www.facebook.com\/profile.php?id=100063593791305&amp;locale=es_ES\"><img decoding=\"async\" class=\"alignnone size-medium\" src=\"https:\/\/blogger.googleusercontent.com\/img\/b\/R29vZ2xl\/AVvXsEi8_n_ll8UOcGxCqzFvb_9Io4ICczlGC990BPtPj2w9Px-u7B3oqWUW5vtjZUqPNJ-nyjiUIorE0ATsib_l5tV8BVN-UJ03RTnU__IHJF_4DgDBtY4LIqXNG-FomrO-7ywes20CBCRM2Hcm7EJSh3UUw1dO-c_uTflUrtgY1i7uBRezj_DpympmEFkfbQY\/s1600\/logo-principal2.jpg\" width=\"100%\" height=\"100\" \/><\/a><!--bestpublic-voz03--><!--desk-in-out-voz03--><br \/>\n<!--publicidad-voz04--><a href=\"https:\/\/www.facebook.com\/profile.php?id=61557370768692&amp;locale=es_ES\"><img decoding=\"async\" class=\"alignnone size-medium\" src=\"https:\/\/blogger.googleusercontent.com\/img\/b\/R29vZ2xl\/AVvXsEgy5RdcfffrnrItnYTcV9bCJjgJwldsQLWssfVfrLbyfXeBNTFKgBf0rMIvhrUaGUhiXzVr9_eQgCbi-j63ZDpfTvLIty9w7s140y-m1yHe7eKmEK7v2NAHUJDVYGdfeiQFeRCqUjdwWmN1MX_AUxxz4IVdJ4WIM0APxit8bjWkXzrnEFGqBvW_1F13H1g\/s1600\/logo-principal5.jpg\" width=\"100%\" height=\"100\" \/><\/a><!--bestpublic-voz04--><!--desk-in-out-voz04--><br \/>\n<!--publicidad-voz05--><a href=\"https:\/\/www.facebook.com\/asociaciontamborileroshellin?locale=es_ES\"><img decoding=\"async\" class=\"alignnone size-medium\" src=\"https:\/\/blogger.googleusercontent.com\/img\/b\/R29vZ2xl\/AVvXsEhHEEpZsKK1VpwiYMrS7aE2ujtqIDZoLd4B5wtbiseSU9s2HdTdQfhF84So2XwEB1fv0BLw95GADm6hUl1bkKtzh-eIgVigXONuu_5RxeIMPhjk8q6uNX4EaEHbooKkbu7pCADWPpVJjhKIH5NQSJpWqedC-YBez4QAQeJYokkLot9bhrIaUAeztsGis6M\/s1600\/logo-principal3.jpg\" width=\"100%\" height=\"100\" \/><\/a><!--bestpublic-voz05--><!--desk-in-out-voz05--><br \/>\n<!--publicidad-voz06--><!--bestpublic-voz06--><!--desk-in-out-voz06--><br \/>\n<!--publicidad-voz07--><!--bestpublic-voz07--><!--desk-in-out-voz07--><br \/>\n<!--publicidad-voz08--><!--bestpublic-voz08--><!--desk-in-out-voz08--><br \/>\n<!--publicidad-voz09--><!--bestpublic-voz09--><!--desk-in-out-voz09--><br \/>\n<!--publicidad-voz10--><!--bestpublic-voz10--><!--desk-in-out-voz10--><br \/>\n<!--publicidad-voz11--><!--bestpublic-voz11--><!--desk-in-out-voz11--><br \/>\n<!--publicidad-voz12--><!--bestpublic-voz12--><!--desk-in-out-voz12--><br \/>\n<!--publicidad-voz13--><!--bestpublic-voz13--><!--desk-in-out-voz13--><br \/>\n<!--publicidad-voz14--><!--bestpublic-voz14--><!--desk-in-out-voz14--><br \/>\n<!--publicidad-voz15--><!--bestpublic-voz15--><!--desk-in-out-voz15--><br \/>\n<!--publicidad-voz16--><!--bestpublic-voz16--><!--desk-in-out-voz16--><\/p>\n","protected":false},"excerpt":{"rendered":"<p>Un encuentro que, adem\u00e1s, los dirigentes provinciales han aprovechado para evaluar con el alcalde, Valent\u00edn Bueno, acompa\u00f1ado de parte de su equipo y de la Corporaci\u00f3n Municipal, el apoyo que&#8230;<\/p>\n","protected":false},"author":2,"featured_media":148293,"comment_status":"closed","ping_status":"closed","sticky":false,"template":"","format":"standard","meta":{"footnotes":""},"categories":[752,718,715,716,717],"tags":[],"class_list":["post-148292","post","type-post","status-publish","format-standard","has-post-thumbnail","hentry","category-blog-lv033","category-blogger","category-la-voz-de-hellin","category-la-voz-de-hellin-la-voz-de-hellin","category-noticias"],"_links":{"self":[{"href":"https:\/\/lavozdehellin.com\/noticias\/wp-json\/wp\/v2\/posts\/148292","targetHints":{"allow":["GET"]}}],"collection":[{"href":"https:\/\/lavozdehellin.com\/noticias\/wp-json\/wp\/v2\/posts"}],"about":[{"href":"https:\/\/lavozdehellin.com\/noticias\/wp-json\/wp\/v2\/types\/post"}],"author":[{"embeddable":true,"href":"https:\/\/lavozdehellin.com\/noticias\/wp-json\/wp\/v2\/users\/2"}],"replies":[{"embeddable":true,"href":"https:\/\/lavozdehellin.com\/noticias\/wp-json\/wp\/v2\/comments?post=148292"}],"version-history":[{"count":0,"href":"https:\/\/lavozdehellin.com\/noticias\/wp-json\/wp\/v2\/posts\/148292\/revisions"}],"wp:featuredmedia":[{"embeddable":true,"href":"https:\/\/lavozdehellin.com\/noticias\/wp-json\/wp\/v2\/media\/148293"}],"wp:attachment":[{"href":"https:\/\/lavozdehellin.com\/noticias\/wp-json\/wp\/v2\/media?parent=148292"}],"wp:term":[{"taxonomy":"category","embeddable":true,"href":"https:\/\/lavozdehellin.com\/noticias\/wp-json\/wp\/v2\/categories?post=148292"},{"taxonomy":"post_tag","embeddable":true,"href":"https:\/\/lavozdehellin.com\/noticias\/wp-json\/wp\/v2\/tags?post=148292"}],"curies":[{"name":"wp","href":"https:\/\/api.w.org\/{rel}","templated":true}]}}