{"id":148408,"date":"2023-10-22T13:23:03","date_gmt":"2023-10-22T12:23:03","guid":{"rendered":"https:\/\/lavozdehellin.com\/noticias\/?p=148408"},"modified":"2024-02-26T12:55:59","modified_gmt":"2024-02-26T11:55:59","slug":"v08-251-abycine-lanza-cierra-su-8a-edicion-con-el-apoyo-de-la-diputacion-y-reafirmandose-como-plataforma-indispensable-para-el-impulso-a-futuros-proyectos-audiovisuales","status":"publish","type":"post","link":"https:\/\/lavozdehellin.com\/noticias\/v08-251-abycine-lanza-cierra-su-8a-edicion-con-el-apoyo-de-la-diputacion-y-reafirmandose-como-plataforma-indispensable-para-el-impulso-a-futuros-proyectos-audiovisuales\/","title":{"rendered":"LVH NOTICIAS | ABYCINE LANZA CIERRA SU 8\u00aa EDICI\u00d3N CON EL APOYO DE LA DIPUTACI\u00d3N Y REAFIRM\u00c1NDOSE COMO PLATAFORMA INDISPENSABLE PARA EL IMPULSO A FUTUROS PROYECTOS AUDIOVISUALES"},"content":{"rendered":"<p style=\"text-align: justify;\">El Casino Primitivo, sede permanente de la que ha sido la 8\u00aa entrega de \u2018Abycine Lanza\u2019, ha acogido la entrega de premios que pone fin a tres jornadas intensas de trabajo, conectando a distintos profesionales de la industria cinematogr\u00e1fica con el objetivo de estudiar v\u00edas de colaboraci\u00f3n y financiaci\u00f3n que den forma a pr\u00f3ximas producciones audiovisuales.<\/p>\n<p><!--more--><br \/>\n<!--publicidad-voz01--><a href=\"https:\/\/www.facebook.com\/SoloRadioHellin\/?locale=es_ES\"><img decoding=\"async\" class=\"alignnone size-medium\" src=\"https:\/\/blogger.googleusercontent.com\/img\/b\/R29vZ2xl\/AVvXsEiNncirNnyGedv00mhjZjh5Wl4_YPdJGanoAl8tL8zH-HwqE8uHqjEfSt340RHdx-9tuCSIkZ8rFamZiGyYlgDGxCsmXjCH_1xk5eYM3ntFZRvJP_jndOKR7w1UAo9Tu0vrZyOLfqRpHIxYI5SymJJ-pfGCQw6QVpggBH-UgfjiFQ2JOxqxG0Jx94kW83c\/s1600\/logo-principal.jpg\" width=\"100%\" height=\"100\" \/><\/a><!--bestpublic-voz01--><!--desk-in-out-voz01--><br \/>\n<!--publicidad-voz02--><a href=\"https:\/\/www.hellincf.com\/\"><img decoding=\"async\" class=\"alignnone size-medium\" src=\"https:\/\/blogger.googleusercontent.com\/img\/b\/R29vZ2xl\/AVvXsEhuZ4-XfBVj3UtdP8-RZugy3WVrg-Zv28c53m4oV47qYCxL1rX_dqWX_YddsGSnpH5SRDqZ7bZeKPIfDVCDncpjVlhy3aQs2vojcJBn7Gdv9hC2_Nzct_pRFrnFE1a7KTCdY1bT_kAgnY3-iadRZrGeJf1fR2P5fu11bokx0pWjaypoy-ctwCjklldpEbA\/s1600\/logo-principal7.jpg\" width=\"100%\" height=\"100\" \/><\/a><!--bestpublic-voz02--><!--desk-in-out-voz02--><\/p>\n<p style=\"text-align: justify;\">A pesar de su juventud con respecto al \u2018hermano mayor\u2019 que lo enmarca: Abycine, en plena celebraci\u00f3n de su 25\u00ba cumplea\u00f1os, este evento centrado en el Mercado Audiovisual Independiente se ha consolidado r\u00e1pidamente como un enorme valor a\u00f1adido del festival, siendo ya reconocido por todo el sector como una cita ineludible y una plataforma indispensable para futuros productos de la industria cinematogr\u00e1fica independiente.<\/p>\n<p style=\"text-align: justify;\">La diputada Ana Albadalejo ha reiterado el apoyo de la Diputaci\u00f3n a este punto de encuentro tan alabado por las y los profesionales del sector, participando este domingo en la entrega de premios. Una gala amena y divertida que, un a\u00f1o m\u00e1s, ha sido una extensi\u00f3n del gran ambiente de camarader\u00eda, frescura y talento que sobrevuela las distintas citas que componen \u2018Abycine Lanza\u2019 desde que comenzase esta edici\u00f3n, el pasado d\u00eda 19.<\/p>\n<p style=\"text-align: justify;\">Esta 8\u00aa edici\u00f3n ha sobrepasado todos los registros, logrando casi alcanzar los 150 proyectos de desarrollo presentados entre los que una selecci\u00f3n final de 17 han optado a las ayudas para desarrollarse.<\/p>\n<p style=\"text-align: justify;\">En primer lugar, se ha procedido a la entrega de los premios de Cortos y de Hecho en C-LM:<\/p>\n<p style=\"text-align: justify;\">\u2013 \u2018Premio Hecho en Castilla-La mancha\u2019: \u2018Al\u2019, de Carlos Escol\u00e1stico<\/p>\n<p style=\"text-align: justify;\">\u2013 \u2018Premio Especial del Jurado Abycine Cortos\u2019: Nahid y Adele, de T\u00e1bata Cerezo<\/p>\n<p style=\"text-align: justify;\">\u2013 \u2018Premio Abycine Cortos\u2019: \u2018Aunque es de noche\u2019, de Guillermo Garc\u00eda L\u00f3pez<\/p>\n<p style=\"text-align: justify;\">Los premiados y premiadas dentro de esta edici\u00f3n de Abycine Lanza, han sido:<\/p>\n<p style=\"text-align: justify;\">\u2013 \u2018Premio MAFIZ en Abycine\u2019: \u2018Bailar la muerte\u2019, de Luis E. Par\u00e9s<\/p>\n<p style=\"text-align: justify;\">\u2013 \u2018Premio Residencia Creativa Alcal\u00e1 del J\u00facar\u2019: Pamela Bi\u00e9nzpbas e Isona Admetlla<\/p>\n<p style=\"text-align: justify;\">\u2013 \u2018Premio Music Library \u2018: \u2018Aquagym\u2019, de Iria Sobrado<\/p>\n<p style=\"text-align: justify;\">\u2013 \u2018Premios Impulso Proyectos Cmm\u2019 y \u2018ECAM Industria\u2019:<\/p>\n<p style=\"text-align: justify;\">\u2018El exterior\u2019, V\u00edctor Moreno<\/p>\n<p style=\"text-align: justify;\">\u2018Este cuerpo m\u00edo\u2019, de Carolina Yuste y Afioco Gnecco<\/p>\n<p style=\"text-align: justify;\">\u2013 \u2018Premio Filmin\u2019: \u2018The Human Ibernation Project\u2019, de Anna Cornudella<\/p>\n<p style=\"text-align: justify;\">\u2013 \u2018Premio WIP Abycine Lanza\u2019: \u2018The Human Ibernation Project\u2019, de Anna Cornudella<\/p>\n<p style=\"text-align: justify;\">Durante estas jornadas intensas en el marco de \u2018Abycine Lanza\u2019 se ha incluido, dentro de \u2018Talentos Lanza\u2019, proyecciones de t\u00edtulos que han sido reconocidos en ediciones previas y que han tenido una gran respuesta estos d\u00edas en el marco del festival 2023. Concretamente, han sido: \u2018Alteritas\u2019 (de Alba Cros y NoraHaddad); \u2018Cando toco un animal\u2019 (de \u00c1ngel Filguera) \u2018El fant\u00e1stico caso del Golem\u2019, de Burnin\u2019 Percebes (protagonizada por el Premio Especial Abycine 2023: Luis Tosar); \u2018H\u2019, de Carlos Pardo Ros; \u2018La Singla\u2019, de Paloma Zapata; \u2018Nacer para nacer\u2019, de Pablo Garc\u00eda P\u00e9rez; \u2018Sobre todo de noche\u2019, con gui\u00f3n escrito junto a Lisa Campo; y \u2018Tregua (s)\u2019, de Mari Hern\u00e1ndez.<\/p>\n<p style=\"text-align: justify;\">Albadalejo se ha mostrado orgullosa del nivel y la diferenciaci\u00f3n que \u2018Abycine Lanza\u2019 viene imprimiendo a Abycine en lo que al impulso de futuras obras se refiere; una labor que, adem\u00e1s, ha recordado que est\u00e1 avalada ya por varios casos de \u00e9xito constatables en forma de grandes premios que han reconocido a pel\u00edculas y documentales cuyo germen estuvo en un \u2018Abycine Lanza\u2019.<\/p>\n<p style=\"text-align: justify;\">En torno a 300 profesionales se han acreditado a esta 8\u00aa entrega del Lanza, participando en los encuentros, los laboratorios y los distintos talleres de formaci\u00f3n desarrollados.<\/p>\n<p><!--publicidad-voz03--><a href=\"https:\/\/www.facebook.com\/profile.php?id=100063593791305&amp;locale=es_ES\"><img decoding=\"async\" class=\"alignnone size-medium\" src=\"https:\/\/blogger.googleusercontent.com\/img\/b\/R29vZ2xl\/AVvXsEi8_n_ll8UOcGxCqzFvb_9Io4ICczlGC990BPtPj2w9Px-u7B3oqWUW5vtjZUqPNJ-nyjiUIorE0ATsib_l5tV8BVN-UJ03RTnU__IHJF_4DgDBtY4LIqXNG-FomrO-7ywes20CBCRM2Hcm7EJSh3UUw1dO-c_uTflUrtgY1i7uBRezj_DpympmEFkfbQY\/s1600\/logo-principal2.jpg\" width=\"100%\" height=\"100\" \/><\/a><!--bestpublic-voz03--><!--desk-in-out-voz03--><br \/>\n<!--publicidad-voz04--><a href=\"https:\/\/www.facebook.com\/profile.php?id=61557370768692&amp;locale=es_ES\"><img decoding=\"async\" class=\"alignnone size-medium\" src=\"https:\/\/blogger.googleusercontent.com\/img\/b\/R29vZ2xl\/AVvXsEgy5RdcfffrnrItnYTcV9bCJjgJwldsQLWssfVfrLbyfXeBNTFKgBf0rMIvhrUaGUhiXzVr9_eQgCbi-j63ZDpfTvLIty9w7s140y-m1yHe7eKmEK7v2NAHUJDVYGdfeiQFeRCqUjdwWmN1MX_AUxxz4IVdJ4WIM0APxit8bjWkXzrnEFGqBvW_1F13H1g\/s1600\/logo-principal5.jpg\" width=\"100%\" height=\"100\" \/><\/a><!--bestpublic-voz04--><!--desk-in-out-voz04--><br \/>\n<!--publicidad-voz05--><a href=\"https:\/\/www.facebook.com\/asociaciontamborileroshellin?locale=es_ES\"><img decoding=\"async\" class=\"alignnone size-medium\" src=\"https:\/\/blogger.googleusercontent.com\/img\/b\/R29vZ2xl\/AVvXsEhHEEpZsKK1VpwiYMrS7aE2ujtqIDZoLd4B5wtbiseSU9s2HdTdQfhF84So2XwEB1fv0BLw95GADm6hUl1bkKtzh-eIgVigXONuu_5RxeIMPhjk8q6uNX4EaEHbooKkbu7pCADWPpVJjhKIH5NQSJpWqedC-YBez4QAQeJYokkLot9bhrIaUAeztsGis6M\/s1600\/logo-principal3.jpg\" width=\"100%\" height=\"100\" \/><\/a><!--bestpublic-voz05--><!--desk-in-out-voz05--><br \/>\n<!--publicidad-voz06--><!--bestpublic-voz06--><!--desk-in-out-voz06--><br \/>\n<!--publicidad-voz07--><!--bestpublic-voz07--><!--desk-in-out-voz07--><br \/>\n<!--publicidad-voz08--><!--bestpublic-voz08--><!--desk-in-out-voz08--><br \/>\n<!--publicidad-voz09--><!--bestpublic-voz09--><!--desk-in-out-voz09--><br \/>\n<!--publicidad-voz10--><!--bestpublic-voz10--><!--desk-in-out-voz10--><br \/>\n<!--publicidad-voz11--><!--bestpublic-voz11--><!--desk-in-out-voz11--><br \/>\n<!--publicidad-voz12--><!--bestpublic-voz12--><!--desk-in-out-voz12--><br \/>\n<!--publicidad-voz13--><!--bestpublic-voz13--><!--desk-in-out-voz13--><br \/>\n<!--publicidad-voz14--><!--bestpublic-voz14--><!--desk-in-out-voz14--><br \/>\n<!--publicidad-voz15--><!--bestpublic-voz15--><!--desk-in-out-voz15--><br \/>\n<!--publicidad-voz16--><!--bestpublic-voz16--><!--desk-in-out-voz16--><\/p>\n","protected":false},"excerpt":{"rendered":"<p>El Casino Primitivo, sede permanente de la que ha sido la 8\u00aa entrega de \u2018Abycine Lanza\u2019, ha acogido la entrega de premios que pone fin a tres jornadas intensas de&#8230;<\/p>\n","protected":false},"author":2,"featured_media":148409,"comment_status":"closed","ping_status":"closed","sticky":false,"template":"","format":"standard","meta":{"footnotes":""},"categories":[753,718,715,716,717],"tags":[],"class_list":["post-148408","post","type-post","status-publish","format-standard","has-post-thumbnail","hentry","category-blog-lv034","category-blogger","category-la-voz-de-hellin","category-la-voz-de-hellin-la-voz-de-hellin","category-noticias"],"_links":{"self":[{"href":"https:\/\/lavozdehellin.com\/noticias\/wp-json\/wp\/v2\/posts\/148408","targetHints":{"allow":["GET"]}}],"collection":[{"href":"https:\/\/lavozdehellin.com\/noticias\/wp-json\/wp\/v2\/posts"}],"about":[{"href":"https:\/\/lavozdehellin.com\/noticias\/wp-json\/wp\/v2\/types\/post"}],"author":[{"embeddable":true,"href":"https:\/\/lavozdehellin.com\/noticias\/wp-json\/wp\/v2\/users\/2"}],"replies":[{"embeddable":true,"href":"https:\/\/lavozdehellin.com\/noticias\/wp-json\/wp\/v2\/comments?post=148408"}],"version-history":[{"count":0,"href":"https:\/\/lavozdehellin.com\/noticias\/wp-json\/wp\/v2\/posts\/148408\/revisions"}],"wp:featuredmedia":[{"embeddable":true,"href":"https:\/\/lavozdehellin.com\/noticias\/wp-json\/wp\/v2\/media\/148409"}],"wp:attachment":[{"href":"https:\/\/lavozdehellin.com\/noticias\/wp-json\/wp\/v2\/media?parent=148408"}],"wp:term":[{"taxonomy":"category","embeddable":true,"href":"https:\/\/lavozdehellin.com\/noticias\/wp-json\/wp\/v2\/categories?post=148408"},{"taxonomy":"post_tag","embeddable":true,"href":"https:\/\/lavozdehellin.com\/noticias\/wp-json\/wp\/v2\/tags?post=148408"}],"curies":[{"name":"wp","href":"https:\/\/api.w.org\/{rel}","templated":true}]}}