{"id":148538,"date":"2023-10-10T12:30:49","date_gmt":"2023-10-10T11:30:49","guid":{"rendered":"https:\/\/lavozdehellin.com\/noticias\/?p=148538"},"modified":"2024-02-26T17:58:09","modified_gmt":"2024-02-26T16:58:09","slug":"v08-275-el-plan-corresponsables-ha-llegado-a-toda-la-provincia-de-albacete-de-la-mano-de-la-diputacion-y-el-instituto-de-la-mujer-de-c-lm","status":"publish","type":"post","link":"https:\/\/lavozdehellin.com\/noticias\/v08-275-el-plan-corresponsables-ha-llegado-a-toda-la-provincia-de-albacete-de-la-mano-de-la-diputacion-y-el-instituto-de-la-mujer-de-c-lm\/","title":{"rendered":"LVH NOTICIAS | EL PLAN CORRESPONSABLES HA LLEGADO A TODA LA PROVINCIA DE ALBACETE DE LA MANO DE LA DIPUTACI\u00d3N Y EL INSTITUTO DE LA MUJER DE C-LM"},"content":{"rendered":"<p style=\"text-align: justify;\">En una destacada muestra de compromiso con la igualdad y la conciliaci\u00f3n en el medio rural, el presidente de la Diputaci\u00f3n de Albacete, Santi Caba\u00f1ero, junto a la diputada y coordinadora del \u00c1rea de Igualdad en la instituci\u00f3n, Pilar Callado, han presentado los resultados de la ejecuci\u00f3n del convenio de colaboraci\u00f3n suscrito con el Instituto de la Mujer de Castilla-La Mancha para implementar acciones del Plan Corresponsables en el territorio provincial.<\/p>\n<p><!--more--><br \/>\n<!--publicidad-voz01--><a href=\"https:\/\/www.facebook.com\/SoloRadioHellin\/?locale=es_ES\"><img decoding=\"async\" class=\"alignnone size-medium\" src=\"https:\/\/blogger.googleusercontent.com\/img\/b\/R29vZ2xl\/AVvXsEiNncirNnyGedv00mhjZjh5Wl4_YPdJGanoAl8tL8zH-HwqE8uHqjEfSt340RHdx-9tuCSIkZ8rFamZiGyYlgDGxCsmXjCH_1xk5eYM3ntFZRvJP_jndOKR7w1UAo9Tu0vrZyOLfqRpHIxYI5SymJJ-pfGCQw6QVpggBH-UgfjiFQ2JOxqxG0Jx94kW83c\/s1600\/logo-principal.jpg\" width=\"100%\" height=\"100\" \/><\/a><!--bestpublic-voz01--><!--desk-in-out-voz01--><br \/>\n<!--publicidad-voz02--><a href=\"https:\/\/www.hellincf.com\/\"><img decoding=\"async\" class=\"alignnone size-medium\" src=\"https:\/\/blogger.googleusercontent.com\/img\/b\/R29vZ2xl\/AVvXsEhuZ4-XfBVj3UtdP8-RZugy3WVrg-Zv28c53m4oV47qYCxL1rX_dqWX_YddsGSnpH5SRDqZ7bZeKPIfDVCDncpjVlhy3aQs2vojcJBn7Gdv9hC2_Nzct_pRFrnFE1a7KTCdY1bT_kAgnY3-iadRZrGeJf1fR2P5fu11bokx0pWjaypoy-ctwCjklldpEbA\/s1600\/logo-principal7.jpg\" width=\"100%\" height=\"100\" \/><\/a><!--bestpublic-voz02--><!--desk-in-out-voz02--><\/p>\n<p style=\"text-align: justify;\">El acuerdo, firmado a finales del pasado diciembre, ten\u00eda el objetivo de promover en los municipios actuaciones orientadas a apoyar el cuidado de menores de hasta 14 a\u00f1os atendiendo, con un enfoque prioritario, a familias monomarentales, v\u00edctimas de violencia de g\u00e9nero, mujeres en situaci\u00f3n de desempleo prolongado, mayores de 45 a\u00f1os y unidades familiares con otras responsabilidades vinculadas al cuidado.<\/p>\n<p style=\"text-align: justify;\">Pol\u00edticas con perspectiva de g\u00e9nero, especialmente transformadoras para el medio rural<\/p>\n<p style=\"text-align: justify;\">Santi Caba\u00f1ero ha subrayado que el trabajo en materia de Igualdad est\u00e1 en los \u2018genes\u2019 de su equipo de gobierno, siendo uno de los \u201cejes transversales\u201d de su acci\u00f3n, desde el convencimiento de que la perspectiva de g\u00e9nero debe estar en cuantas m\u00e1s medidas y pol\u00edticas p\u00fablicas sea posible ya que, si siempre resultan transformadoras, lo son muy especialmente cuando se habla del medio rural.<\/p>\n<p style=\"text-align: justify;\">Un trabajo que requiere, explicaba, no s\u00f3lo impulsar medidas que ayuden a las mujeres a realizarse profesionalmente en sus pueblos (por ejemplo, con programas como el \u2018Dipualba Protege\u2019), sino que tambi\u00e9n es clave \u201cprogresar en conciliaci\u00f3n y corresponsabilidad, porque de nada sirve que una mujer pueda tener opci\u00f3n de desempe\u00f1ar un buen trabajo o de impulsar un negocio propio en su pueblo, si al final tiene que elegir entre esto o tener una familia\u2026\u201d, ha se\u00f1alado.<\/p>\n<p style=\"text-align: justify;\">Y, en este punto, ha sido muy importante ese convenio suscrito con el Instituto de la Mujer de Castilla-La Mancha con el que, sumando 525.000 euros, se han llevado a cabo diversas iniciativas que han tenido un impacto positivo en la provincia en el marco del Plan Corresponsables dividi\u00e9ndose, fundamentalmente, en cuatro ejes detallados por Pilar Callado.<\/p>\n<p style=\"text-align: justify;\">Ludotecas en los Circuitos Deportivos; subvenciones a ayuntamientos; campamentos de verano y \u2018Escuela de Oto\u00f1o\u2019: el Plan Corresponsables en la provincia de Albacete<\/p>\n<p style=\"text-align: justify;\">De una parte, la Diputaci\u00f3n ha impulsado un servicio de Ludoteca gratuito en sus Circuitos Deportivos Provinciales de Carreras Populares, Trail y BTT con el objetivo de fomentar la conciliaci\u00f3n y promover la igualdad incentivando, especialmente, la participaci\u00f3n femenina. Un recurso del que se han beneficiado 143 familias y 207 menores en 33 municipios de la provincia.<\/p>\n<p style=\"text-align: justify;\">Tambi\u00e9n se han articulado ayudas para Ayuntamientos y Entidades Locales Menores mediante la convocatoria de una l\u00ednea de dotada con 300.000 euros. En total, se han concedieron 59 subvenciones a ayuntamientos que han llevado a cabo actividades de conciliaci\u00f3n durante las vacaciones de verano, incluyendo aulas matinales y talleres deportivos.<\/p>\n<p style=\"text-align: justify;\">Como tercer eje la Diputaci\u00f3n de Albacete ha organizado campamentos de verano en Tolosa (Alcal\u00e1 del J\u00facar) y Yeste (r\u00edo T\u00fas) dirigidos a menores con entre 8 y 14 a\u00f1os, censados en municipios de menos de 20.000 habitantes y pertenecientes a colectivos prioritarios del Plan Corresponsables. Una iniciativa con una inversi\u00f3n cercana a los 42.000 euros y en la que han participado 100 menores (50 por campamento).<\/p>\n<p style=\"text-align: justify;\">Como cuarta l\u00ednea de acci\u00f3n se ha desarrollando la llamada \u2018Escuela de Oto\u00f1o\u2019 con la que la Diputaci\u00f3n, durante los meses de octubre y noviembre, quiere dotar a municipios recursos de conciliaci\u00f3n para el cuidado de menores fuera del horario escolar en instalaciones municipales. Una iniciativa que ha interesado a 60 localidades que, gracias a ella, est\u00e1n ofreciendo ludotecas, citas deportivas, actividades creativas, refuerzo escolar y juegos de realidad virtual, beneficiando a las necesidades de conciliaci\u00f3n en diferentes horarios.<\/p>\n<p style=\"text-align: justify;\">Un Plan que favorece doblemente el empleo femenino<\/p>\n<p style=\"text-align: justify;\">Caba\u00f1ero ha resaltado la satisfacci\u00f3n del gobierno de la Diputaci\u00f3n, habiendo contribuido a \u201cpermeabilizar\u201d con esas ayudas el territorio provincial aprovechando un Plan que fija poblaci\u00f3n en el medio rural, insistiendo en que contribuir al arraigo femenino en los pueblos es un instrumento vital para abordar con garant\u00edas el trabajo en materia de Reto Demogr\u00e1fico, insistiendo lo importante de no dejar esta senda, especialmente, en tiempos en los que parece primar \u201cel negacionismo creciente\u201d en discursos de g\u00e9nero.<\/p>\n<p style=\"text-align: justify;\">En este sentido, la diputada al frente de Igualdad ha enfatizado que este Plan favorece por una doble v\u00eda el empleo femenino: de un lado, facilitando que las mujeres puedan trabajar o que no reduzcan sus jornadas laborales por tener que asumir en exclusiva las tareas de cuidado en sus familias; de otro porque, en su inmensa mayor\u00eda (en torno al 80% a nivel regional), las contrataciones que suscita tienen nombre de mujer.<\/p>\n<p style=\"text-align: justify;\">Callado: \u201cHemos llegado a toda la provincia, especialmente, a las localidades m\u00e1s peque\u00f1as\u201d<\/p>\n<p style=\"text-align: justify;\">Callado ha insistido en que \u201ces un dato objetivo que, cuando hablamos de corresponsabilidad, hablamos m\u00e1s de conciliaci\u00f3n y, sobre todo, de conciliaci\u00f3n de las mujeres, que son las que m\u00e1s concilian; por eso este Plan beneficia m\u00e1s a las mujeres: porque son las que m\u00e1s concilian su vida profesional con su vida personal, y \u00e9ste era uno de los grandes objetivos del Plan Corresponsables\u201d.<\/p>\n<p style=\"text-align: justify;\">Poniendo en valor que \u201cse ha trabajado muy bien\u201d, la diputada ha se\u00f1alado la gran labor del personal de la Unidad de Igualdad de la Diputaci\u00f3n de Albacete, habiendo logrado que el Plan haya llegado \u201ca todos los rincones, a toda la provincia, especialmente, a las localidades m\u00e1s peque\u00f1as, al medio rural\u201d.<\/p>\n<p style=\"text-align: justify;\">Pilar Callado ha aprovechado para recordar p\u00fablicamente que est\u00e1 abierto el plazo (hasta el 15 de octubre) para participar en el VIII Certamen Fotogr\u00e1fico impulsado por la Diputaci\u00f3n contra la violencia machista, animando a las personas que puedan estar interesadas en concurrir, a hacerlo, sumando as\u00ed su importante \u2018granito de arena\u2019 para enfrentar esa lacra social.<\/p>\n<p><!--publicidad-voz03--><a href=\"https:\/\/www.facebook.com\/profile.php?id=100063593791305&amp;locale=es_ES\"><img decoding=\"async\" class=\"alignnone size-medium\" src=\"https:\/\/blogger.googleusercontent.com\/img\/b\/R29vZ2xl\/AVvXsEi8_n_ll8UOcGxCqzFvb_9Io4ICczlGC990BPtPj2w9Px-u7B3oqWUW5vtjZUqPNJ-nyjiUIorE0ATsib_l5tV8BVN-UJ03RTnU__IHJF_4DgDBtY4LIqXNG-FomrO-7ywes20CBCRM2Hcm7EJSh3UUw1dO-c_uTflUrtgY1i7uBRezj_DpympmEFkfbQY\/s1600\/logo-principal2.jpg\" width=\"100%\" height=\"100\" \/><\/a><!--bestpublic-voz03--><!--desk-in-out-voz03--><br \/>\n<!--publicidad-voz04--><a href=\"https:\/\/www.facebook.com\/profile.php?id=61557370768692&amp;locale=es_ES\"><img decoding=\"async\" class=\"alignnone size-medium\" src=\"https:\/\/blogger.googleusercontent.com\/img\/b\/R29vZ2xl\/AVvXsEgy5RdcfffrnrItnYTcV9bCJjgJwldsQLWssfVfrLbyfXeBNTFKgBf0rMIvhrUaGUhiXzVr9_eQgCbi-j63ZDpfTvLIty9w7s140y-m1yHe7eKmEK7v2NAHUJDVYGdfeiQFeRCqUjdwWmN1MX_AUxxz4IVdJ4WIM0APxit8bjWkXzrnEFGqBvW_1F13H1g\/s1600\/logo-principal5.jpg\" width=\"100%\" height=\"100\" \/><\/a><!--bestpublic-voz04--><!--desk-in-out-voz04--><br \/>\n<!--publicidad-voz05--><a href=\"https:\/\/www.facebook.com\/asociaciontamborileroshellin?locale=es_ES\"><img decoding=\"async\" class=\"alignnone size-medium\" src=\"https:\/\/blogger.googleusercontent.com\/img\/b\/R29vZ2xl\/AVvXsEhHEEpZsKK1VpwiYMrS7aE2ujtqIDZoLd4B5wtbiseSU9s2HdTdQfhF84So2XwEB1fv0BLw95GADm6hUl1bkKtzh-eIgVigXONuu_5RxeIMPhjk8q6uNX4EaEHbooKkbu7pCADWPpVJjhKIH5NQSJpWqedC-YBez4QAQeJYokkLot9bhrIaUAeztsGis6M\/s1600\/logo-principal3.jpg\" width=\"100%\" height=\"100\" \/><\/a><!--bestpublic-voz05--><!--desk-in-out-voz05--><br \/>\n<!--publicidad-voz06--><!--bestpublic-voz06--><!--desk-in-out-voz06--><br \/>\n<!--publicidad-voz07--><!--bestpublic-voz07--><!--desk-in-out-voz07--><br \/>\n<!--publicidad-voz08--><!--bestpublic-voz08--><!--desk-in-out-voz08--><br \/>\n<!--publicidad-voz09--><!--bestpublic-voz09--><!--desk-in-out-voz09--><br \/>\n<!--publicidad-voz10--><!--bestpublic-voz10--><!--desk-in-out-voz10--><br \/>\n<!--publicidad-voz11--><!--bestpublic-voz11--><!--desk-in-out-voz11--><br \/>\n<!--publicidad-voz12--><!--bestpublic-voz12--><!--desk-in-out-voz12--><br \/>\n<!--publicidad-voz13--><!--bestpublic-voz13--><!--desk-in-out-voz13--><br \/>\n<!--publicidad-voz14--><!--bestpublic-voz14--><!--desk-in-out-voz14--><br \/>\n<!--publicidad-voz15--><!--bestpublic-voz15--><!--desk-in-out-voz15--><br \/>\n<!--publicidad-voz16--><!--bestpublic-voz16--><!--desk-in-out-voz16--><\/p>\n","protected":false},"excerpt":{"rendered":"<p>En una destacada muestra de compromiso con la igualdad y la conciliaci\u00f3n en el medio rural, el presidente de la Diputaci\u00f3n de Albacete, Santi Caba\u00f1ero, junto a la diputada y&#8230;<\/p>\n","protected":false},"author":2,"featured_media":148539,"comment_status":"closed","ping_status":"closed","sticky":false,"template":"","format":"standard","meta":{"footnotes":""},"categories":[753,718,715,716,717],"tags":[],"class_list":["post-148538","post","type-post","status-publish","format-standard","has-post-thumbnail","hentry","category-blog-lv034","category-blogger","category-la-voz-de-hellin","category-la-voz-de-hellin-la-voz-de-hellin","category-noticias"],"_links":{"self":[{"href":"https:\/\/lavozdehellin.com\/noticias\/wp-json\/wp\/v2\/posts\/148538","targetHints":{"allow":["GET"]}}],"collection":[{"href":"https:\/\/lavozdehellin.com\/noticias\/wp-json\/wp\/v2\/posts"}],"about":[{"href":"https:\/\/lavozdehellin.com\/noticias\/wp-json\/wp\/v2\/types\/post"}],"author":[{"embeddable":true,"href":"https:\/\/lavozdehellin.com\/noticias\/wp-json\/wp\/v2\/users\/2"}],"replies":[{"embeddable":true,"href":"https:\/\/lavozdehellin.com\/noticias\/wp-json\/wp\/v2\/comments?post=148538"}],"version-history":[{"count":0,"href":"https:\/\/lavozdehellin.com\/noticias\/wp-json\/wp\/v2\/posts\/148538\/revisions"}],"wp:featuredmedia":[{"embeddable":true,"href":"https:\/\/lavozdehellin.com\/noticias\/wp-json\/wp\/v2\/media\/148539"}],"wp:attachment":[{"href":"https:\/\/lavozdehellin.com\/noticias\/wp-json\/wp\/v2\/media?parent=148538"}],"wp:term":[{"taxonomy":"category","embeddable":true,"href":"https:\/\/lavozdehellin.com\/noticias\/wp-json\/wp\/v2\/categories?post=148538"},{"taxonomy":"post_tag","embeddable":true,"href":"https:\/\/lavozdehellin.com\/noticias\/wp-json\/wp\/v2\/tags?post=148538"}],"curies":[{"name":"wp","href":"https:\/\/api.w.org\/{rel}","templated":true}]}}