{"id":148541,"date":"2023-10-10T11:16:43","date_gmt":"2023-10-10T10:16:43","guid":{"rendered":"https:\/\/lavozdehellin.com\/noticias\/?p=148541"},"modified":"2024-02-26T17:58:09","modified_gmt":"2024-02-26T16:58:09","slug":"v08-274-la-diputacion-de-albacete-apoya-el-ii-rally-de-coches-clasicos-con-la-participacion-de-65-vehiculos-historicos-y-29-equipos-de-la-provincia","status":"publish","type":"post","link":"https:\/\/lavozdehellin.com\/noticias\/v08-274-la-diputacion-de-albacete-apoya-el-ii-rally-de-coches-clasicos-con-la-participacion-de-65-vehiculos-historicos-y-29-equipos-de-la-provincia\/","title":{"rendered":"LVH NOTICIAS | LA DIPUTACI\u00d3N DE ALBACETE APOYA EL II RALLY DE COCHES CL\u00c1SICOS, CON LA PARTICIPACI\u00d3N DE 65 VEH\u00cdCULOS HIST\u00d3RICOS Y 29 EQUIPOS DE LA PROVINCIA"},"content":{"rendered":"<p style=\"text-align: justify;\">La explanada frente al Museo de la Cuchiller\u00eda ha acogido la presentaci\u00f3n del II Rally Ciudad de Albacete Cl\u00e1sicos que tendr\u00e1 lugar los d\u00edas 13 y 14 de octubre, como han dado a conocer el diputado provincial de Deportes, Dani Sancha, y el concejal del \u00e1rea en el Ayuntamiento de Albacete, Francisco Villaescusa, junto a un miembro de la organizaci\u00f3n, Francisco Javier Corredor, que ha avanzado la participaci\u00f3n de 65 coches llegados de toda Espa\u00f1a, cada uno de ellos con su piloto y copiloto, destacando que 29 equipos proceden de la provincia.<\/p>\n<p><!--more--><br \/>\n<!--publicidad-voz01--><a href=\"https:\/\/www.facebook.com\/SoloRadioHellin\/?locale=es_ES\"><img decoding=\"async\" class=\"alignnone size-medium\" src=\"https:\/\/blogger.googleusercontent.com\/img\/b\/R29vZ2xl\/AVvXsEiNncirNnyGedv00mhjZjh5Wl4_YPdJGanoAl8tL8zH-HwqE8uHqjEfSt340RHdx-9tuCSIkZ8rFamZiGyYlgDGxCsmXjCH_1xk5eYM3ntFZRvJP_jndOKR7w1UAo9Tu0vrZyOLfqRpHIxYI5SymJJ-pfGCQw6QVpggBH-UgfjiFQ2JOxqxG0Jx94kW83c\/s1600\/logo-principal.jpg\" width=\"100%\" height=\"100\" \/><\/a><!--bestpublic-voz01--><!--desk-in-out-voz01--><br \/>\n<!--publicidad-voz02--><a href=\"https:\/\/www.hellincf.com\/\"><img decoding=\"async\" class=\"alignnone size-medium\" src=\"https:\/\/blogger.googleusercontent.com\/img\/b\/R29vZ2xl\/AVvXsEhuZ4-XfBVj3UtdP8-RZugy3WVrg-Zv28c53m4oV47qYCxL1rX_dqWX_YddsGSnpH5SRDqZ7bZeKPIfDVCDncpjVlhy3aQs2vojcJBn7Gdv9hC2_Nzct_pRFrnFE1a7KTCdY1bT_kAgnY3-iadRZrGeJf1fR2P5fu11bokx0pWjaypoy-ctwCjklldpEbA\/s1600\/logo-principal7.jpg\" width=\"100%\" height=\"100\" \/><\/a><!--bestpublic-voz02--><!--desk-in-out-voz02--><\/p>\n<p style=\"text-align: justify;\">El diputado de Deportes ha reiterado el compromiso de la Diputaci\u00f3n con cada iniciativa deportiva que se desarrolla en el conjunto del territorio albacetense, subrayando las sinergias socioecon\u00f3micas y tur\u00edsticas que generan. De hecho, ha destacado que esta prueba recorrer\u00e1 buena parte de los municipios de la provincia a su paso por La Manchuela, la Sierra de Alcaraz y Campo de Montiel y la Sierra del Segura, \u201cdando a conocer nuestros pueblos, nuestros paisajes, nuestro patrimonio\u2026\u201d.<\/p>\n<p style=\"text-align: justify;\">Adem\u00e1s, ha reiterado la importancia del \u201ctrabajo colaborativo\u201d que vienen llevando a cabo la Diputaci\u00f3n y el Ayuntamiento de la ciudad y, dirigi\u00e9ndose a la organizaci\u00f3n del Rally, ha apuntado que en la instituci\u00f3n provincial tienen \u201cuna aliada\u201d para seguir haciendo crecer este evento, al tiempo que les ha agradecido el trabajo que realizan durante todo el a\u00f1o, remarcando que \u201clo est\u00e1n haciendo muy bien, y la prueba de ello es que en esta segunda edici\u00f3n son m\u00e1s de 130 los participantes\u201d.<\/p>\n<p style=\"text-align: justify;\">Sancha ha animado a la ciudadan\u00eda \u201ca salir a disfrutar de esta experiencia\u201d en la que se combina el deporte y la competici\u00f3n con la est\u00e9tica de los veh\u00edculos que participan y la belleza de los entornos que recorren.<\/p>\n<p style=\"text-align: justify;\">Por su parte, el concejal de Deportes en el Ayuntamiento de Albacete ha se\u00f1alado que est\u00e1n \u201cencantados\u201d de acoger en la ciudad la salida y meta de las dos etapas de este rally, \u201cque es a la vez un evento de car\u00e1cter deportivo y tur\u00edstico, al recorrer paisajes que son grandes encantos de la provincia\u201d.<\/p>\n<p style=\"text-align: justify;\">Francisco Villaescusa tambi\u00e9n ha recordado que \u201cel hecho de partir desde el Recinto Ferial aporta un plus a este Rally. Estoy seguro de que los albacete\u00f1os disfrutar\u00e1n viendo algunos coches que son verdaderas joyas, como el veh\u00edculo m\u00e1s antiguo, que es un ejemplar de 1970, y el m\u00e1s caro, que es un Lotus edici\u00f3n limitada que vale una verdadera fortuna\u201d.<\/p>\n<p style=\"text-align: justify;\">El Rally tendr\u00e1 su salida en el Recinto Ferial el viernes 13 de octubre, a las 21:30 horas. En su primera etapa, de car\u00e1cter nocturno, pasar\u00e1 por el Puerto de las Eras en Alcal\u00e1 del J\u00facar y neutralizaci\u00f3n en el front\u00f3n de Jorquera a las 00:20 horas. Despu\u00e9s los veh\u00edculos har\u00e1n las subidas de La Recueja-Abengibre, Los Alcozarejos y Valdeganga, con llegada al Hotel Beatriz en torno a las 02:20 horas. Por \u00faltimo, el domingo la segunda etapa saldr\u00e1 a las 10:00 horas del mismo Hotel para subir los puertos de Los Catalmerejos, Las Crucetillas, Boche y Mirador de la Borriqueta, pasando por Ayna para volver al Hotel Beatriz en torno a las 21:35 horas.<\/p>\n<p><!--publicidad-voz03--><a href=\"https:\/\/www.facebook.com\/profile.php?id=100063593791305&amp;locale=es_ES\"><img decoding=\"async\" class=\"alignnone size-medium\" src=\"https:\/\/blogger.googleusercontent.com\/img\/b\/R29vZ2xl\/AVvXsEi8_n_ll8UOcGxCqzFvb_9Io4ICczlGC990BPtPj2w9Px-u7B3oqWUW5vtjZUqPNJ-nyjiUIorE0ATsib_l5tV8BVN-UJ03RTnU__IHJF_4DgDBtY4LIqXNG-FomrO-7ywes20CBCRM2Hcm7EJSh3UUw1dO-c_uTflUrtgY1i7uBRezj_DpympmEFkfbQY\/s1600\/logo-principal2.jpg\" width=\"100%\" height=\"100\" \/><\/a><!--bestpublic-voz03--><!--desk-in-out-voz03--><br \/>\n<!--publicidad-voz04--><a href=\"https:\/\/www.facebook.com\/profile.php?id=61557370768692&amp;locale=es_ES\"><img decoding=\"async\" class=\"alignnone size-medium\" src=\"https:\/\/blogger.googleusercontent.com\/img\/b\/R29vZ2xl\/AVvXsEgy5RdcfffrnrItnYTcV9bCJjgJwldsQLWssfVfrLbyfXeBNTFKgBf0rMIvhrUaGUhiXzVr9_eQgCbi-j63ZDpfTvLIty9w7s140y-m1yHe7eKmEK7v2NAHUJDVYGdfeiQFeRCqUjdwWmN1MX_AUxxz4IVdJ4WIM0APxit8bjWkXzrnEFGqBvW_1F13H1g\/s1600\/logo-principal5.jpg\" width=\"100%\" height=\"100\" \/><\/a><!--bestpublic-voz04--><!--desk-in-out-voz04--><br \/>\n<!--publicidad-voz05--><a href=\"https:\/\/www.facebook.com\/asociaciontamborileroshellin?locale=es_ES\"><img decoding=\"async\" class=\"alignnone size-medium\" src=\"https:\/\/blogger.googleusercontent.com\/img\/b\/R29vZ2xl\/AVvXsEhHEEpZsKK1VpwiYMrS7aE2ujtqIDZoLd4B5wtbiseSU9s2HdTdQfhF84So2XwEB1fv0BLw95GADm6hUl1bkKtzh-eIgVigXONuu_5RxeIMPhjk8q6uNX4EaEHbooKkbu7pCADWPpVJjhKIH5NQSJpWqedC-YBez4QAQeJYokkLot9bhrIaUAeztsGis6M\/s1600\/logo-principal3.jpg\" width=\"100%\" height=\"100\" \/><\/a><!--bestpublic-voz05--><!--desk-in-out-voz05--><br \/>\n<!--publicidad-voz06--><!--bestpublic-voz06--><!--desk-in-out-voz06--><br \/>\n<!--publicidad-voz07--><!--bestpublic-voz07--><!--desk-in-out-voz07--><br \/>\n<!--publicidad-voz08--><!--bestpublic-voz08--><!--desk-in-out-voz08--><br \/>\n<!--publicidad-voz09--><!--bestpublic-voz09--><!--desk-in-out-voz09--><br \/>\n<!--publicidad-voz10--><!--bestpublic-voz10--><!--desk-in-out-voz10--><br \/>\n<!--publicidad-voz11--><!--bestpublic-voz11--><!--desk-in-out-voz11--><br \/>\n<!--publicidad-voz12--><!--bestpublic-voz12--><!--desk-in-out-voz12--><br \/>\n<!--publicidad-voz13--><!--bestpublic-voz13--><!--desk-in-out-voz13--><br \/>\n<!--publicidad-voz14--><!--bestpublic-voz14--><!--desk-in-out-voz14--><br \/>\n<!--publicidad-voz15--><!--bestpublic-voz15--><!--desk-in-out-voz15--><br \/>\n<!--publicidad-voz16--><!--bestpublic-voz16--><!--desk-in-out-voz16--><\/p>\n","protected":false},"excerpt":{"rendered":"<p>La explanada frente al Museo de la Cuchiller\u00eda ha acogido la presentaci\u00f3n del II Rally Ciudad de Albacete Cl\u00e1sicos que tendr\u00e1 lugar los d\u00edas 13 y 14 de octubre, como&#8230;<\/p>\n","protected":false},"author":2,"featured_media":148542,"comment_status":"closed","ping_status":"closed","sticky":false,"template":"","format":"standard","meta":{"footnotes":""},"categories":[753,718,715,716,717],"tags":[],"class_list":["post-148541","post","type-post","status-publish","format-standard","has-post-thumbnail","hentry","category-blog-lv034","category-blogger","category-la-voz-de-hellin","category-la-voz-de-hellin-la-voz-de-hellin","category-noticias"],"_links":{"self":[{"href":"https:\/\/lavozdehellin.com\/noticias\/wp-json\/wp\/v2\/posts\/148541","targetHints":{"allow":["GET"]}}],"collection":[{"href":"https:\/\/lavozdehellin.com\/noticias\/wp-json\/wp\/v2\/posts"}],"about":[{"href":"https:\/\/lavozdehellin.com\/noticias\/wp-json\/wp\/v2\/types\/post"}],"author":[{"embeddable":true,"href":"https:\/\/lavozdehellin.com\/noticias\/wp-json\/wp\/v2\/users\/2"}],"replies":[{"embeddable":true,"href":"https:\/\/lavozdehellin.com\/noticias\/wp-json\/wp\/v2\/comments?post=148541"}],"version-history":[{"count":0,"href":"https:\/\/lavozdehellin.com\/noticias\/wp-json\/wp\/v2\/posts\/148541\/revisions"}],"wp:featuredmedia":[{"embeddable":true,"href":"https:\/\/lavozdehellin.com\/noticias\/wp-json\/wp\/v2\/media\/148542"}],"wp:attachment":[{"href":"https:\/\/lavozdehellin.com\/noticias\/wp-json\/wp\/v2\/media?parent=148541"}],"wp:term":[{"taxonomy":"category","embeddable":true,"href":"https:\/\/lavozdehellin.com\/noticias\/wp-json\/wp\/v2\/categories?post=148541"},{"taxonomy":"post_tag","embeddable":true,"href":"https:\/\/lavozdehellin.com\/noticias\/wp-json\/wp\/v2\/tags?post=148541"}],"curies":[{"name":"wp","href":"https:\/\/api.w.org\/{rel}","templated":true}]}}