{"id":148544,"date":"2023-10-10T10:50:13","date_gmt":"2023-10-10T09:50:13","guid":{"rendered":"https:\/\/lavozdehellin.com\/noticias\/?p=148544"},"modified":"2024-02-26T17:58:09","modified_gmt":"2024-02-26T16:58:09","slug":"v08-273-cabanero-subraya-el-compromiso-inquebrantable-de-la-diputacion-con-abycine-que-del-19-al-27-de-octubre-celebrara-por-todo-lo-alto-su-xxv-edicion-con-grandes-protagonistas","status":"publish","type":"post","link":"https:\/\/lavozdehellin.com\/noticias\/v08-273-cabanero-subraya-el-compromiso-inquebrantable-de-la-diputacion-con-abycine-que-del-19-al-27-de-octubre-celebrara-por-todo-lo-alto-su-xxv-edicion-con-grandes-protagonistas\/","title":{"rendered":"LVH NOTICIAS | CABA\u00d1ERO SUBRAYA EL \u201cCOMPROMISO INQUEBRANTABLE DE LA DIPUTACI\u00d3N CON ABYCINE\u201d QUE, DEL 19 AL 27 DE OCTUBRE, CELEBRAR\u00c1 POR TODO LO ALTO SU XXV EDICI\u00d3N CON GRANDES PROTAGONISTAS"},"content":{"rendered":"<p style=\"text-align: justify;\">Sobre el siempre imponente escenario del Teatro Circo, el presidente de la Diputaci\u00f3n de Albacete, Santi Caba\u00f1ero, ha participado en la presentaci\u00f3n oficial de la 25\u00aa edici\u00f3n del Festival Internacional de Cine de Albacete, acompa\u00f1ado del diputado de Educaci\u00f3n y Cultura, Miguel Zamora, y junto a representantes de todas las instituciones y entidades ligadas a la cita.<\/p>\n<p><!--more--><br \/>\n<!--publicidad-voz01--><a href=\"https:\/\/www.facebook.com\/SoloRadioHellin\/?locale=es_ES\"><img decoding=\"async\" class=\"alignnone size-medium\" src=\"https:\/\/blogger.googleusercontent.com\/img\/b\/R29vZ2xl\/AVvXsEiNncirNnyGedv00mhjZjh5Wl4_YPdJGanoAl8tL8zH-HwqE8uHqjEfSt340RHdx-9tuCSIkZ8rFamZiGyYlgDGxCsmXjCH_1xk5eYM3ntFZRvJP_jndOKR7w1UAo9Tu0vrZyOLfqRpHIxYI5SymJJ-pfGCQw6QVpggBH-UgfjiFQ2JOxqxG0Jx94kW83c\/s1600\/logo-principal.jpg\" width=\"100%\" height=\"100\" \/><\/a><!--bestpublic-voz01--><!--desk-in-out-voz01--><br \/>\n<!--publicidad-voz02--><a href=\"https:\/\/www.hellincf.com\/\"><img decoding=\"async\" class=\"alignnone size-medium\" src=\"https:\/\/blogger.googleusercontent.com\/img\/b\/R29vZ2xl\/AVvXsEhuZ4-XfBVj3UtdP8-RZugy3WVrg-Zv28c53m4oV47qYCxL1rX_dqWX_YddsGSnpH5SRDqZ7bZeKPIfDVCDncpjVlhy3aQs2vojcJBn7Gdv9hC2_Nzct_pRFrnFE1a7KTCdY1bT_kAgnY3-iadRZrGeJf1fR2P5fu11bokx0pWjaypoy-ctwCjklldpEbA\/s1600\/logo-principal7.jpg\" width=\"100%\" height=\"100\" \/><\/a><!--bestpublic-voz02--><!--desk-in-out-voz02--><\/p>\n<p style=\"text-align: justify;\">Cuarto de siglo para un evento determinante en la proyecci\u00f3n de la imagen m\u00e1s moderna y din\u00e1mica de la provincia de Albacete y que, como tal, la Diputaci\u00f3n viene apoyando de forma protagonista ya durante 23 a\u00f1os dentro del \u201ccompromiso inquebrantable\u201d que la instituci\u00f3n viene demostrando con Abycine, tal y como ha se\u00f1alado Caba\u00f1ero.<\/p>\n<p style=\"text-align: justify;\">Como en ejercicios anteriores, para la edici\u00f3n de 2023 la Diputaci\u00f3n ha firmado un convenio de colaboraci\u00f3n con la Fundaci\u00f3n Abycine Albacete-Audiovisual por valor de 55.000 euros destinados a respaldar los gastos ligados a la promoci\u00f3n y mantenimiento del Festival.<\/p>\n<p style=\"text-align: justify;\">Una cifra a la que se suman otros 16.500 euros con los que la instituci\u00f3n presidida por Caba\u00f1ero financia, en exclusiva, los programas educativos impulsados por la Diputaci\u00f3n de la mano del Festival: \u2018Abycinitos\u2019 (para alumnado de Educaci\u00f3n Infantil y Primaria) y \u2018Mi Primer Abycine\u2019 (para alumnado de Educaci\u00f3n Secundaria y de Ciclos Formativos). Iniciativas, ambas, con las que la instituci\u00f3n provincial respalda a Abycine no s\u00f3lo financieramente, sino tambi\u00e9n con su participaci\u00f3n activa en este tipo de programas que se han hecho fundamentales para el \u00e9xito continuo del festival y que, a\u00f1o tras a\u00f1o, suscitan una alta demanda de asistencia en los centros educativos.<\/p>\n<p style=\"text-align: justify;\">Ya hay 63 sesiones de \u2018Abycinitos\u2019 y \u2018Mi primer Abycine\u2019 programadas para unos 20.000 alumnos y alumnas de centros educativos de diversas localidades de la provincia<\/p>\n<p style=\"text-align: justify;\">A falta de cerrar las cifras, Santi Caba\u00f1ero ha avanzado que ya hay programadas 63 sesiones de \u2018Abycinitos\u2019 y \u2018Mi primer Abycine\u2019 para unos 20.000 alumnos y alumnas inscritos desde centros de 17 localidades (adem\u00e1s de la ciudad de Albacete). Con cinco selecciones distintas de cortos llegados de los mejores festivales europeos seg\u00fan los distintos tramos de edad, los pases se desarrollar\u00e1n del 23 de octubre al 7 de noviembre en cuatro sedes: el Teatro de la Paz, el Cine Capitol y salas de los Cines Yelmo de Vialia e Imaginalia.<\/p>\n<p style=\"text-align: justify;\">Adem\u00e1s, dentro de \u2018Mi primer Abycine\u2019, Caba\u00f1ero ha avanzado que la Diputaci\u00f3n vuelve a ofrecer una de las actividades mejor acogidas: los \u2018Encuentros con directores\u2019. El 23 de octubre, desde las 10:00 horas, Juli\u00e1n Larrauri (productor de \u2018Robot Dreams\u2019 y ganador de un Goya por \u2018Mortadelo y Filem\u00f3n con Jimmy el Cachondo\u2019) compartir\u00e1 encuentro en el Sal\u00f3n de Actos de la instituci\u00f3n provincial con alumnos y alumnas de Ciclos Formativos de Animaci\u00f3n y Videojuegos de la Escuela de Arte y la Universidad Laboral.<\/p>\n<p style=\"text-align: justify;\">Unos talleres, ha explicado, que est\u00e1n teniendo una acogida magn\u00edfica por su car\u00e1cter formativo hacia quienes seguramente ser\u00e1n, a futuro, profesionales de la industria de la animaci\u00f3n cinematogr\u00e1fica y que, de la mano de referentes (como Juli\u00e1n) obtienen claves art\u00edsticas, de producci\u00f3n y de la industria que refuerzan sus conocimientos e inquietudes sobre el mundo de la animaci\u00f3n.<\/p>\n<p style=\"text-align: justify;\">El presidente ha insistido en que Abycine no es s\u00f3lo un evento cultural destacado en Albacete, sino que se ha convertido en un instrumento clave para la promoci\u00f3n nacional de la provincia, reiterando el orgullo que supone para el gobierno provincial colaborar de forma constante con este festival que se ha ganado ser un punto de encuentro importante en el panorama audiovisual nacional, atrayendo a la industria y a profesionales del sector de todo el pa\u00eds.<\/p>\n<p style=\"text-align: justify;\">Diputaci\u00f3n y Abycine: historia de una colaboraci\u00f3n que mira m\u00e1s all\u00e1 del festival<\/p>\n<p style=\"text-align: justify;\">M\u00e9rito que ha atribuido, en gran medida, al equipo capitaneado por el director de Abycine, Jos\u00e9 Manuel Zamora, con el que la Diputaci\u00f3n viene trabajando m\u00e1s all\u00e1 del propio festival gracias a una diversificaci\u00f3n de la colaboraci\u00f3n muy atractiva para la poblaci\u00f3n provincial.<\/p>\n<p style=\"text-align: justify;\">Ah\u00ed se incluyen, por ejemplo, la realizaci\u00f3n exitosa de eventos como el Ciclo de Cine de Verano (que ha vivido su VII edici\u00f3n). Tambi\u00e9n la participaci\u00f3n en el programa \u2018Territorio Albacete\u2019, que acerca el cine a los pueblos y visibiliza el mundo rural a trav\u00e9s del s\u00e9ptimo arte contribuyendo al fortalecimiento de la cultura en toda la provincia. Y la f\u00f3rmula con la que Diputaci\u00f3n y Abycine logran que alumnado de centros de fuera de la ciudad que, por circunstancias, no pueden viajar hasta Albacete para disfrutar de \u2018Abycinitos\u2019 y \u2018Mi primer Abycine\u2019, pueda tener en sus pueblos los programas. Para estos casos, la instituci\u00f3n ofrece hasta 38 pases did\u00e1cticos que se programan durante el oto\u00f1o en las localidades que lo solicitan. Un formato bajo el que la Diputaci\u00f3n ofreci\u00f3 33 pases en doce municipios.<\/p>\n<p style=\"text-align: justify;\">El presidente se ha mostrado convencido de que, en esta historia que cumple felizmente un cuarto de siglo y mira con ilusi\u00f3n y ganas al futuro, es fundamental el germen que suponen \u2018Abycinitos\u2019 y \u2018Mi primer Abycine\u2019. Iniciativas sin las que, ha insistido, no es posible concebir el festival y que la Diputaci\u00f3n se va a esmerar en seguir fomentando para continuar impulsando a Abycine desde la infancia.<\/p>\n<p style=\"text-align: justify;\">Luis Tosar, Premio Especial Abycine y Carolina Yuste, Premio Trayectoria Joven<\/p>\n<p style=\"text-align: justify;\">Del 19 al 27 de octubre, Albacete respirar\u00e1 cine con las \u2018bodas de plata\u2019 de este evento referente que traer\u00e1 a la ciudad a grandes protagonistas, partiendo desde su propia inauguraci\u00f3n. Una noche que promete ser inolvidable con una gala celebrada en el Teatro Circo y presentada por Javier Coronas, en la que Luis Tosar recibir\u00e1 el Premio Especial Abycine y Carolina Yuste el Premio Trayectoria Joven. Cita que ser\u00e1 el mejor proleg\u00f3meno para el Laboratorio de Creaci\u00f3n de Abycine con el homenaje musical de La Bien Querida a Carlos Saura.<\/p>\n<p style=\"text-align: justify;\">Sin duda, un festival que, adem\u00e1s de gozar de una creciente relevancia ganada a base de trabajo y del af\u00e1n constante de mejorar, contribuye al desarrollo econ\u00f3mico de la provincia y al enriquecimiento cultural de la misma, como ha elogiado Santi Caba\u00f1ero.<\/p>\n<p style=\"text-align: justify;\">El presidente ha reiterado el compromiso de la Diputaci\u00f3n de Albacete con la promoci\u00f3n de la cultura y del cine independiente a trav\u00e9s de su colaboraci\u00f3n continua con Abycine y se ha mostrado convencido de una exitosa edici\u00f3n del festival en su 25 aniversario.<\/p>\n<p><!--publicidad-voz03--><a href=\"https:\/\/www.facebook.com\/profile.php?id=100063593791305&amp;locale=es_ES\"><img decoding=\"async\" class=\"alignnone size-medium\" src=\"https:\/\/blogger.googleusercontent.com\/img\/b\/R29vZ2xl\/AVvXsEi8_n_ll8UOcGxCqzFvb_9Io4ICczlGC990BPtPj2w9Px-u7B3oqWUW5vtjZUqPNJ-nyjiUIorE0ATsib_l5tV8BVN-UJ03RTnU__IHJF_4DgDBtY4LIqXNG-FomrO-7ywes20CBCRM2Hcm7EJSh3UUw1dO-c_uTflUrtgY1i7uBRezj_DpympmEFkfbQY\/s1600\/logo-principal2.jpg\" width=\"100%\" height=\"100\" \/><\/a><!--bestpublic-voz03--><!--desk-in-out-voz03--><br \/>\n<!--publicidad-voz04--><a href=\"https:\/\/www.facebook.com\/profile.php?id=61557370768692&amp;locale=es_ES\"><img decoding=\"async\" class=\"alignnone size-medium\" src=\"https:\/\/blogger.googleusercontent.com\/img\/b\/R29vZ2xl\/AVvXsEgy5RdcfffrnrItnYTcV9bCJjgJwldsQLWssfVfrLbyfXeBNTFKgBf0rMIvhrUaGUhiXzVr9_eQgCbi-j63ZDpfTvLIty9w7s140y-m1yHe7eKmEK7v2NAHUJDVYGdfeiQFeRCqUjdwWmN1MX_AUxxz4IVdJ4WIM0APxit8bjWkXzrnEFGqBvW_1F13H1g\/s1600\/logo-principal5.jpg\" width=\"100%\" height=\"100\" \/><\/a><!--bestpublic-voz04--><!--desk-in-out-voz04--><br \/>\n<!--publicidad-voz05--><a href=\"https:\/\/www.facebook.com\/asociaciontamborileroshellin?locale=es_ES\"><img decoding=\"async\" class=\"alignnone size-medium\" src=\"https:\/\/blogger.googleusercontent.com\/img\/b\/R29vZ2xl\/AVvXsEhHEEpZsKK1VpwiYMrS7aE2ujtqIDZoLd4B5wtbiseSU9s2HdTdQfhF84So2XwEB1fv0BLw95GADm6hUl1bkKtzh-eIgVigXONuu_5RxeIMPhjk8q6uNX4EaEHbooKkbu7pCADWPpVJjhKIH5NQSJpWqedC-YBez4QAQeJYokkLot9bhrIaUAeztsGis6M\/s1600\/logo-principal3.jpg\" width=\"100%\" height=\"100\" \/><\/a><!--bestpublic-voz05--><!--desk-in-out-voz05--><br \/>\n<!--publicidad-voz06--><!--bestpublic-voz06--><!--desk-in-out-voz06--><br \/>\n<!--publicidad-voz07--><!--bestpublic-voz07--><!--desk-in-out-voz07--><br \/>\n<!--publicidad-voz08--><!--bestpublic-voz08--><!--desk-in-out-voz08--><br \/>\n<!--publicidad-voz09--><!--bestpublic-voz09--><!--desk-in-out-voz09--><br \/>\n<!--publicidad-voz10--><!--bestpublic-voz10--><!--desk-in-out-voz10--><br \/>\n<!--publicidad-voz11--><!--bestpublic-voz11--><!--desk-in-out-voz11--><br \/>\n<!--publicidad-voz12--><!--bestpublic-voz12--><!--desk-in-out-voz12--><br \/>\n<!--publicidad-voz13--><!--bestpublic-voz13--><!--desk-in-out-voz13--><br \/>\n<!--publicidad-voz14--><!--bestpublic-voz14--><!--desk-in-out-voz14--><br \/>\n<!--publicidad-voz15--><!--bestpublic-voz15--><!--desk-in-out-voz15--><br \/>\n<!--publicidad-voz16--><!--bestpublic-voz16--><!--desk-in-out-voz16--><\/p>\n","protected":false},"excerpt":{"rendered":"<p>Sobre el siempre imponente escenario del Teatro Circo, el presidente de la Diputaci\u00f3n de Albacete, Santi Caba\u00f1ero, ha participado en la presentaci\u00f3n oficial de la 25\u00aa edici\u00f3n del Festival Internacional&#8230;<\/p>\n","protected":false},"author":2,"featured_media":148545,"comment_status":"closed","ping_status":"closed","sticky":false,"template":"","format":"standard","meta":{"footnotes":""},"categories":[753,718,715,716,717],"tags":[],"class_list":["post-148544","post","type-post","status-publish","format-standard","has-post-thumbnail","hentry","category-blog-lv034","category-blogger","category-la-voz-de-hellin","category-la-voz-de-hellin-la-voz-de-hellin","category-noticias"],"_links":{"self":[{"href":"https:\/\/lavozdehellin.com\/noticias\/wp-json\/wp\/v2\/posts\/148544","targetHints":{"allow":["GET"]}}],"collection":[{"href":"https:\/\/lavozdehellin.com\/noticias\/wp-json\/wp\/v2\/posts"}],"about":[{"href":"https:\/\/lavozdehellin.com\/noticias\/wp-json\/wp\/v2\/types\/post"}],"author":[{"embeddable":true,"href":"https:\/\/lavozdehellin.com\/noticias\/wp-json\/wp\/v2\/users\/2"}],"replies":[{"embeddable":true,"href":"https:\/\/lavozdehellin.com\/noticias\/wp-json\/wp\/v2\/comments?post=148544"}],"version-history":[{"count":0,"href":"https:\/\/lavozdehellin.com\/noticias\/wp-json\/wp\/v2\/posts\/148544\/revisions"}],"wp:featuredmedia":[{"embeddable":true,"href":"https:\/\/lavozdehellin.com\/noticias\/wp-json\/wp\/v2\/media\/148545"}],"wp:attachment":[{"href":"https:\/\/lavozdehellin.com\/noticias\/wp-json\/wp\/v2\/media?parent=148544"}],"wp:term":[{"taxonomy":"category","embeddable":true,"href":"https:\/\/lavozdehellin.com\/noticias\/wp-json\/wp\/v2\/categories?post=148544"},{"taxonomy":"post_tag","embeddable":true,"href":"https:\/\/lavozdehellin.com\/noticias\/wp-json\/wp\/v2\/tags?post=148544"}],"curies":[{"name":"wp","href":"https:\/\/api.w.org\/{rel}","templated":true}]}}