{"id":148547,"date":"2023-10-09T14:09:32","date_gmt":"2023-10-09T13:09:32","guid":{"rendered":"https:\/\/lavozdehellin.com\/noticias\/?p=148547"},"modified":"2024-02-26T17:58:09","modified_gmt":"2024-02-26T16:58:09","slug":"v08-272-cabanero-anuncia-que-la-diputacion-iniciara-los-tramites-para-que-el-trofeo-de-baloncesto-en-silla-de-ruedas-impulsado-por-la-institucion-provincial-lleve-el-nombre-de-encarnacion-rodriguez","status":"publish","type":"post","link":"https:\/\/lavozdehellin.com\/noticias\/v08-272-cabanero-anuncia-que-la-diputacion-iniciara-los-tramites-para-que-el-trofeo-de-baloncesto-en-silla-de-ruedas-impulsado-por-la-institucion-provincial-lleve-el-nombre-de-encarnacion-rodriguez\/","title":{"rendered":"LVH NOTICIAS | CABA\u00d1ERO ANUNCIA QUE LA DIPUTACI\u00d3N INICIAR\u00c1 LOS TR\u00c1MITES PARA QUE EL TROFEO DE BALONCESTO EN SILLA DE RUEDAS IMPULSADO POR LA INSTITUCI\u00d3N PROVINCIAL, LLEVE EL NOMBRE DE ENCARNACI\u00d3N RODR\u00cdGUEZ"},"content":{"rendered":"<p style=\"text-align: justify;\">El presidente de la Diputaci\u00f3n de Albacete, Santi Caba\u00f1ero, acompa\u00f1ado del diputado provincial de Servicios Sociales, Jos\u00e9 Gonz\u00e1lez, ha visitado junto al cabeza del Ejecutivo Auton\u00f3mico, al delegado del Gobierno de Espa\u00f1a en C-LM, al alcalde de Albacete y a otros representantes institucionales y sociales, el Centro de Inclusi\u00f3n Social de AMIAB, sede de la entidad en la ciudad, que estrena un nombre muy especial: el de la que fuera su presidenta, Encarnaci\u00f3n Rodr\u00edguez C\u00e1ceres, recientemente fallecida.<\/p>\n<p><!--more--><br \/>\n<!--publicidad-voz01--><a href=\"https:\/\/www.facebook.com\/SoloRadioHellin\/?locale=es_ES\"><img decoding=\"async\" class=\"alignnone size-medium\" src=\"https:\/\/blogger.googleusercontent.com\/img\/b\/R29vZ2xl\/AVvXsEiNncirNnyGedv00mhjZjh5Wl4_YPdJGanoAl8tL8zH-HwqE8uHqjEfSt340RHdx-9tuCSIkZ8rFamZiGyYlgDGxCsmXjCH_1xk5eYM3ntFZRvJP_jndOKR7w1UAo9Tu0vrZyOLfqRpHIxYI5SymJJ-pfGCQw6QVpggBH-UgfjiFQ2JOxqxG0Jx94kW83c\/s1600\/logo-principal.jpg\" width=\"100%\" height=\"100\" \/><\/a><!--bestpublic-voz01--><!--desk-in-out-voz01--><br \/>\n<!--publicidad-voz02--><a href=\"https:\/\/www.hellincf.com\/\"><img decoding=\"async\" class=\"alignnone size-medium\" src=\"https:\/\/blogger.googleusercontent.com\/img\/b\/R29vZ2xl\/AVvXsEhuZ4-XfBVj3UtdP8-RZugy3WVrg-Zv28c53m4oV47qYCxL1rX_dqWX_YddsGSnpH5SRDqZ7bZeKPIfDVCDncpjVlhy3aQs2vojcJBn7Gdv9hC2_Nzct_pRFrnFE1a7KTCdY1bT_kAgnY3-iadRZrGeJf1fR2P5fu11bokx0pWjaypoy-ctwCjklldpEbA\/s1600\/logo-principal7.jpg\" width=\"100%\" height=\"100\" \/><\/a><!--bestpublic-voz02--><!--desk-in-out-voz02--><\/p>\n<p style=\"text-align: justify;\">Este Centro, que viene funcionando desde hace algo m\u00e1s de un a\u00f1o, alberga una amplia gama de servicios de inclusi\u00f3n, que van desde el deporte inclusivo a cuestiones como formaci\u00f3n, empleo, proyectos sociales, dinamizaci\u00f3n asociativa, y promoci\u00f3n de la autonom\u00eda personal, entre otros. Para muchos de ellos, es importante el apoyo econ\u00f3mico brindado por la Diputaci\u00f3n de Albacete a la entidad, por ejemplo, a trav\u00e9s de sus convenios de colaboraci\u00f3n.<\/p>\n<p style=\"text-align: justify;\">Caba\u00f1ero ha expresado su gratitud y su orgullo por el compromiso que viene demostrando la \u2018familia\u2019 de AMIAB con la provincia de Albacete, y ha destacado la importancia de su labor en pro de la inclusi\u00f3n de las personas con discapacidad desde su atenci\u00f3n integral y su acompa\u00f1amiento constante en cada etapa. Un objetivo que tuvo su ejemplo m\u00e1s claro, ha recordado, en la propia figura de Encarni, a quien ha calificado como \u201cuna activista\u201d que lo cambi\u00f3 todo y cambi\u00f3 a todos.<\/p>\n<p style=\"text-align: justify;\">Caba\u00f1ero asegura que Albacete es hoy mucho mejor gracias a Encarni<\/p>\n<p style=\"text-align: justify;\">El presidente provincial ha asegurado que Albacete es hoy mucho mejor gracias a ella: esa almeriense de cuna (albacetense de adopci\u00f3n) que, siendo pr\u00e1cticamente a\u00fan una ni\u00f1a y, en unas circunstancias (a priori) tremendas, lleg\u00f3 a la ciudad dispuesta a trabajar por la inclusi\u00f3n, incluy\u00e9ndose, para siempre, en la vida y el recuerdo de cuantas personas la conocieron y trabajaron con ella.<\/p>\n<p style=\"text-align: justify;\">As\u00ed, Santi Caba\u00f1ero ha rememorado c\u00f3mo en su s\u00f3lo aparente fragilidad, ha vivido cada d\u00eda una mujer incansable, l\u00edder, y llena de alma y de entrega; alguien que se hizo referente encarnando en la prueba total de esa inclusi\u00f3n que logr\u00f3 form\u00e1ndose, emocionando, mejorando la vida de quienes estaban en sus mismas circunstancias y nunca d\u00e1ndose por vencida.<\/p>\n<p style=\"text-align: justify;\">Cuestiones por las que ha asegurado que no le extra\u00f1a que hayan \u2018bautizado\u2019 con su nombre esta sede; que muchas personas en Albacete deseen que el pabell\u00f3n en el que el BSR Ambiab tantas alegr\u00edas le dio, tambi\u00e9n lo lleve; o que haya sido reconocida, a t\u00edtulo p\u00f3stumo, con uno de los Premios 2023 otorgados por CERMI, reconociendo su trabajo en favor de las mujeres y ni\u00f1as con discapacidad en toda Espa\u00f1a.<\/p>\n<p style=\"text-align: justify;\">Y cuestiones por las que, ha anunciado, que la Diputaci\u00f3n iniciar\u00e1 los tr\u00e1mites para que el Trofeo de Baloncesto en Silla de Ruedas, impulsado por la instituci\u00f3n provincial como \u2018Trofeo Ciudad de Albacete-Diputaci\u00f3n\u2019, lleve tambi\u00e9n el nombre de Encarnaci\u00f3n Rodr\u00edguez C\u00e1ceres.<\/p>\n<p style=\"text-align: justify;\">Como ha explicado, ese Trofeo es un evento emblem\u00e1tico con m\u00e1s de una d\u00e9cada a sus espaldas abriendo, en la provincia de Albacete, un camino de inclusi\u00f3n a trav\u00e9s del deporte y de la mano de Amiab. Motivo por el que, ha reiterado, para la Diputaci\u00f3n ser\u00eda un orgullo honrar tambi\u00e9n la memoria de Encarnaci\u00f3n asociando su nombre para siempre al de este evento deportivo.<\/p>\n<p><!--publicidad-voz03--><a href=\"https:\/\/www.facebook.com\/profile.php?id=100063593791305&amp;locale=es_ES\"><img decoding=\"async\" class=\"alignnone size-medium\" src=\"https:\/\/blogger.googleusercontent.com\/img\/b\/R29vZ2xl\/AVvXsEi8_n_ll8UOcGxCqzFvb_9Io4ICczlGC990BPtPj2w9Px-u7B3oqWUW5vtjZUqPNJ-nyjiUIorE0ATsib_l5tV8BVN-UJ03RTnU__IHJF_4DgDBtY4LIqXNG-FomrO-7ywes20CBCRM2Hcm7EJSh3UUw1dO-c_uTflUrtgY1i7uBRezj_DpympmEFkfbQY\/s1600\/logo-principal2.jpg\" width=\"100%\" height=\"100\" \/><\/a><!--bestpublic-voz03--><!--desk-in-out-voz03--><br \/>\n<!--publicidad-voz04--><a href=\"https:\/\/www.facebook.com\/profile.php?id=61557370768692&amp;locale=es_ES\"><img decoding=\"async\" class=\"alignnone size-medium\" src=\"https:\/\/blogger.googleusercontent.com\/img\/b\/R29vZ2xl\/AVvXsEgy5RdcfffrnrItnYTcV9bCJjgJwldsQLWssfVfrLbyfXeBNTFKgBf0rMIvhrUaGUhiXzVr9_eQgCbi-j63ZDpfTvLIty9w7s140y-m1yHe7eKmEK7v2NAHUJDVYGdfeiQFeRCqUjdwWmN1MX_AUxxz4IVdJ4WIM0APxit8bjWkXzrnEFGqBvW_1F13H1g\/s1600\/logo-principal5.jpg\" width=\"100%\" height=\"100\" \/><\/a><!--bestpublic-voz04--><!--desk-in-out-voz04--><br \/>\n<!--publicidad-voz05--><a href=\"https:\/\/www.facebook.com\/asociaciontamborileroshellin?locale=es_ES\"><img decoding=\"async\" class=\"alignnone size-medium\" src=\"https:\/\/blogger.googleusercontent.com\/img\/b\/R29vZ2xl\/AVvXsEhHEEpZsKK1VpwiYMrS7aE2ujtqIDZoLd4B5wtbiseSU9s2HdTdQfhF84So2XwEB1fv0BLw95GADm6hUl1bkKtzh-eIgVigXONuu_5RxeIMPhjk8q6uNX4EaEHbooKkbu7pCADWPpVJjhKIH5NQSJpWqedC-YBez4QAQeJYokkLot9bhrIaUAeztsGis6M\/s1600\/logo-principal3.jpg\" width=\"100%\" height=\"100\" \/><\/a><!--bestpublic-voz05--><!--desk-in-out-voz05--><br \/>\n<!--publicidad-voz06--><!--bestpublic-voz06--><!--desk-in-out-voz06--><br \/>\n<!--publicidad-voz07--><!--bestpublic-voz07--><!--desk-in-out-voz07--><br \/>\n<!--publicidad-voz08--><!--bestpublic-voz08--><!--desk-in-out-voz08--><br \/>\n<!--publicidad-voz09--><!--bestpublic-voz09--><!--desk-in-out-voz09--><br \/>\n<!--publicidad-voz10--><!--bestpublic-voz10--><!--desk-in-out-voz10--><br \/>\n<!--publicidad-voz11--><!--bestpublic-voz11--><!--desk-in-out-voz11--><br \/>\n<!--publicidad-voz12--><!--bestpublic-voz12--><!--desk-in-out-voz12--><br \/>\n<!--publicidad-voz13--><!--bestpublic-voz13--><!--desk-in-out-voz13--><br \/>\n<!--publicidad-voz14--><!--bestpublic-voz14--><!--desk-in-out-voz14--><br \/>\n<!--publicidad-voz15--><!--bestpublic-voz15--><!--desk-in-out-voz15--><br \/>\n<!--publicidad-voz16--><!--bestpublic-voz16--><!--desk-in-out-voz16--><\/p>\n","protected":false},"excerpt":{"rendered":"<p>El presidente de la Diputaci\u00f3n de Albacete, Santi Caba\u00f1ero, acompa\u00f1ado del diputado provincial de Servicios Sociales, Jos\u00e9 Gonz\u00e1lez, ha visitado junto al cabeza del Ejecutivo Auton\u00f3mico, al delegado del Gobierno&#8230;<\/p>\n","protected":false},"author":2,"featured_media":148548,"comment_status":"closed","ping_status":"closed","sticky":false,"template":"","format":"standard","meta":{"footnotes":""},"categories":[753,718,715,716,717],"tags":[],"class_list":["post-148547","post","type-post","status-publish","format-standard","has-post-thumbnail","hentry","category-blog-lv034","category-blogger","category-la-voz-de-hellin","category-la-voz-de-hellin-la-voz-de-hellin","category-noticias"],"_links":{"self":[{"href":"https:\/\/lavozdehellin.com\/noticias\/wp-json\/wp\/v2\/posts\/148547","targetHints":{"allow":["GET"]}}],"collection":[{"href":"https:\/\/lavozdehellin.com\/noticias\/wp-json\/wp\/v2\/posts"}],"about":[{"href":"https:\/\/lavozdehellin.com\/noticias\/wp-json\/wp\/v2\/types\/post"}],"author":[{"embeddable":true,"href":"https:\/\/lavozdehellin.com\/noticias\/wp-json\/wp\/v2\/users\/2"}],"replies":[{"embeddable":true,"href":"https:\/\/lavozdehellin.com\/noticias\/wp-json\/wp\/v2\/comments?post=148547"}],"version-history":[{"count":0,"href":"https:\/\/lavozdehellin.com\/noticias\/wp-json\/wp\/v2\/posts\/148547\/revisions"}],"wp:featuredmedia":[{"embeddable":true,"href":"https:\/\/lavozdehellin.com\/noticias\/wp-json\/wp\/v2\/media\/148548"}],"wp:attachment":[{"href":"https:\/\/lavozdehellin.com\/noticias\/wp-json\/wp\/v2\/media?parent=148547"}],"wp:term":[{"taxonomy":"category","embeddable":true,"href":"https:\/\/lavozdehellin.com\/noticias\/wp-json\/wp\/v2\/categories?post=148547"},{"taxonomy":"post_tag","embeddable":true,"href":"https:\/\/lavozdehellin.com\/noticias\/wp-json\/wp\/v2\/tags?post=148547"}],"curies":[{"name":"wp","href":"https:\/\/api.w.org\/{rel}","templated":true}]}}