{"id":148550,"date":"2023-10-09T12:29:34","date_gmt":"2023-10-09T11:29:34","guid":{"rendered":"https:\/\/lavozdehellin.com\/noticias\/?p=148550"},"modified":"2024-02-26T17:58:09","modified_gmt":"2024-02-26T16:58:09","slug":"v08-271-el-presidente-de-la-diputacion-visita-con-ga-page-las-obras-del-nuevo-centro-de-salud-zona-3-que-mejorara-la-asistencia-primaria-de-cerca-de-17-000-personas-en-la-ciudad-de-albacete","status":"publish","type":"post","link":"https:\/\/lavozdehellin.com\/noticias\/v08-271-el-presidente-de-la-diputacion-visita-con-ga-page-las-obras-del-nuevo-centro-de-salud-zona-3-que-mejorara-la-asistencia-primaria-de-cerca-de-17-000-personas-en-la-ciudad-de-albacete\/","title":{"rendered":"LVH NOTICIAS | EL PRESIDENTE DE LA DIPUTACI\u00d3N VISITA CON G\u00aa-PAGE LAS OBRAS DEL NUEVO CENTRO DE SALUD ZONA 3 QUE MEJORAR\u00c1 LA ASISTENCIA PRIMARIA DE CERCA DE 17.000 PERSONAS EN LA CIUDAD DE ALBACETE"},"content":{"rendered":"<p style=\"text-align: justify;\">El presidente de la Diputaci\u00f3n de Albacete, Santi Caba\u00f1ero, se ha sumado este lunes al inicio de las obras del esperado Centro de Salud Albacete 3: una infraestructura sanitaria ampliamente reivindicada que representar\u00e1 un importante avance para la Atenci\u00f3n Primaria de la capital albacete\u00f1a.<\/p>\n<p><!--more--><br \/>\n<!--publicidad-voz01--><a href=\"https:\/\/www.facebook.com\/SoloRadioHellin\/?locale=es_ES\"><img decoding=\"async\" class=\"alignnone size-medium\" src=\"https:\/\/blogger.googleusercontent.com\/img\/b\/R29vZ2xl\/AVvXsEiNncirNnyGedv00mhjZjh5Wl4_YPdJGanoAl8tL8zH-HwqE8uHqjEfSt340RHdx-9tuCSIkZ8rFamZiGyYlgDGxCsmXjCH_1xk5eYM3ntFZRvJP_jndOKR7w1UAo9Tu0vrZyOLfqRpHIxYI5SymJJ-pfGCQw6QVpggBH-UgfjiFQ2JOxqxG0Jx94kW83c\/s1600\/logo-principal.jpg\" width=\"100%\" height=\"100\" \/><\/a><!--bestpublic-voz01--><!--desk-in-out-voz01--><br \/>\n<!--publicidad-voz02--><a href=\"https:\/\/www.hellincf.com\/\"><img decoding=\"async\" class=\"alignnone size-medium\" src=\"https:\/\/blogger.googleusercontent.com\/img\/b\/R29vZ2xl\/AVvXsEhuZ4-XfBVj3UtdP8-RZugy3WVrg-Zv28c53m4oV47qYCxL1rX_dqWX_YddsGSnpH5SRDqZ7bZeKPIfDVCDncpjVlhy3aQs2vojcJBn7Gdv9hC2_Nzct_pRFrnFE1a7KTCdY1bT_kAgnY3-iadRZrGeJf1fR2P5fu11bokx0pWjaypoy-ctwCjklldpEbA\/s1600\/logo-principal7.jpg\" width=\"100%\" height=\"100\" \/><\/a><!--bestpublic-voz02--><!--desk-in-out-voz02--><\/p>\n<p style=\"text-align: justify;\">Con una inversi\u00f3n de unos 4,5 millones de euros, es un proyecto que ha atravesado diversos desaf\u00edos desde su concepci\u00f3n y que, al fin, est\u00e1 pr\u00f3ximo a convertirse en una realidad que mejorar\u00e1 significativamente la atenci\u00f3n m\u00e9dica en la ciudad, como ha sido testigo acompa\u00f1ando al presidente regional, Emiliano Garc\u00eda-Page y al consejero de Sanidad, Jes\u00fas Fern\u00e1ndez, en su visita al futuro espacio junto a otros representantes institucionales y del \u00e1mbito de la salud.<\/p>\n<p style=\"text-align: justify;\">Como han comentado, este Centro de Salud es de vital importancia ya que reemplazar\u00e1 al actual (ubicado en la Plaza de la Mancha), que se ha quedado peque\u00f1o y no puede satisfacer de manera \u00f3ptima las necesidades de los m\u00e1s de 16.500 pacientes que atiende y que, adem\u00e1s, presenta problemas de accesibilidad, especialmente, para personas mayores o con movilidad reducida.<\/p>\n<p style=\"text-align: justify;\">Un gobierno auton\u00f3mico comprometido con las infraestructuras sanitarias<\/p>\n<p style=\"text-align: justify;\">El nuevo espacio se emplazar\u00e1 en el solar del antiguo colegio \u2018Mari Llanos Mart\u00ednez\u2019, en la calle Torres Quevedo, a aproximadamente 200 metros del centro actual. Contar\u00e1 con m\u00e1s de 1.800 m\u00b2 distribuidos en tres plantas.<\/p>\n<p style=\"text-align: justify;\">Este proyecto ser\u00e1 cofinanciado por el Fondo Europeo de Desarrollo Regional (FEDER) a trav\u00e9s del Programa Operativo FEDER de Castilla-La Mancha 2021-2027 y se espera que las obras tengan un plazo de ejecuci\u00f3n de unos 24 meses.<\/p>\n<p style=\"text-align: justify;\">El nuevo Centro de Salud Albacete 3 contar\u00e1 con \u00e1reas de admisi\u00f3n, administraci\u00f3n, extracciones, direcci\u00f3n-docencia, servicios generales e instalaciones en la planta baja. En el primer piso, se ubicar\u00e1n \u00e1reas de asistencia general, pediatr\u00eda, matrona y trabajo social. Y, en la segunda planta, dispondr\u00e1 de otra \u00e1rea de asistencia general.<\/p>\n<p style=\"text-align: justify;\">Caba\u00f1ero ha celebrado la importancia de esta infraestructura, destacando el compromiso del Gobierno de C-LM en la mejora de instalaciones sanitarias. Desde 2015, el Ejecutivo Auton\u00f3mico ha inaugurado cerca de 30 nuevos Centros de Salud en la regi\u00f3n (un buen n\u00famero de ellos, en la provincia de Albacete), a los que se suman los que est\u00e1n en proceso de construcci\u00f3n, as\u00ed como los diversos Consultorios Locales que est\u00e1n dando pasos firmes en la mejora de la atenci\u00f3n m\u00e9dica en toda la provincia pero, de forma muy especial, en el \u00e1mbito rural.<\/p>\n<p style=\"text-align: justify;\">Actuaciones que se suman a la apuesta firme por la asistencia hospitalaria y que, en el caso de la provincia de Albacete, adem\u00e1s de a esa gran obra que sigue a buen ritmo y supondr\u00e1 la renovaci\u00f3n integral del Complejo Hospitalario de la capital, se traduce en la puesta en valor de los hospitales comarcales, como los de Villarrobledo, Almansa y Hell\u00edn.<\/p>\n<p><!--publicidad-voz03--><a href=\"https:\/\/www.facebook.com\/profile.php?id=100063593791305&amp;locale=es_ES\"><img decoding=\"async\" class=\"alignnone size-medium\" src=\"https:\/\/blogger.googleusercontent.com\/img\/b\/R29vZ2xl\/AVvXsEi8_n_ll8UOcGxCqzFvb_9Io4ICczlGC990BPtPj2w9Px-u7B3oqWUW5vtjZUqPNJ-nyjiUIorE0ATsib_l5tV8BVN-UJ03RTnU__IHJF_4DgDBtY4LIqXNG-FomrO-7ywes20CBCRM2Hcm7EJSh3UUw1dO-c_uTflUrtgY1i7uBRezj_DpympmEFkfbQY\/s1600\/logo-principal2.jpg\" width=\"100%\" height=\"100\" \/><\/a><!--bestpublic-voz03--><!--desk-in-out-voz03--><br \/>\n<!--publicidad-voz04--><a href=\"https:\/\/www.facebook.com\/profile.php?id=61557370768692&amp;locale=es_ES\"><img decoding=\"async\" class=\"alignnone size-medium\" src=\"https:\/\/blogger.googleusercontent.com\/img\/b\/R29vZ2xl\/AVvXsEgy5RdcfffrnrItnYTcV9bCJjgJwldsQLWssfVfrLbyfXeBNTFKgBf0rMIvhrUaGUhiXzVr9_eQgCbi-j63ZDpfTvLIty9w7s140y-m1yHe7eKmEK7v2NAHUJDVYGdfeiQFeRCqUjdwWmN1MX_AUxxz4IVdJ4WIM0APxit8bjWkXzrnEFGqBvW_1F13H1g\/s1600\/logo-principal5.jpg\" width=\"100%\" height=\"100\" \/><\/a><!--bestpublic-voz04--><!--desk-in-out-voz04--><br \/>\n<!--publicidad-voz05--><a href=\"https:\/\/www.facebook.com\/asociaciontamborileroshellin?locale=es_ES\"><img decoding=\"async\" class=\"alignnone size-medium\" src=\"https:\/\/blogger.googleusercontent.com\/img\/b\/R29vZ2xl\/AVvXsEhHEEpZsKK1VpwiYMrS7aE2ujtqIDZoLd4B5wtbiseSU9s2HdTdQfhF84So2XwEB1fv0BLw95GADm6hUl1bkKtzh-eIgVigXONuu_5RxeIMPhjk8q6uNX4EaEHbooKkbu7pCADWPpVJjhKIH5NQSJpWqedC-YBez4QAQeJYokkLot9bhrIaUAeztsGis6M\/s1600\/logo-principal3.jpg\" width=\"100%\" height=\"100\" \/><\/a><!--bestpublic-voz05--><!--desk-in-out-voz05--><br \/>\n<!--publicidad-voz06--><!--bestpublic-voz06--><!--desk-in-out-voz06--><br \/>\n<!--publicidad-voz07--><!--bestpublic-voz07--><!--desk-in-out-voz07--><br \/>\n<!--publicidad-voz08--><!--bestpublic-voz08--><!--desk-in-out-voz08--><br \/>\n<!--publicidad-voz09--><!--bestpublic-voz09--><!--desk-in-out-voz09--><br \/>\n<!--publicidad-voz10--><!--bestpublic-voz10--><!--desk-in-out-voz10--><br \/>\n<!--publicidad-voz11--><!--bestpublic-voz11--><!--desk-in-out-voz11--><br \/>\n<!--publicidad-voz12--><!--bestpublic-voz12--><!--desk-in-out-voz12--><br \/>\n<!--publicidad-voz13--><!--bestpublic-voz13--><!--desk-in-out-voz13--><br \/>\n<!--publicidad-voz14--><!--bestpublic-voz14--><!--desk-in-out-voz14--><br \/>\n<!--publicidad-voz15--><!--bestpublic-voz15--><!--desk-in-out-voz15--><br \/>\n<!--publicidad-voz16--><!--bestpublic-voz16--><!--desk-in-out-voz16--><\/p>\n","protected":false},"excerpt":{"rendered":"<p>El presidente de la Diputaci\u00f3n de Albacete, Santi Caba\u00f1ero, se ha sumado este lunes al inicio de las obras del esperado Centro de Salud Albacete 3: una infraestructura sanitaria ampliamente&#8230;<\/p>\n","protected":false},"author":2,"featured_media":148551,"comment_status":"closed","ping_status":"closed","sticky":false,"template":"","format":"standard","meta":{"footnotes":""},"categories":[753,718,715,716,717],"tags":[],"class_list":["post-148550","post","type-post","status-publish","format-standard","has-post-thumbnail","hentry","category-blog-lv034","category-blogger","category-la-voz-de-hellin","category-la-voz-de-hellin-la-voz-de-hellin","category-noticias"],"_links":{"self":[{"href":"https:\/\/lavozdehellin.com\/noticias\/wp-json\/wp\/v2\/posts\/148550","targetHints":{"allow":["GET"]}}],"collection":[{"href":"https:\/\/lavozdehellin.com\/noticias\/wp-json\/wp\/v2\/posts"}],"about":[{"href":"https:\/\/lavozdehellin.com\/noticias\/wp-json\/wp\/v2\/types\/post"}],"author":[{"embeddable":true,"href":"https:\/\/lavozdehellin.com\/noticias\/wp-json\/wp\/v2\/users\/2"}],"replies":[{"embeddable":true,"href":"https:\/\/lavozdehellin.com\/noticias\/wp-json\/wp\/v2\/comments?post=148550"}],"version-history":[{"count":0,"href":"https:\/\/lavozdehellin.com\/noticias\/wp-json\/wp\/v2\/posts\/148550\/revisions"}],"wp:featuredmedia":[{"embeddable":true,"href":"https:\/\/lavozdehellin.com\/noticias\/wp-json\/wp\/v2\/media\/148551"}],"wp:attachment":[{"href":"https:\/\/lavozdehellin.com\/noticias\/wp-json\/wp\/v2\/media?parent=148550"}],"wp:term":[{"taxonomy":"category","embeddable":true,"href":"https:\/\/lavozdehellin.com\/noticias\/wp-json\/wp\/v2\/categories?post=148550"},{"taxonomy":"post_tag","embeddable":true,"href":"https:\/\/lavozdehellin.com\/noticias\/wp-json\/wp\/v2\/tags?post=148550"}],"curies":[{"name":"wp","href":"https:\/\/api.w.org\/{rel}","templated":true}]}}