{"id":148553,"date":"2023-10-09T10:40:14","date_gmt":"2023-10-09T09:40:14","guid":{"rendered":"https:\/\/lavozdehellin.com\/noticias\/?p=148553"},"modified":"2024-02-26T17:58:09","modified_gmt":"2024-02-26T16:58:09","slug":"v08-270-santi-cabanero-celebra-la-inauguracion-de-un-nuevo-recurso-deportivo-con-el-que-el-gobierno-de-ga-page-responde-a-una-demanda-historica-en-villarrobledo","status":"publish","type":"post","link":"https:\/\/lavozdehellin.com\/noticias\/v08-270-santi-cabanero-celebra-la-inauguracion-de-un-nuevo-recurso-deportivo-con-el-que-el-gobierno-de-ga-page-responde-a-una-demanda-historica-en-villarrobledo\/","title":{"rendered":"LVH NOTICIAS | SANTI CABA\u00d1ERO CELEBRA LA INAUGURACI\u00d3N DE UN NUEVO RECURSO DEPORTIVO CON EL QUE EL GOBIERNO DE G\u00aa-PAGE RESPONDE A UNA DEMANDA HIST\u00d3RICA EN VILLARROBLEDO"},"content":{"rendered":"<p style=\"text-align: justify;\">El presidente de la Diputaci\u00f3n de Albacete, Santi Caba\u00f1ero, ha expresado su entusiasmo por la inauguraci\u00f3n del nuevo espacio polideportivo creado en una zona com\u00fan para los Institutos Octavio Cuartero y Virrey Morcillo.<\/p>\n<p><!--more--><br \/>\n<!--publicidad-voz01--><a href=\"https:\/\/www.facebook.com\/SoloRadioHellin\/?locale=es_ES\"><img decoding=\"async\" class=\"alignnone size-medium\" src=\"https:\/\/blogger.googleusercontent.com\/img\/b\/R29vZ2xl\/AVvXsEiNncirNnyGedv00mhjZjh5Wl4_YPdJGanoAl8tL8zH-HwqE8uHqjEfSt340RHdx-9tuCSIkZ8rFamZiGyYlgDGxCsmXjCH_1xk5eYM3ntFZRvJP_jndOKR7w1UAo9Tu0vrZyOLfqRpHIxYI5SymJJ-pfGCQw6QVpggBH-UgfjiFQ2JOxqxG0Jx94kW83c\/s1600\/logo-principal.jpg\" width=\"100%\" height=\"100\" \/><\/a><!--bestpublic-voz01--><!--desk-in-out-voz01--><br \/>\n<!--publicidad-voz02--><a href=\"https:\/\/www.hellincf.com\/\"><img decoding=\"async\" class=\"alignnone size-medium\" src=\"https:\/\/blogger.googleusercontent.com\/img\/b\/R29vZ2xl\/AVvXsEhuZ4-XfBVj3UtdP8-RZugy3WVrg-Zv28c53m4oV47qYCxL1rX_dqWX_YddsGSnpH5SRDqZ7bZeKPIfDVCDncpjVlhy3aQs2vojcJBn7Gdv9hC2_Nzct_pRFrnFE1a7KTCdY1bT_kAgnY3-iadRZrGeJf1fR2P5fu11bokx0pWjaypoy-ctwCjklldpEbA\/s1600\/logo-principal7.jpg\" width=\"100%\" height=\"100\" \/><\/a><!--bestpublic-voz02--><!--desk-in-out-voz02--><\/p>\n<p style=\"text-align: justify;\">Un proyecto que, ha se\u00f1alado, marca un hito en la mejora de las instalaciones deportivas y educativas de la localidad y que ha agradecido al presidente del Ejecutivo Auton\u00f3mico, que ha encabezado el acto de apertura.<\/p>\n<p style=\"text-align: justify;\">Y es que, la construcci\u00f3n de este Pabell\u00f3n Polideportivo compartido por los citados IESOS ha sido posible merced a una inversi\u00f3n de m\u00e1s de 725.000 euros, financiados mediante ayudas europeas del programa REACT, destinadas a la recuperaci\u00f3n econ\u00f3mica y la cohesi\u00f3n, dentro del Plan de Infraestructuras Educativas de Castilla-La Mancha 2019-2023, que abarc\u00f3 la construcci\u00f3n de 121 instalaciones deportivas en toda la regi\u00f3n, incluyendo 16 en la provincia de Albacete.<\/p>\n<p style=\"text-align: justify;\">Caba\u00f1ero ha destacado que esta nueva infraestructura responde a una demanda hist\u00f3rica por parte de la comunidad educativa y la poblaci\u00f3n de Villarrobledo. Desde la colocaci\u00f3n de la \u2018primera piedra\u2019 el 16 de diciembre, se ha trabajado incansablemente para que este espacio moderno, funcional, accesible y polivalente, est\u00e9 al servicio de la juventud abri\u00e9ndose a nuevas posibilidades.<\/p>\n<p style=\"text-align: justify;\">Precisamente rememorando aquel d\u00eda, ha recordado c\u00f3mo llegaron a Villarrobledo procedentes de Pozo Lorente, donde se reabri\u00f3 (con 8 alumnos y alumnas) el Colegio Rural Agrupado (CRA) que, en el gobierno previo al de Garc\u00eda-Page, se hab\u00eda cerrado con 11 alumnos y alumnas.<\/p>\n<p style=\"text-align: justify;\">Algo que demuestra que C-LM apuesta por la escuela rural para luchar contra la despoblaci\u00f3n y c\u00f3mo muchas veces, peque\u00f1as inversiones en dinero, transforman radicalmente la vida de un pueblo porque, le dan futuro a trav\u00e9s de su infancia y su juventud, aludiendo a los 250 peque\u00f1os municipios que este curso cuentan con escuela rural en la red de 78 CRAs existente.<\/p>\n<p style=\"text-align: justify;\">Caba\u00f1ero subraya el compromiso del Gobierno de C-LM con la igualdad de oportunidades<\/p>\n<p style=\"text-align: justify;\">El presidente ha felicitado al alcalde de Villarrobledo, Valent\u00edn Bueno, por ver alcanzado el logro de este espacio deportivo, posible gracias al compromiso de Garc\u00eda-Page con la escucha activa de las distintas necesidades de las localidades, impulsando proyectos que mejoran significativamente la calidad de vida de la poblaci\u00f3n. Y ha reiterado su agradecimiento al Gobierno Regional por impulsar el desarrollo de infraestructuras educativas y deportivas en la provincia.<\/p>\n<p style=\"text-align: justify;\">Santi Caba\u00f1ero ha resaltado la importancia de estas inversiones, no s\u00f3lo como espacios deportivos, sino tambi\u00e9n como lugares de aprendizaje, crecimiento y formaci\u00f3n en valores. Acciones que, ha subrayado, reflejan el compromiso del Ejecutivo Auton\u00f3mico con la igualdad de oportunidades en el acceso a los derechos, el progreso y la dignidad de los recursos p\u00fablicos.<\/p>\n<p style=\"text-align: justify;\">El presidente ha concluido sus palabras enfatizando que, este tipo de medidas, son esenciales para inspirar a las comunidades a seguir creciendo y mejorando, y ha destac\u00f3 la importancia de que los ayuntamientos est\u00e9n cada vez m\u00e1s comprometidos en buscar formas de alcanzar estos avances, tal y como ha asegurado que vienen demostrando con respecto al uso que hacen de las distintas l\u00edneas de inversi\u00f3n que pone a su disposici\u00f3n desde el gobierno provincial de la Diputaci\u00f3n, tales como el programa \u2018Dipualba Responde\u2019, o el propio Plan Provincial de Obras y Servicios.<\/p>\n<p><!--publicidad-voz03--><a href=\"https:\/\/www.facebook.com\/profile.php?id=100063593791305&amp;locale=es_ES\"><img decoding=\"async\" class=\"alignnone size-medium\" src=\"https:\/\/blogger.googleusercontent.com\/img\/b\/R29vZ2xl\/AVvXsEi8_n_ll8UOcGxCqzFvb_9Io4ICczlGC990BPtPj2w9Px-u7B3oqWUW5vtjZUqPNJ-nyjiUIorE0ATsib_l5tV8BVN-UJ03RTnU__IHJF_4DgDBtY4LIqXNG-FomrO-7ywes20CBCRM2Hcm7EJSh3UUw1dO-c_uTflUrtgY1i7uBRezj_DpympmEFkfbQY\/s1600\/logo-principal2.jpg\" width=\"100%\" height=\"100\" \/><\/a><!--bestpublic-voz03--><!--desk-in-out-voz03--><br \/>\n<!--publicidad-voz04--><a href=\"https:\/\/www.facebook.com\/profile.php?id=61557370768692&amp;locale=es_ES\"><img decoding=\"async\" class=\"alignnone size-medium\" src=\"https:\/\/blogger.googleusercontent.com\/img\/b\/R29vZ2xl\/AVvXsEgy5RdcfffrnrItnYTcV9bCJjgJwldsQLWssfVfrLbyfXeBNTFKgBf0rMIvhrUaGUhiXzVr9_eQgCbi-j63ZDpfTvLIty9w7s140y-m1yHe7eKmEK7v2NAHUJDVYGdfeiQFeRCqUjdwWmN1MX_AUxxz4IVdJ4WIM0APxit8bjWkXzrnEFGqBvW_1F13H1g\/s1600\/logo-principal5.jpg\" width=\"100%\" height=\"100\" \/><\/a><!--bestpublic-voz04--><!--desk-in-out-voz04--><br \/>\n<!--publicidad-voz05--><a href=\"https:\/\/www.facebook.com\/asociaciontamborileroshellin?locale=es_ES\"><img decoding=\"async\" class=\"alignnone size-medium\" src=\"https:\/\/blogger.googleusercontent.com\/img\/b\/R29vZ2xl\/AVvXsEhHEEpZsKK1VpwiYMrS7aE2ujtqIDZoLd4B5wtbiseSU9s2HdTdQfhF84So2XwEB1fv0BLw95GADm6hUl1bkKtzh-eIgVigXONuu_5RxeIMPhjk8q6uNX4EaEHbooKkbu7pCADWPpVJjhKIH5NQSJpWqedC-YBez4QAQeJYokkLot9bhrIaUAeztsGis6M\/s1600\/logo-principal3.jpg\" width=\"100%\" height=\"100\" \/><\/a><!--bestpublic-voz05--><!--desk-in-out-voz05--><br \/>\n<!--publicidad-voz06--><!--bestpublic-voz06--><!--desk-in-out-voz06--><br \/>\n<!--publicidad-voz07--><!--bestpublic-voz07--><!--desk-in-out-voz07--><br \/>\n<!--publicidad-voz08--><!--bestpublic-voz08--><!--desk-in-out-voz08--><br \/>\n<!--publicidad-voz09--><!--bestpublic-voz09--><!--desk-in-out-voz09--><br \/>\n<!--publicidad-voz10--><!--bestpublic-voz10--><!--desk-in-out-voz10--><br \/>\n<!--publicidad-voz11--><!--bestpublic-voz11--><!--desk-in-out-voz11--><br \/>\n<!--publicidad-voz12--><!--bestpublic-voz12--><!--desk-in-out-voz12--><br \/>\n<!--publicidad-voz13--><!--bestpublic-voz13--><!--desk-in-out-voz13--><br \/>\n<!--publicidad-voz14--><!--bestpublic-voz14--><!--desk-in-out-voz14--><br \/>\n<!--publicidad-voz15--><!--bestpublic-voz15--><!--desk-in-out-voz15--><br \/>\n<!--publicidad-voz16--><!--bestpublic-voz16--><!--desk-in-out-voz16--><\/p>\n","protected":false},"excerpt":{"rendered":"<p>El presidente de la Diputaci\u00f3n de Albacete, Santi Caba\u00f1ero, ha expresado su entusiasmo por la inauguraci\u00f3n del nuevo espacio polideportivo creado en una zona com\u00fan para los Institutos Octavio Cuartero&#8230;<\/p>\n","protected":false},"author":2,"featured_media":148554,"comment_status":"closed","ping_status":"closed","sticky":false,"template":"","format":"standard","meta":{"footnotes":""},"categories":[753,718,715,716,717],"tags":[],"class_list":["post-148553","post","type-post","status-publish","format-standard","has-post-thumbnail","hentry","category-blog-lv034","category-blogger","category-la-voz-de-hellin","category-la-voz-de-hellin-la-voz-de-hellin","category-noticias"],"_links":{"self":[{"href":"https:\/\/lavozdehellin.com\/noticias\/wp-json\/wp\/v2\/posts\/148553","targetHints":{"allow":["GET"]}}],"collection":[{"href":"https:\/\/lavozdehellin.com\/noticias\/wp-json\/wp\/v2\/posts"}],"about":[{"href":"https:\/\/lavozdehellin.com\/noticias\/wp-json\/wp\/v2\/types\/post"}],"author":[{"embeddable":true,"href":"https:\/\/lavozdehellin.com\/noticias\/wp-json\/wp\/v2\/users\/2"}],"replies":[{"embeddable":true,"href":"https:\/\/lavozdehellin.com\/noticias\/wp-json\/wp\/v2\/comments?post=148553"}],"version-history":[{"count":0,"href":"https:\/\/lavozdehellin.com\/noticias\/wp-json\/wp\/v2\/posts\/148553\/revisions"}],"wp:featuredmedia":[{"embeddable":true,"href":"https:\/\/lavozdehellin.com\/noticias\/wp-json\/wp\/v2\/media\/148554"}],"wp:attachment":[{"href":"https:\/\/lavozdehellin.com\/noticias\/wp-json\/wp\/v2\/media?parent=148553"}],"wp:term":[{"taxonomy":"category","embeddable":true,"href":"https:\/\/lavozdehellin.com\/noticias\/wp-json\/wp\/v2\/categories?post=148553"},{"taxonomy":"post_tag","embeddable":true,"href":"https:\/\/lavozdehellin.com\/noticias\/wp-json\/wp\/v2\/tags?post=148553"}],"curies":[{"name":"wp","href":"https:\/\/api.w.org\/{rel}","templated":true}]}}