{"id":148559,"date":"2023-10-06T13:13:45","date_gmt":"2023-10-06T12:13:45","guid":{"rendered":"https:\/\/lavozdehellin.com\/noticias\/?p=148559"},"modified":"2024-02-26T17:58:10","modified_gmt":"2024-02-26T16:58:10","slug":"v08-268-diputacion-y-ayuntamiento-tienden-la-mano-a-la-asociacion-dameteta-para-favorecer-y-promocionar-la-lactancia-materna-en-albacete","status":"publish","type":"post","link":"https:\/\/lavozdehellin.com\/noticias\/v08-268-diputacion-y-ayuntamiento-tienden-la-mano-a-la-asociacion-dameteta-para-favorecer-y-promocionar-la-lactancia-materna-en-albacete\/","title":{"rendered":"LVH NOTICIAS | DIPUTACI\u00d3N Y AYUNTAMIENTO TIENDEN LA MANO A LA ASOCIACI\u00d3N DAMETETA PARA FAVORECER Y PROMOCIONAR LA LACTANCIA MATERNA EN ALBACETE"},"content":{"rendered":"<p style=\"text-align: justify;\">El diputado provincial de Sanidad, Francisco Garc\u00eda, ha participado en la presentaci\u00f3n de las actividades organizadas con motivo de la Semana Mundial de la Lactancia Materna en Albacete por la Asociaci\u00f3n DameTeta, as\u00ed como durante el curso 2023-2024, junto a su presidenta, Isabel Mart\u00ednez-Acacio, la responsable de relaciones institucionales de la asociaci\u00f3n, Mar\u00eda Garc\u00eda, y a la concejala de Mujer e Infancia, Gala de la Calzada, en el Ayuntamiento de Albacete.<\/p>\n<p><!--more--><br \/>\n<!--publicidad-voz01--><a href=\"https:\/\/www.facebook.com\/SoloRadioHellin\/?locale=es_ES\"><img decoding=\"async\" class=\"alignnone size-medium\" src=\"https:\/\/blogger.googleusercontent.com\/img\/b\/R29vZ2xl\/AVvXsEiNncirNnyGedv00mhjZjh5Wl4_YPdJGanoAl8tL8zH-HwqE8uHqjEfSt340RHdx-9tuCSIkZ8rFamZiGyYlgDGxCsmXjCH_1xk5eYM3ntFZRvJP_jndOKR7w1UAo9Tu0vrZyOLfqRpHIxYI5SymJJ-pfGCQw6QVpggBH-UgfjiFQ2JOxqxG0Jx94kW83c\/s1600\/logo-principal.jpg\" width=\"100%\" height=\"100\" \/><\/a><!--bestpublic-voz01--><!--desk-in-out-voz01--><br \/>\n<!--publicidad-voz02--><a href=\"https:\/\/www.hellincf.com\/\"><img decoding=\"async\" class=\"alignnone size-medium\" src=\"https:\/\/blogger.googleusercontent.com\/img\/b\/R29vZ2xl\/AVvXsEhuZ4-XfBVj3UtdP8-RZugy3WVrg-Zv28c53m4oV47qYCxL1rX_dqWX_YddsGSnpH5SRDqZ7bZeKPIfDVCDncpjVlhy3aQs2vojcJBn7Gdv9hC2_Nzct_pRFrnFE1a7KTCdY1bT_kAgnY3-iadRZrGeJf1fR2P5fu11bokx0pWjaypoy-ctwCjklldpEbA\/s1600\/logo-principal7.jpg\" width=\"100%\" height=\"100\" \/><\/a><!--bestpublic-voz02--><!--desk-in-out-voz02--><\/p>\n<p style=\"text-align: justify;\">Apoyo de la Diputaci\u00f3n al fomento de la conciliaci\u00f3n y la corresponsabilidad<\/p>\n<p style=\"text-align: justify;\">Garc\u00eda ha felicitado a la reci\u00e9n elegida presidenta de la asociaci\u00f3n, Isabel Mart\u00ednez-Acacio, reafirm\u00e1ndole la mano tendida de la Diputaci\u00f3n para seguir apoyando a la entidad en su objetivo de difundir la lactancia materna y promover la conciliaci\u00f3n y que, este 2023, se ha materializado en la edici\u00f3n de sus calendarios solidarios bajo el t\u00edtulo \u2018Lactancia con coraz\u00f3n\u2019, as\u00ed como de otros materiales de carteler\u00eda.<\/p>\n<p style=\"text-align: justify;\">Valorando el esfuerzo que la entidad est\u00e1 haciendo por llevar su labor a la provincia y, especialmente, a las \u00e1reas rurales, el diputado provincial ha aludido al lema de este a\u00f1o, \u2018Facilitar la lactancia materna: marcando la diferencia para las madres y padres que trabajan\u2019, para recordar que la Diputaci\u00f3n destina este a\u00f1o 530.000 euros a distintas ayudas para fomentar la conciliaci\u00f3n y la corresponsabilidad.<\/p>\n<p style=\"text-align: justify;\">Por su parte, Gala de la Calzada ha reiterado el compromiso que el Ayuntamiento mantiene desde siempre con la promoci\u00f3n de la lactancia materna, siendo un claro ejemplo de ello la sala de lactancia ubicada en el Recinto Ferial durante la pasada Feria, as\u00ed como con la asociaci\u00f3n DameTeta, a quien ha felicitado por la gran labor diaria que realiza para \u201cdivulgar y promover la lactancia materna, ofrecer apoyo a las madres, visibilizar la maternidad y dotar de derechos y recursos a la crianza\u201d.<\/p>\n<p style=\"text-align: justify;\">Semana Mundial de la Lactancia<\/p>\n<p style=\"text-align: justify;\">Seg\u00fan ha explicado la presidenta de la Asociaci\u00f3n DameTeta, Isabel Mart\u00ednez-Acacio, las actividades organizadas para conmemorar la Semana Mundial de la Lactancia, que este a\u00f1o se celebra bajo el lema \u2018Facilitar la lactancia materna: marcando la diferencia para las madres y padres que trabajan\u2019, comenzaron en nuestra ciudad el pasado 27 de septiembre con la charla que ella misma imparti\u00f3 en el Centro Sociocultural de \u2018El Pilar\u2019, de manera presencial y a trav\u00e9s de la modalidad online, llegando a m\u00e1s madres, especialmente del mundo rural.<\/p>\n<p style=\"text-align: justify;\">El pr\u00f3ximo 18 de octubre, a las 17:00 horas, y en modalidad online, ha se\u00f1alado que tendr\u00e1 lugar la conferencia \u2018El camino de las madres. Es necesario cambiar la noci\u00f3n y el modelo vigente de maternidad\u2019, impartida por Casilda Rodriga\u00f1ez, escritora, investigadora y divulgadora sobre sexualidad femenina y matr\u00edstica.<\/p>\n<p style=\"text-align: justify;\">La presidenta de DameTeta ha informado de que la Fiesta de la Lactancia tendr\u00e1 lugar el 21 de octubre en la Plaza Mayor, a las 11:00 horas, para reivindicar el derecho de las madres y sus hijos a la alimentaci\u00f3n en cualquier espacio y resolver las dudas de las madres embarazadas y lactantes.<\/p>\n<p style=\"text-align: justify;\">Actividades curso 2023-2024<\/p>\n<p style=\"text-align: justify;\">Adem\u00e1s, Isabel Mart\u00ednez-Acacio ha informado de que las habituales charlas de Dameteta se seguir\u00e1n realizando los mi\u00e9rcoles, a las 17:00 horas, en el Centro Sociocultural \u2018Jos\u00e9 Oliva\u2019, en el barrio de \u2018El Pilar\u2019. Este a\u00f1o se cambia el enfoque y ser\u00e1n tertulias moderadas por las mismas grandes profesionales, pero en un formato m\u00e1s cercano donde las madres y familias puedan exponer sus experiencias y dudas sobre los temas propuestos para cada encuentro.<\/p>\n<p style=\"text-align: justify;\">La presidenta de DameTeta ha explicado que tambi\u00e9n se desarrollar\u00e1n varios talleres para socias y asesoras de lactancia con el fin de mejorar las asesor\u00edas que se prestan gratuitamente a las madres que se acercan a la asociaci\u00f3n. Ser\u00e1n a nivel t\u00e9cnico y a nivel vivencial, para que la experiencia de las asesor\u00edas sea m\u00e1s completa, contando para ello con Benedicta Cutanda, Nuria Lozano y M\u00aa Jos\u00e9 Argando\u00f1a. Se mantendr\u00e1 la opci\u00f3n on-line por la acogida que hemos tenido entre las mujeres del medio rural (que se inici\u00f3 con la pandemia).<\/p>\n<p style=\"text-align: justify;\">Del mismo modo, Isabel Mart\u00ednez-Acacio ha se\u00f1alado que se retoman las asesor\u00edas de lactancia presencial, de madre a madre, en el centro sociocultural de \u2018El Pilar\u2019 los mi\u00e9rcoles a las 17:00 horas, con cita previa.<\/p>\n<p style=\"text-align: justify;\">La responsable de relaciones institucionales de la Asociaci\u00f3n DameTeta, Mar\u00eda Garc\u00eda, se ha referido a las reivindicaciones conseguidas hasta la fecha a nivel local, como la implantaci\u00f3n de la Gu\u00eda de Buenas Pr\u00e1cticas en Lactancia Materna y de la Unidad de Lactancia Hospitalaria y de Atenci\u00f3n Primaria, y la sala de lactancia en la Feria, confiando en el que el proyecto del Banco de Leche Materna sea finalmente una realidad, disponible para que cualquier madre pueda donar y cualquier beb\u00e9 pueda recibir esta leche si la necesita, y no solamente los beb\u00e9s ingresados en UCI.<\/p>\n<p style=\"text-align: justify;\">Adem\u00e1s, Mar\u00eda Garc\u00eda ha informado de las reivindicaciones de la Asociaci\u00f3n DameTeta que quedan con conquistar, como la separaci\u00f3n cero en ces\u00e1reas y partos, la recuperar la residencia para madres, conseguir que el servicio de Atenci\u00f3n Temprana en el Hospital Universitario sea un servicio permanente y ampliado en n\u00famero de horas para atender mejor a los beb\u00e9s que lo necesiten, entre otras.<\/p>\n<p><!--publicidad-voz03--><a href=\"https:\/\/www.facebook.com\/profile.php?id=100063593791305&amp;locale=es_ES\"><img decoding=\"async\" class=\"alignnone size-medium\" src=\"https:\/\/blogger.googleusercontent.com\/img\/b\/R29vZ2xl\/AVvXsEi8_n_ll8UOcGxCqzFvb_9Io4ICczlGC990BPtPj2w9Px-u7B3oqWUW5vtjZUqPNJ-nyjiUIorE0ATsib_l5tV8BVN-UJ03RTnU__IHJF_4DgDBtY4LIqXNG-FomrO-7ywes20CBCRM2Hcm7EJSh3UUw1dO-c_uTflUrtgY1i7uBRezj_DpympmEFkfbQY\/s1600\/logo-principal2.jpg\" width=\"100%\" height=\"100\" \/><\/a><!--bestpublic-voz03--><!--desk-in-out-voz03--><br \/>\n<!--publicidad-voz04--><a href=\"https:\/\/www.facebook.com\/profile.php?id=61557370768692&amp;locale=es_ES\"><img decoding=\"async\" class=\"alignnone size-medium\" src=\"https:\/\/blogger.googleusercontent.com\/img\/b\/R29vZ2xl\/AVvXsEgy5RdcfffrnrItnYTcV9bCJjgJwldsQLWssfVfrLbyfXeBNTFKgBf0rMIvhrUaGUhiXzVr9_eQgCbi-j63ZDpfTvLIty9w7s140y-m1yHe7eKmEK7v2NAHUJDVYGdfeiQFeRCqUjdwWmN1MX_AUxxz4IVdJ4WIM0APxit8bjWkXzrnEFGqBvW_1F13H1g\/s1600\/logo-principal5.jpg\" width=\"100%\" height=\"100\" \/><\/a><!--bestpublic-voz04--><!--desk-in-out-voz04--><br \/>\n<!--publicidad-voz05--><a href=\"https:\/\/www.facebook.com\/asociaciontamborileroshellin?locale=es_ES\"><img decoding=\"async\" class=\"alignnone size-medium\" src=\"https:\/\/blogger.googleusercontent.com\/img\/b\/R29vZ2xl\/AVvXsEhHEEpZsKK1VpwiYMrS7aE2ujtqIDZoLd4B5wtbiseSU9s2HdTdQfhF84So2XwEB1fv0BLw95GADm6hUl1bkKtzh-eIgVigXONuu_5RxeIMPhjk8q6uNX4EaEHbooKkbu7pCADWPpVJjhKIH5NQSJpWqedC-YBez4QAQeJYokkLot9bhrIaUAeztsGis6M\/s1600\/logo-principal3.jpg\" width=\"100%\" height=\"100\" \/><\/a><!--bestpublic-voz05--><!--desk-in-out-voz05--><br \/>\n<!--publicidad-voz06--><!--bestpublic-voz06--><!--desk-in-out-voz06--><br \/>\n<!--publicidad-voz07--><!--bestpublic-voz07--><!--desk-in-out-voz07--><br \/>\n<!--publicidad-voz08--><!--bestpublic-voz08--><!--desk-in-out-voz08--><br \/>\n<!--publicidad-voz09--><!--bestpublic-voz09--><!--desk-in-out-voz09--><br \/>\n<!--publicidad-voz10--><!--bestpublic-voz10--><!--desk-in-out-voz10--><br \/>\n<!--publicidad-voz11--><!--bestpublic-voz11--><!--desk-in-out-voz11--><br \/>\n<!--publicidad-voz12--><!--bestpublic-voz12--><!--desk-in-out-voz12--><br \/>\n<!--publicidad-voz13--><!--bestpublic-voz13--><!--desk-in-out-voz13--><br \/>\n<!--publicidad-voz14--><!--bestpublic-voz14--><!--desk-in-out-voz14--><br \/>\n<!--publicidad-voz15--><!--bestpublic-voz15--><!--desk-in-out-voz15--><br \/>\n<!--publicidad-voz16--><!--bestpublic-voz16--><!--desk-in-out-voz16--><\/p>\n","protected":false},"excerpt":{"rendered":"<p>El diputado provincial de Sanidad, Francisco Garc\u00eda, ha participado en la presentaci\u00f3n de las actividades organizadas con motivo de la Semana Mundial de la Lactancia Materna en Albacete por la&#8230;<\/p>\n","protected":false},"author":2,"featured_media":148560,"comment_status":"closed","ping_status":"closed","sticky":false,"template":"","format":"standard","meta":{"footnotes":""},"categories":[753,718,715,716,717],"tags":[],"class_list":["post-148559","post","type-post","status-publish","format-standard","has-post-thumbnail","hentry","category-blog-lv034","category-blogger","category-la-voz-de-hellin","category-la-voz-de-hellin-la-voz-de-hellin","category-noticias"],"_links":{"self":[{"href":"https:\/\/lavozdehellin.com\/noticias\/wp-json\/wp\/v2\/posts\/148559","targetHints":{"allow":["GET"]}}],"collection":[{"href":"https:\/\/lavozdehellin.com\/noticias\/wp-json\/wp\/v2\/posts"}],"about":[{"href":"https:\/\/lavozdehellin.com\/noticias\/wp-json\/wp\/v2\/types\/post"}],"author":[{"embeddable":true,"href":"https:\/\/lavozdehellin.com\/noticias\/wp-json\/wp\/v2\/users\/2"}],"replies":[{"embeddable":true,"href":"https:\/\/lavozdehellin.com\/noticias\/wp-json\/wp\/v2\/comments?post=148559"}],"version-history":[{"count":0,"href":"https:\/\/lavozdehellin.com\/noticias\/wp-json\/wp\/v2\/posts\/148559\/revisions"}],"wp:featuredmedia":[{"embeddable":true,"href":"https:\/\/lavozdehellin.com\/noticias\/wp-json\/wp\/v2\/media\/148560"}],"wp:attachment":[{"href":"https:\/\/lavozdehellin.com\/noticias\/wp-json\/wp\/v2\/media?parent=148559"}],"wp:term":[{"taxonomy":"category","embeddable":true,"href":"https:\/\/lavozdehellin.com\/noticias\/wp-json\/wp\/v2\/categories?post=148559"},{"taxonomy":"post_tag","embeddable":true,"href":"https:\/\/lavozdehellin.com\/noticias\/wp-json\/wp\/v2\/tags?post=148559"}],"curies":[{"name":"wp","href":"https:\/\/api.w.org\/{rel}","templated":true}]}}