{"id":148562,"date":"2023-10-06T12:53:38","date_gmt":"2023-10-06T11:53:38","guid":{"rendered":"https:\/\/lavozdehellin.com\/noticias\/?p=148562"},"modified":"2024-02-26T17:58:10","modified_gmt":"2024-02-26T16:58:10","slug":"v08-267-la-diputacion-de-albacete-aplaude-la-calidad-y-variedad-de-la-programacion-cultural-de-otono-e-invierno-de-chinchilla-de-montearagon-con-13-espectaculos-para-todos-los-publicos","status":"publish","type":"post","link":"https:\/\/lavozdehellin.com\/noticias\/v08-267-la-diputacion-de-albacete-aplaude-la-calidad-y-variedad-de-la-programacion-cultural-de-otono-e-invierno-de-chinchilla-de-montearagon-con-13-espectaculos-para-todos-los-publicos\/","title":{"rendered":"LVH NOTICIAS | LA DIPUTACI\u00d3N DE ALBACETE APLAUDE LA CALIDAD Y VARIEDAD DE LA PROGRAMACI\u00d3N CULTURAL DE OTO\u00d1O E INVIERNO DE CHINCHILLA DE MONTEARAG\u00d3N CON 13 ESPECT\u00c1CULOS PARA TODOS LOS P\u00daBLICOS"},"content":{"rendered":"<p style=\"text-align: justify;\">La programaci\u00f3n cultural de oto\u00f1o e invierno de Chinchilla de Montearag\u00f3n, que se extender\u00e1 del 15 de octubre hasta el 3 de enero de 2024, se ha presentado este viernes en la Diputaci\u00f3n de Albacete de la mano del diputado de Cultura, Miguel Zamora, y de la concejala del \u00e1rea en el Ayuntamiento de la localidad, Silvia Abell\u00e1n, junto al programador, Vicente Albujer.<\/p>\n<p><!--more--><br \/>\n<!--publicidad-voz01--><a href=\"https:\/\/www.facebook.com\/SoloRadioHellin\/?locale=es_ES\"><img decoding=\"async\" class=\"alignnone size-medium\" src=\"https:\/\/blogger.googleusercontent.com\/img\/b\/R29vZ2xl\/AVvXsEiNncirNnyGedv00mhjZjh5Wl4_YPdJGanoAl8tL8zH-HwqE8uHqjEfSt340RHdx-9tuCSIkZ8rFamZiGyYlgDGxCsmXjCH_1xk5eYM3ntFZRvJP_jndOKR7w1UAo9Tu0vrZyOLfqRpHIxYI5SymJJ-pfGCQw6QVpggBH-UgfjiFQ2JOxqxG0Jx94kW83c\/s1600\/logo-principal.jpg\" width=\"100%\" height=\"100\" \/><\/a><!--bestpublic-voz01--><!--desk-in-out-voz01--><br \/>\n<!--publicidad-voz02--><a href=\"https:\/\/www.hellincf.com\/\"><img decoding=\"async\" class=\"alignnone size-medium\" src=\"https:\/\/blogger.googleusercontent.com\/img\/b\/R29vZ2xl\/AVvXsEhuZ4-XfBVj3UtdP8-RZugy3WVrg-Zv28c53m4oV47qYCxL1rX_dqWX_YddsGSnpH5SRDqZ7bZeKPIfDVCDncpjVlhy3aQs2vojcJBn7Gdv9hC2_Nzct_pRFrnFE1a7KTCdY1bT_kAgnY3-iadRZrGeJf1fR2P5fu11bokx0pWjaypoy-ctwCjklldpEbA\/s1600\/logo-principal7.jpg\" width=\"100%\" height=\"100\" \/><\/a><!--bestpublic-voz02--><!--desk-in-out-voz02--><\/p>\n<p style=\"text-align: justify;\">El Teatro Auditorio Constantino Romero, \u201cuno de los espacios esc\u00e9nicos y art\u00edsticos m\u00e1s importantes de la provincia\u201d, acoger\u00e1 un total de 13 espect\u00e1culos familiares para todas las edades. Actuaciones en las que se combina la l\u00edrica, el teatro, la danza, la m\u00fasica o el humor.<\/p>\n<p style=\"text-align: justify;\">El responsable provincial ha felicitado al Ayuntamiento chinchillano por el gran trabajo que realiza para ofertar una programaci\u00f3n cultural variada y de calidad, reiterando el apoyo de la Diputaci\u00f3n tanto en materia de difusi\u00f3n como a trav\u00e9s de Cultural Albacete.<\/p>\n<p style=\"text-align: justify;\">\u201cBuena parte de los municipios de la provincia se apoyan en la instituci\u00f3n provincial, a trav\u00e9s de este Consorcio, para la cofinanciaci\u00f3n de gran parte de los espect\u00e1culos que se programan a lo largo del a\u00f1o\u201d, ha explicado Zamora.<\/p>\n<p style=\"text-align: justify;\">De hecho, a pocas semanas Cultural Albacete celebre la Gala que pondr\u00e1 el punto y final a las celebraciones de su 40 aniversario, esta programaci\u00f3n y Chinchilla de Montearag\u00f3n son un buen ejemplo de lo que ha significado y significa este Consorcio en el territorio albacetense, convertido en un instrumento al servicio del desarrollo cultural de la provincia y capaz de democratizar la cultura como nunca antes y como ning\u00fan otro proyecto.<\/p>\n<p style=\"text-align: justify;\">Una hoja de ruta compartida por la Diputaci\u00f3n que, como ha dejado claro su diputado, trabaja de la mano de este recurso y de otros con el objetivo de que la actividad cultural, en todas sus vertientes, llegue a cada albacetense al margen del lugar en el que viva o de su poder adquisitivo.<\/p>\n<p style=\"text-align: justify;\">Desde Chinchilla agradecen a la Diputaci\u00f3n y a la JCCM su apoyo<\/p>\n<p style=\"text-align: justify;\">De hecho, cada uno de los espect\u00e1culos presentados podr\u00e1n ser disfrutados por el p\u00fablico a \u201cprecios simb\u00f3licos\u201d (entre 3 \u20ac y 4\u20ac), como ha puesto de relieve la concejala de Cultura de la localidad, quien ha destacado el apoyo institucional, personalizado en la Diputaci\u00f3n de Albacete (a trav\u00e9s de Cultural Albacete) y en la JCCM (a trav\u00e9s de la Red de Artes Esc\u00e9nicas ). \u201cSin su apoyo no ser\u00eda imposible mantener la rica programaci\u00f3n cultural de Chinchilla\u201d, ha remarcado.<\/p>\n<p style=\"text-align: justify;\">Adem\u00e1s, Silvia Abell\u00e1n ha puesto en valor la programaci\u00f3n que han elaborado para los pr\u00f3ximos meses, incidiendo en su variedad y destacando que incluye tambi\u00e9n propuestas solidarias y otras que se compaginan con actividades organizadas por el tejido asociativo del municipio, al que ha agradecido su implicaci\u00f3n, al tiempo que ha apuntado que la apuesta cultural del Ayuntamiento se traduce en sinergias tur\u00edsticas que benefician a la localidad en todos los \u00e1mbitos.<\/p>\n<p style=\"text-align: justify;\">Una programaci\u00f3n familiar: teatro, humor, m\u00fasica, l\u00edrica y solidaridad<\/p>\n<p style=\"text-align: justify;\">Vicente Albujer ha sido el encargado de dar a conocer los t\u00edtulos de los diferentes espect\u00e1culos que se suceder\u00e1n en la programaci\u00f3n de oto\u00f1o e invierno en el Teatro Auditorio Constantino Romero, y que arrancan el pr\u00f3ximo 15 de octubre con \u2018La Traviata\u2019 (concierto escenificado), para continuar con el nuevo show de \u2018Cuatro Motes Manchegos\u2019, el 22 de octubre; y \u2018Las Aventuras de Sam\u2019, el 26 de este mismo mes. Siendo esta \u00faltima una campa\u00f1a escolar impulsada por el Consistorio para \u2018sembrar\u2019 el gusto por la cultura entre los y las escolares.<\/p>\n<p style=\"text-align: justify;\">Ya en noviembre tendr\u00e1 lugar el espect\u00e1culo inclusivo de danza y teatro \u2018Estamos a tiempo\u2019, que ser\u00e1 el d\u00eda 4; una Gala solidaria de M\u00fasica y Danza a beneficio de la Asociaci\u00f3n Espa\u00f1ola Contra el C\u00e1ncer, el d\u00eda 11; un concierto en el marco de Santa Cecilia a cargo de la Banda Municipal de M\u00fasica de Chinchilla, el d\u00eda 18; y la \u2018Burbuja doble\u2019, el d\u00eda 25.<\/p>\n<p style=\"text-align: justify;\">Por su parte, durante el mes de diciembre, junto al espect\u00e1culo \u2018La Mejor obra de la historia\u2019 que se podr\u00e1 disfrutar el d\u00eda 2, se han organizado diferentes actuaciones en el marco de las celebraciones navide\u00f1as: \u2018La accidentada fuga del joven Julio Verne\u2019, 21 de diciembre; el XXIV Festival de Villancicos, 23 de diciembre; \u2018Dubbi Kids. Mi primer concierto\u2019, el 28 de diciembre; el concierto de Navidad, el d\u00eda 30, y ya en enero, el d\u00eda 3, \u2018Confeti\u2019 con Francis Zafrilla.<\/p>\n<p style=\"text-align: justify;\">A partir del d\u00eda 9 de octubre se pueden adquirir las entradas tanto en la Oficina de Turismo de la localidad como a trav\u00e9s de la plataforma digital giglon.com.<\/p>\n<p><!--publicidad-voz03--><a href=\"https:\/\/www.facebook.com\/profile.php?id=100063593791305&amp;locale=es_ES\"><img decoding=\"async\" class=\"alignnone size-medium\" src=\"https:\/\/blogger.googleusercontent.com\/img\/b\/R29vZ2xl\/AVvXsEi8_n_ll8UOcGxCqzFvb_9Io4ICczlGC990BPtPj2w9Px-u7B3oqWUW5vtjZUqPNJ-nyjiUIorE0ATsib_l5tV8BVN-UJ03RTnU__IHJF_4DgDBtY4LIqXNG-FomrO-7ywes20CBCRM2Hcm7EJSh3UUw1dO-c_uTflUrtgY1i7uBRezj_DpympmEFkfbQY\/s1600\/logo-principal2.jpg\" width=\"100%\" height=\"100\" \/><\/a><!--bestpublic-voz03--><!--desk-in-out-voz03--><br \/>\n<!--publicidad-voz04--><a href=\"https:\/\/www.facebook.com\/profile.php?id=61557370768692&amp;locale=es_ES\"><img decoding=\"async\" class=\"alignnone size-medium\" src=\"https:\/\/blogger.googleusercontent.com\/img\/b\/R29vZ2xl\/AVvXsEgy5RdcfffrnrItnYTcV9bCJjgJwldsQLWssfVfrLbyfXeBNTFKgBf0rMIvhrUaGUhiXzVr9_eQgCbi-j63ZDpfTvLIty9w7s140y-m1yHe7eKmEK7v2NAHUJDVYGdfeiQFeRCqUjdwWmN1MX_AUxxz4IVdJ4WIM0APxit8bjWkXzrnEFGqBvW_1F13H1g\/s1600\/logo-principal5.jpg\" width=\"100%\" height=\"100\" \/><\/a><!--bestpublic-voz04--><!--desk-in-out-voz04--><br \/>\n<!--publicidad-voz05--><a href=\"https:\/\/www.facebook.com\/asociaciontamborileroshellin?locale=es_ES\"><img decoding=\"async\" class=\"alignnone size-medium\" src=\"https:\/\/blogger.googleusercontent.com\/img\/b\/R29vZ2xl\/AVvXsEhHEEpZsKK1VpwiYMrS7aE2ujtqIDZoLd4B5wtbiseSU9s2HdTdQfhF84So2XwEB1fv0BLw95GADm6hUl1bkKtzh-eIgVigXONuu_5RxeIMPhjk8q6uNX4EaEHbooKkbu7pCADWPpVJjhKIH5NQSJpWqedC-YBez4QAQeJYokkLot9bhrIaUAeztsGis6M\/s1600\/logo-principal3.jpg\" width=\"100%\" height=\"100\" \/><\/a><!--bestpublic-voz05--><!--desk-in-out-voz05--><br \/>\n<!--publicidad-voz06--><!--bestpublic-voz06--><!--desk-in-out-voz06--><br \/>\n<!--publicidad-voz07--><!--bestpublic-voz07--><!--desk-in-out-voz07--><br \/>\n<!--publicidad-voz08--><!--bestpublic-voz08--><!--desk-in-out-voz08--><br \/>\n<!--publicidad-voz09--><!--bestpublic-voz09--><!--desk-in-out-voz09--><br \/>\n<!--publicidad-voz10--><!--bestpublic-voz10--><!--desk-in-out-voz10--><br \/>\n<!--publicidad-voz11--><!--bestpublic-voz11--><!--desk-in-out-voz11--><br \/>\n<!--publicidad-voz12--><!--bestpublic-voz12--><!--desk-in-out-voz12--><br \/>\n<!--publicidad-voz13--><!--bestpublic-voz13--><!--desk-in-out-voz13--><br \/>\n<!--publicidad-voz14--><!--bestpublic-voz14--><!--desk-in-out-voz14--><br \/>\n<!--publicidad-voz15--><!--bestpublic-voz15--><!--desk-in-out-voz15--><br \/>\n<!--publicidad-voz16--><!--bestpublic-voz16--><!--desk-in-out-voz16--><\/p>\n","protected":false},"excerpt":{"rendered":"<p>La programaci\u00f3n cultural de oto\u00f1o e invierno de Chinchilla de Montearag\u00f3n, que se extender\u00e1 del 15 de octubre hasta el 3 de enero de 2024, se ha presentado este viernes&#8230;<\/p>\n","protected":false},"author":2,"featured_media":148563,"comment_status":"closed","ping_status":"closed","sticky":false,"template":"","format":"standard","meta":{"footnotes":""},"categories":[753,718,715,716,717],"tags":[],"class_list":["post-148562","post","type-post","status-publish","format-standard","has-post-thumbnail","hentry","category-blog-lv034","category-blogger","category-la-voz-de-hellin","category-la-voz-de-hellin-la-voz-de-hellin","category-noticias"],"_links":{"self":[{"href":"https:\/\/lavozdehellin.com\/noticias\/wp-json\/wp\/v2\/posts\/148562","targetHints":{"allow":["GET"]}}],"collection":[{"href":"https:\/\/lavozdehellin.com\/noticias\/wp-json\/wp\/v2\/posts"}],"about":[{"href":"https:\/\/lavozdehellin.com\/noticias\/wp-json\/wp\/v2\/types\/post"}],"author":[{"embeddable":true,"href":"https:\/\/lavozdehellin.com\/noticias\/wp-json\/wp\/v2\/users\/2"}],"replies":[{"embeddable":true,"href":"https:\/\/lavozdehellin.com\/noticias\/wp-json\/wp\/v2\/comments?post=148562"}],"version-history":[{"count":0,"href":"https:\/\/lavozdehellin.com\/noticias\/wp-json\/wp\/v2\/posts\/148562\/revisions"}],"wp:featuredmedia":[{"embeddable":true,"href":"https:\/\/lavozdehellin.com\/noticias\/wp-json\/wp\/v2\/media\/148563"}],"wp:attachment":[{"href":"https:\/\/lavozdehellin.com\/noticias\/wp-json\/wp\/v2\/media?parent=148562"}],"wp:term":[{"taxonomy":"category","embeddable":true,"href":"https:\/\/lavozdehellin.com\/noticias\/wp-json\/wp\/v2\/categories?post=148562"},{"taxonomy":"post_tag","embeddable":true,"href":"https:\/\/lavozdehellin.com\/noticias\/wp-json\/wp\/v2\/tags?post=148562"}],"curies":[{"name":"wp","href":"https:\/\/api.w.org\/{rel}","templated":true}]}}