{"id":148565,"date":"2023-10-05T20:00:19","date_gmt":"2023-10-05T19:00:19","guid":{"rendered":"https:\/\/lavozdehellin.com\/noticias\/?p=148565"},"modified":"2024-02-26T17:58:10","modified_gmt":"2024-02-26T16:58:10","slug":"v08-266-el-artista-albaceteno-rafael-fernandez-caparros-expone-su-coleccion-pensar-con-las-manos-en-el-centro-cultural-la-asuncion-hasta-el-28-de-octubre","status":"publish","type":"post","link":"https:\/\/lavozdehellin.com\/noticias\/v08-266-el-artista-albaceteno-rafael-fernandez-caparros-expone-su-coleccion-pensar-con-las-manos-en-el-centro-cultural-la-asuncion-hasta-el-28-de-octubre\/","title":{"rendered":"LVH NOTICIAS | EL ARTISTA ALBACETE\u00d1O RAFAEL FERN\u00c1NDEZ CAPARR\u00d3S EXPONE SU COLECCI\u00d3N \u2018PENSAR CON LAS MANOS\u2019 EN EL CENTRO CULTURAL LA ASUNCI\u00d3N HASTA EL 28 DE OCTUBRE"},"content":{"rendered":"<p style=\"text-align: justify;\">El Claustro del Centro Cultural La Asunci\u00f3n acoge la exposici\u00f3n \u2018Pensar con las manos\u2019 del artista albacete\u00f1o Rafael Fern\u00e1ndez Caparr\u00f3s hasta el pr\u00f3ximo 28 de octubre en el marco del calendario expositivo de la Diputaci\u00f3n de Albacete en este emblem\u00e1tico espacio de la capital, y en l\u00ednea con el trabajo que se realiza desde la instituci\u00f3n para apoyar y promocionar a los y las artistas locales.<\/p>\n<p><!--more--><br \/>\n<!--publicidad-voz01--><a href=\"https:\/\/www.facebook.com\/SoloRadioHellin\/?locale=es_ES\"><img decoding=\"async\" class=\"alignnone size-medium\" src=\"https:\/\/blogger.googleusercontent.com\/img\/b\/R29vZ2xl\/AVvXsEiNncirNnyGedv00mhjZjh5Wl4_YPdJGanoAl8tL8zH-HwqE8uHqjEfSt340RHdx-9tuCSIkZ8rFamZiGyYlgDGxCsmXjCH_1xk5eYM3ntFZRvJP_jndOKR7w1UAo9Tu0vrZyOLfqRpHIxYI5SymJJ-pfGCQw6QVpggBH-UgfjiFQ2JOxqxG0Jx94kW83c\/s1600\/logo-principal.jpg\" width=\"100%\" height=\"100\" \/><\/a><!--bestpublic-voz01--><!--desk-in-out-voz01--><br \/>\n<!--publicidad-voz02--><a href=\"https:\/\/www.hellincf.com\/\"><img decoding=\"async\" class=\"alignnone size-medium\" src=\"https:\/\/blogger.googleusercontent.com\/img\/b\/R29vZ2xl\/AVvXsEhuZ4-XfBVj3UtdP8-RZugy3WVrg-Zv28c53m4oV47qYCxL1rX_dqWX_YddsGSnpH5SRDqZ7bZeKPIfDVCDncpjVlhy3aQs2vojcJBn7Gdv9hC2_Nzct_pRFrnFE1a7KTCdY1bT_kAgnY3-iadRZrGeJf1fR2P5fu11bokx0pWjaypoy-ctwCjklldpEbA\/s1600\/logo-principal7.jpg\" width=\"100%\" height=\"100\" \/><\/a><!--bestpublic-voz02--><!--desk-in-out-voz02--><\/p>\n<p style=\"text-align: justify;\">El diputado de Cultura, Miguel Zamora, ha sido el encargado de inaugurar este jueves la muestra que, adem\u00e1s, ha tenido la oportunidad de recorrer junto a su autor, felicit\u00e1ndolo por \u201cla calidad y la belleza\u201d de las 45 obras que la conforman, y que est\u00e1n distribuidas entre las dos plantas del Centro Cultural.<\/p>\n<p style=\"text-align: justify;\">Con tem\u00e1tica y tama\u00f1os variados, en esta colecci\u00f3n adquiere gran protagonismo el paisaje urbano de Albacete, calles y rincones claramente reconocidos de la ciudad donde ha crecido Rafael Fern\u00e1ndez. Y en cuanto a la t\u00e9cnica, predomina la acuarela, aunque convive con tintas, acr\u00edlicos, collages y t\u00e9cnicas mixtas reflejo del entusiasmo del artista por la experimentaci\u00f3n. De hecho, en su obra se observa una evoluci\u00f3n de la figuraci\u00f3n hacia la abstracci\u00f3n y el expresionismo.<\/p>\n<p style=\"text-align: justify;\">Durante su intervenci\u00f3n, Zamora ha subrayado que para la Diputaci\u00f3n es un orgullo acoger esta exposici\u00f3n en la que Albacete est\u00e1 muy presente y muy vivo de la mano de un artista de la tierra, y ha dejado claro que el gobierno provincial que preside Santi Caba\u00f1ero trabaja con el firme compromiso de impulsar la cultura y hacer accesible el arte al conjunto de la sociedad, al tiempo que apuesta por apoyar y visibilizar, dentro y fuera de nuestras fronteras, el arte local y a los artistas de la provincia.<\/p>\n<p style=\"text-align: justify;\">Rafael Fern\u00e1ndez Caparr\u00f3s, artista, arquitecto y docente<\/p>\n<p style=\"text-align: justify;\">Miembro de la Agrupaci\u00f3n de Acuarelistas de Albacete, Rafael Fern\u00e1ndez Caparros es arquitecto, dise\u00f1ador, artista y docente, y su obra forma parte de colecciones internacionales en pa\u00edses como Alemania, Suiza, Austria, M\u00e9xico y Australia.<\/p>\n<p style=\"text-align: justify;\">Todas las personas interesadas en descubrir el talento de este albacete\u00f1o pueden hacerlo en el Centro Cultural La Asunci\u00f3n de lunes a viernes de 10h a 14h y de 18h a 21h, y los s\u00e1bados en horario de ma\u00f1ana.<\/p>\n<p><!--publicidad-voz03--><a href=\"https:\/\/www.facebook.com\/profile.php?id=100063593791305&amp;locale=es_ES\"><img decoding=\"async\" class=\"alignnone size-medium\" src=\"https:\/\/blogger.googleusercontent.com\/img\/b\/R29vZ2xl\/AVvXsEi8_n_ll8UOcGxCqzFvb_9Io4ICczlGC990BPtPj2w9Px-u7B3oqWUW5vtjZUqPNJ-nyjiUIorE0ATsib_l5tV8BVN-UJ03RTnU__IHJF_4DgDBtY4LIqXNG-FomrO-7ywes20CBCRM2Hcm7EJSh3UUw1dO-c_uTflUrtgY1i7uBRezj_DpympmEFkfbQY\/s1600\/logo-principal2.jpg\" width=\"100%\" height=\"100\" \/><\/a><!--bestpublic-voz03--><!--desk-in-out-voz03--><br \/>\n<!--publicidad-voz04--><a href=\"https:\/\/www.facebook.com\/profile.php?id=61557370768692&amp;locale=es_ES\"><img decoding=\"async\" class=\"alignnone size-medium\" src=\"https:\/\/blogger.googleusercontent.com\/img\/b\/R29vZ2xl\/AVvXsEgy5RdcfffrnrItnYTcV9bCJjgJwldsQLWssfVfrLbyfXeBNTFKgBf0rMIvhrUaGUhiXzVr9_eQgCbi-j63ZDpfTvLIty9w7s140y-m1yHe7eKmEK7v2NAHUJDVYGdfeiQFeRCqUjdwWmN1MX_AUxxz4IVdJ4WIM0APxit8bjWkXzrnEFGqBvW_1F13H1g\/s1600\/logo-principal5.jpg\" width=\"100%\" height=\"100\" \/><\/a><!--bestpublic-voz04--><!--desk-in-out-voz04--><br \/>\n<!--publicidad-voz05--><a href=\"https:\/\/www.facebook.com\/asociaciontamborileroshellin?locale=es_ES\"><img decoding=\"async\" class=\"alignnone size-medium\" src=\"https:\/\/blogger.googleusercontent.com\/img\/b\/R29vZ2xl\/AVvXsEhHEEpZsKK1VpwiYMrS7aE2ujtqIDZoLd4B5wtbiseSU9s2HdTdQfhF84So2XwEB1fv0BLw95GADm6hUl1bkKtzh-eIgVigXONuu_5RxeIMPhjk8q6uNX4EaEHbooKkbu7pCADWPpVJjhKIH5NQSJpWqedC-YBez4QAQeJYokkLot9bhrIaUAeztsGis6M\/s1600\/logo-principal3.jpg\" width=\"100%\" height=\"100\" \/><\/a><!--bestpublic-voz05--><!--desk-in-out-voz05--><br \/>\n<!--publicidad-voz06--><!--bestpublic-voz06--><!--desk-in-out-voz06--><br \/>\n<!--publicidad-voz07--><!--bestpublic-voz07--><!--desk-in-out-voz07--><br \/>\n<!--publicidad-voz08--><!--bestpublic-voz08--><!--desk-in-out-voz08--><br \/>\n<!--publicidad-voz09--><!--bestpublic-voz09--><!--desk-in-out-voz09--><br \/>\n<!--publicidad-voz10--><!--bestpublic-voz10--><!--desk-in-out-voz10--><br \/>\n<!--publicidad-voz11--><!--bestpublic-voz11--><!--desk-in-out-voz11--><br \/>\n<!--publicidad-voz12--><!--bestpublic-voz12--><!--desk-in-out-voz12--><br \/>\n<!--publicidad-voz13--><!--bestpublic-voz13--><!--desk-in-out-voz13--><br \/>\n<!--publicidad-voz14--><!--bestpublic-voz14--><!--desk-in-out-voz14--><br \/>\n<!--publicidad-voz15--><!--bestpublic-voz15--><!--desk-in-out-voz15--><br \/>\n<!--publicidad-voz16--><!--bestpublic-voz16--><!--desk-in-out-voz16--><\/p>\n","protected":false},"excerpt":{"rendered":"<p>El Claustro del Centro Cultural La Asunci\u00f3n acoge la exposici\u00f3n \u2018Pensar con las manos\u2019 del artista albacete\u00f1o Rafael Fern\u00e1ndez Caparr\u00f3s hasta el pr\u00f3ximo 28 de octubre en el marco del&#8230;<\/p>\n","protected":false},"author":2,"featured_media":148566,"comment_status":"closed","ping_status":"closed","sticky":false,"template":"","format":"standard","meta":{"footnotes":""},"categories":[753,718,715,716,717],"tags":[],"class_list":["post-148565","post","type-post","status-publish","format-standard","has-post-thumbnail","hentry","category-blog-lv034","category-blogger","category-la-voz-de-hellin","category-la-voz-de-hellin-la-voz-de-hellin","category-noticias"],"_links":{"self":[{"href":"https:\/\/lavozdehellin.com\/noticias\/wp-json\/wp\/v2\/posts\/148565","targetHints":{"allow":["GET"]}}],"collection":[{"href":"https:\/\/lavozdehellin.com\/noticias\/wp-json\/wp\/v2\/posts"}],"about":[{"href":"https:\/\/lavozdehellin.com\/noticias\/wp-json\/wp\/v2\/types\/post"}],"author":[{"embeddable":true,"href":"https:\/\/lavozdehellin.com\/noticias\/wp-json\/wp\/v2\/users\/2"}],"replies":[{"embeddable":true,"href":"https:\/\/lavozdehellin.com\/noticias\/wp-json\/wp\/v2\/comments?post=148565"}],"version-history":[{"count":0,"href":"https:\/\/lavozdehellin.com\/noticias\/wp-json\/wp\/v2\/posts\/148565\/revisions"}],"wp:featuredmedia":[{"embeddable":true,"href":"https:\/\/lavozdehellin.com\/noticias\/wp-json\/wp\/v2\/media\/148566"}],"wp:attachment":[{"href":"https:\/\/lavozdehellin.com\/noticias\/wp-json\/wp\/v2\/media?parent=148565"}],"wp:term":[{"taxonomy":"category","embeddable":true,"href":"https:\/\/lavozdehellin.com\/noticias\/wp-json\/wp\/v2\/categories?post=148565"},{"taxonomy":"post_tag","embeddable":true,"href":"https:\/\/lavozdehellin.com\/noticias\/wp-json\/wp\/v2\/tags?post=148565"}],"curies":[{"name":"wp","href":"https:\/\/api.w.org\/{rel}","templated":true}]}}