{"id":148568,"date":"2023-10-05T17:49:04","date_gmt":"2023-10-05T16:49:04","guid":{"rendered":"https:\/\/lavozdehellin.com\/noticias\/?p=148568"},"modified":"2024-02-26T17:58:10","modified_gmt":"2024-02-26T16:58:10","slug":"v08-265-la-diputacion-de-albacete-pionera-en-el-impulso-al-desarrollo-de-experiencias-turisticas-ligadas-al-sector-primario","status":"publish","type":"post","link":"https:\/\/lavozdehellin.com\/noticias\/v08-265-la-diputacion-de-albacete-pionera-en-el-impulso-al-desarrollo-de-experiencias-turisticas-ligadas-al-sector-primario\/","title":{"rendered":"LVH NOTICIAS | LA DIPUTACI\u00d3N DE ALBACETE, PIONERA EN EL IMPULSO AL DESARROLLO DE EXPERIENCIAS TUR\u00cdSTICAS LIGADAS AL SECTOR PRIMARIO"},"content":{"rendered":"<p style=\"text-align: justify;\">La Diputaci\u00f3n de Albacete est\u00e1 impulsando un ambicioso proyecto de desarrollo de experiencias tur\u00edsticas vinculadas con el sector primario en la Sierra del Segura, en colaboraci\u00f3n con la Secretar\u00eda de Estado de Turismo (SETUR) y la Sociedad Mercantil para la Gesti\u00f3n de la Innovaci\u00f3n y las Tecnolog\u00edas Tur\u00edsticas (SEGITTUR).<\/p>\n<p><!--more--><br \/>\n<!--publicidad-voz01--><a href=\"https:\/\/www.facebook.com\/SoloRadioHellin\/?locale=es_ES\"><img decoding=\"async\" class=\"alignnone size-medium\" src=\"https:\/\/blogger.googleusercontent.com\/img\/b\/R29vZ2xl\/AVvXsEiNncirNnyGedv00mhjZjh5Wl4_YPdJGanoAl8tL8zH-HwqE8uHqjEfSt340RHdx-9tuCSIkZ8rFamZiGyYlgDGxCsmXjCH_1xk5eYM3ntFZRvJP_jndOKR7w1UAo9Tu0vrZyOLfqRpHIxYI5SymJJ-pfGCQw6QVpggBH-UgfjiFQ2JOxqxG0Jx94kW83c\/s1600\/logo-principal.jpg\" width=\"100%\" height=\"100\" \/><\/a><!--bestpublic-voz01--><!--desk-in-out-voz01--><br \/>\n<!--publicidad-voz02--><a href=\"https:\/\/www.hellincf.com\/\"><img decoding=\"async\" class=\"alignnone size-medium\" src=\"https:\/\/blogger.googleusercontent.com\/img\/b\/R29vZ2xl\/AVvXsEhuZ4-XfBVj3UtdP8-RZugy3WVrg-Zv28c53m4oV47qYCxL1rX_dqWX_YddsGSnpH5SRDqZ7bZeKPIfDVCDncpjVlhy3aQs2vojcJBn7Gdv9hC2_Nzct_pRFrnFE1a7KTCdY1bT_kAgnY3-iadRZrGeJf1fR2P5fu11bokx0pWjaypoy-ctwCjklldpEbA\/s1600\/logo-principal7.jpg\" width=\"100%\" height=\"100\" \/><\/a><!--bestpublic-voz02--><!--desk-in-out-voz02--><\/p>\n<p style=\"text-align: justify;\">En concreto, el proyecto busca diversificar y fortalecer la oferta tur\u00edstica en los destinos rurales, al mismo tiempo que apoyar a los productores y productoras del sector primario en la generaci\u00f3n de ingresos complementarios. La iniciativa ha sido dise\u00f1ada para brindar nuevas oportunidades de consumo y atraer a diferentes segmentos de la demanda tur\u00edstica, enriqueciendo as\u00ed la propuesta de valor de los destinos rurales a trav\u00e9s de experiencias gratificantes para los y las visitantes.<br \/>\nProyecto orientado a reducir la estacionalidad atrayendo visitantes todo el a\u00f1o<\/p>\n<p style=\"text-align: justify;\">\u00abEsta colaboraci\u00f3n interinstitucional entre administraciones y actores locales es un ejemplo de c\u00f3mo podemos unir esfuerzos para crear oportunidades de futuro en zonas rurales, donde el sector primario es fundamental\u00bb, ha expuesto el presidente de la instituci\u00f3n provincial, Santi Caba\u00f1ero, que ha participado en las jornadas espec\u00edficas que se han desarrollado este jueves en Elche de la Sierra, contando tambi\u00e9n con la presencia activa de Raquel Ruiz, alcaldesa de la localidad y diputada de Turismo en la Diputaci\u00f3n donde, adem\u00e1s, coordina el \u00c1rea de Desarrollo Rural.<\/p>\n<p style=\"text-align: justify;\">\u00abLa Diputaci\u00f3n de Albacete est\u00e1 comprometida en impulsar el turismo rural y el desarrollo local en la Sierra del Segura, y es un honor ser pioneros en esta iniciativa a nivel provincial\u00bb, ha afirmado Caba\u00f1ero, convencido de que \u00abeste proyecto de experiencias agrotur\u00edsticas diversificar\u00e1 la oferta tur\u00edstica en nuestra provincia, reduciendo la estacionalidad y atrayendo visitantes durante todo el a\u00f1o\u00bb.<\/p>\n<p style=\"text-align: justify;\">Estas jornadas de Elche de la Sierra marcan un hito importante en el proyecto, puesto que sirven de \u2018toma de contacto\u2019 y trabajo conjunto con actores clave, como la Asociaci\u00f3n de Turismo Sierra del Segura, el Grupo de Acci\u00f3n Local Sierra, representantes de las distintas administraciones y empresas de la zona.<\/p>\n<p style=\"text-align: justify;\">Pioneros en Albacete<\/p>\n<p style=\"text-align: justify;\">La Diputaci\u00f3n de Albacete se convierte en la primera entidad provincial en formar parte de esta experiencia destinada a implementar oportunidades agrotur\u00edsticas. Este proyecto se desarrollar\u00e1 en fases, centr\u00e1ndose la primera en la Sierra del Segura con el fin de que sirva de modelo para futuras implementaciones en otras comarcas de la provincia de Albacete y, potencialmente, para otras diputaciones en toda Espa\u00f1a.<\/p>\n<p style=\"text-align: justify;\">Seg\u00fan ha detallado Caba\u00f1ero, \u00abla fase inicial de este proyecto en la Sierra del Segura sienta las bases para su posible expansi\u00f3n a nivel provincial y nacional, estableciendo un modelo de colaboraci\u00f3n interinstitucional y de diversificaci\u00f3n tur\u00edstica \u00fanico en nuestro pa\u00eds\u00bb. Entre los objetivos, se encuentran el formar parte del cat\u00e1logo nacional de experiencias agrotur\u00edsticas, el que los gestores de destinos las integren en su oferta, o que nazcan empresas espec\u00edficas especializadas en la zona.<\/p>\n<p style=\"text-align: justify;\">Diez de las entidades participantes en estas jornadas ser\u00e1n seleccionadas para ser tutorizadas en el proceso de implantaci\u00f3n del proyecto durante los pr\u00f3ximos dos meses, con el objetivo final de que, a finales de diciembre, ya tengan implantadas las experiencias agrotur\u00edsticas para comenzar con su comercializaci\u00f3n.<\/p>\n<p style=\"text-align: justify;\">La estrategia de la Diputaci\u00f3n de Albacete es que, durante el ejercicio de 2024, el proceso se despliegue en el resto del territorio provincial y que, a su vez, sirva de ejemplo para el resto de diputaciones que quieran implantar este proyecto de la mano de Segittur.<\/p>\n<p><!--publicidad-voz03--><a href=\"https:\/\/www.facebook.com\/profile.php?id=100063593791305&amp;locale=es_ES\"><img decoding=\"async\" class=\"alignnone size-medium\" src=\"https:\/\/blogger.googleusercontent.com\/img\/b\/R29vZ2xl\/AVvXsEi8_n_ll8UOcGxCqzFvb_9Io4ICczlGC990BPtPj2w9Px-u7B3oqWUW5vtjZUqPNJ-nyjiUIorE0ATsib_l5tV8BVN-UJ03RTnU__IHJF_4DgDBtY4LIqXNG-FomrO-7ywes20CBCRM2Hcm7EJSh3UUw1dO-c_uTflUrtgY1i7uBRezj_DpympmEFkfbQY\/s1600\/logo-principal2.jpg\" width=\"100%\" height=\"100\" \/><\/a><!--bestpublic-voz03--><!--desk-in-out-voz03--><br \/>\n<!--publicidad-voz04--><a href=\"https:\/\/www.facebook.com\/profile.php?id=61557370768692&amp;locale=es_ES\"><img decoding=\"async\" class=\"alignnone size-medium\" src=\"https:\/\/blogger.googleusercontent.com\/img\/b\/R29vZ2xl\/AVvXsEgy5RdcfffrnrItnYTcV9bCJjgJwldsQLWssfVfrLbyfXeBNTFKgBf0rMIvhrUaGUhiXzVr9_eQgCbi-j63ZDpfTvLIty9w7s140y-m1yHe7eKmEK7v2NAHUJDVYGdfeiQFeRCqUjdwWmN1MX_AUxxz4IVdJ4WIM0APxit8bjWkXzrnEFGqBvW_1F13H1g\/s1600\/logo-principal5.jpg\" width=\"100%\" height=\"100\" \/><\/a><!--bestpublic-voz04--><!--desk-in-out-voz04--><br \/>\n<!--publicidad-voz05--><a href=\"https:\/\/www.facebook.com\/asociaciontamborileroshellin?locale=es_ES\"><img decoding=\"async\" class=\"alignnone size-medium\" src=\"https:\/\/blogger.googleusercontent.com\/img\/b\/R29vZ2xl\/AVvXsEhHEEpZsKK1VpwiYMrS7aE2ujtqIDZoLd4B5wtbiseSU9s2HdTdQfhF84So2XwEB1fv0BLw95GADm6hUl1bkKtzh-eIgVigXONuu_5RxeIMPhjk8q6uNX4EaEHbooKkbu7pCADWPpVJjhKIH5NQSJpWqedC-YBez4QAQeJYokkLot9bhrIaUAeztsGis6M\/s1600\/logo-principal3.jpg\" width=\"100%\" height=\"100\" \/><\/a><!--bestpublic-voz05--><!--desk-in-out-voz05--><br \/>\n<!--publicidad-voz06--><!--bestpublic-voz06--><!--desk-in-out-voz06--><br \/>\n<!--publicidad-voz07--><!--bestpublic-voz07--><!--desk-in-out-voz07--><br \/>\n<!--publicidad-voz08--><!--bestpublic-voz08--><!--desk-in-out-voz08--><br \/>\n<!--publicidad-voz09--><!--bestpublic-voz09--><!--desk-in-out-voz09--><br \/>\n<!--publicidad-voz10--><!--bestpublic-voz10--><!--desk-in-out-voz10--><br \/>\n<!--publicidad-voz11--><!--bestpublic-voz11--><!--desk-in-out-voz11--><br \/>\n<!--publicidad-voz12--><!--bestpublic-voz12--><!--desk-in-out-voz12--><br \/>\n<!--publicidad-voz13--><!--bestpublic-voz13--><!--desk-in-out-voz13--><br \/>\n<!--publicidad-voz14--><!--bestpublic-voz14--><!--desk-in-out-voz14--><br \/>\n<!--publicidad-voz15--><!--bestpublic-voz15--><!--desk-in-out-voz15--><br \/>\n<!--publicidad-voz16--><!--bestpublic-voz16--><!--desk-in-out-voz16--><\/p>\n","protected":false},"excerpt":{"rendered":"<p>La Diputaci\u00f3n de Albacete est\u00e1 impulsando un ambicioso proyecto de desarrollo de experiencias tur\u00edsticas vinculadas con el sector primario en la Sierra del Segura, en colaboraci\u00f3n con la Secretar\u00eda de&#8230;<\/p>\n","protected":false},"author":2,"featured_media":148569,"comment_status":"closed","ping_status":"closed","sticky":false,"template":"","format":"standard","meta":{"footnotes":""},"categories":[753,718,715,716,717],"tags":[],"class_list":["post-148568","post","type-post","status-publish","format-standard","has-post-thumbnail","hentry","category-blog-lv034","category-blogger","category-la-voz-de-hellin","category-la-voz-de-hellin-la-voz-de-hellin","category-noticias"],"_links":{"self":[{"href":"https:\/\/lavozdehellin.com\/noticias\/wp-json\/wp\/v2\/posts\/148568","targetHints":{"allow":["GET"]}}],"collection":[{"href":"https:\/\/lavozdehellin.com\/noticias\/wp-json\/wp\/v2\/posts"}],"about":[{"href":"https:\/\/lavozdehellin.com\/noticias\/wp-json\/wp\/v2\/types\/post"}],"author":[{"embeddable":true,"href":"https:\/\/lavozdehellin.com\/noticias\/wp-json\/wp\/v2\/users\/2"}],"replies":[{"embeddable":true,"href":"https:\/\/lavozdehellin.com\/noticias\/wp-json\/wp\/v2\/comments?post=148568"}],"version-history":[{"count":0,"href":"https:\/\/lavozdehellin.com\/noticias\/wp-json\/wp\/v2\/posts\/148568\/revisions"}],"wp:featuredmedia":[{"embeddable":true,"href":"https:\/\/lavozdehellin.com\/noticias\/wp-json\/wp\/v2\/media\/148569"}],"wp:attachment":[{"href":"https:\/\/lavozdehellin.com\/noticias\/wp-json\/wp\/v2\/media?parent=148568"}],"wp:term":[{"taxonomy":"category","embeddable":true,"href":"https:\/\/lavozdehellin.com\/noticias\/wp-json\/wp\/v2\/categories?post=148568"},{"taxonomy":"post_tag","embeddable":true,"href":"https:\/\/lavozdehellin.com\/noticias\/wp-json\/wp\/v2\/tags?post=148568"}],"curies":[{"name":"wp","href":"https:\/\/api.w.org\/{rel}","templated":true}]}}