{"id":148571,"date":"2023-10-05T15:00:47","date_gmt":"2023-10-05T14:00:47","guid":{"rendered":"https:\/\/lavozdehellin.com\/noticias\/?p=148571"},"modified":"2024-02-26T17:58:10","modified_gmt":"2024-02-26T16:58:10","slug":"v08-264-el-presidente-de-la-diputacion-de-albacete-santi-cabanero-participa-en-el-xi-encuentro-empresarial-de-la-feria-de-hellin","status":"publish","type":"post","link":"https:\/\/lavozdehellin.com\/noticias\/v08-264-el-presidente-de-la-diputacion-de-albacete-santi-cabanero-participa-en-el-xi-encuentro-empresarial-de-la-feria-de-hellin\/","title":{"rendered":"LVH NOTICIAS | EL PRESIDENTE DE LA DIPUTACI\u00d3N DE ALBACETE, SANTI CABA\u00d1ERO, PARTICIPA EN EL XI ENCUENTRO EMPRESARIAL DE LA FERIA DE HELL\u00cdN"},"content":{"rendered":"<p style=\"text-align: justify;\">El presidente provincial, Santi Caba\u00f1ero, acompa\u00f1ado del diputado Jos\u00e9 Antonio G\u00f3mez, ha asistido al XI Encuentro Empresarial celebrado en el marco de la Feria de Hell\u00edn por la Confederaci\u00f3n de Empresarios de Albacete, como gran \u201cpunto de encuentro para el tejido productivo\u201d de la zona.<\/p>\n<p><!--more--><br \/>\n<!--publicidad-voz01--><a href=\"https:\/\/www.facebook.com\/SoloRadioHellin\/?locale=es_ES\"><img decoding=\"async\" class=\"alignnone size-medium\" src=\"https:\/\/blogger.googleusercontent.com\/img\/b\/R29vZ2xl\/AVvXsEiNncirNnyGedv00mhjZjh5Wl4_YPdJGanoAl8tL8zH-HwqE8uHqjEfSt340RHdx-9tuCSIkZ8rFamZiGyYlgDGxCsmXjCH_1xk5eYM3ntFZRvJP_jndOKR7w1UAo9Tu0vrZyOLfqRpHIxYI5SymJJ-pfGCQw6QVpggBH-UgfjiFQ2JOxqxG0Jx94kW83c\/s1600\/logo-principal.jpg\" width=\"100%\" height=\"100\" \/><\/a><!--bestpublic-voz01--><!--desk-in-out-voz01--><br \/>\n<!--publicidad-voz02--><a href=\"https:\/\/www.hellincf.com\/\"><img decoding=\"async\" class=\"alignnone size-medium\" src=\"https:\/\/blogger.googleusercontent.com\/img\/b\/R29vZ2xl\/AVvXsEhuZ4-XfBVj3UtdP8-RZugy3WVrg-Zv28c53m4oV47qYCxL1rX_dqWX_YddsGSnpH5SRDqZ7bZeKPIfDVCDncpjVlhy3aQs2vojcJBn7Gdv9hC2_Nzct_pRFrnFE1a7KTCdY1bT_kAgnY3-iadRZrGeJf1fR2P5fu11bokx0pWjaypoy-ctwCjklldpEbA\/s1600\/logo-principal7.jpg\" width=\"100%\" height=\"100\" \/><\/a><!--bestpublic-voz02--><!--desk-in-out-voz02--><\/p>\n<p style=\"text-align: justify;\">El presidente provincial ha elogiado el talante dialogante que siempre ha caracterizado al colectivo empresarial de la comarca y en el que juega un papel esencial la referencia que FEDA, con su presidente (Artemio P\u00e9rez) al frente (y, en la zona hellinera con Contado D\u00edaz liderando la Junta Local), marca en este sentido de primar el di\u00e1logo social y la colaboraci\u00f3n con otros agentes sociales y administraciones.<\/p>\n<p style=\"text-align: justify;\">As\u00ed, ha destacado la constante comunicaci\u00f3n y cooperaci\u00f3n entre la Diputaci\u00f3n y la Confederaci\u00f3n, mencionando diversas iniciativas en las que colaboran, como el Observatorio para promover la Igualdad en las Relaciones Laborales, el fomento del emprendimiento, los premios para el reconocimiento de la actividad empresarial, la promoci\u00f3n y dinamizaci\u00f3n del comercio local o la lucha contra la econom\u00eda sumergida. Iniciativas que representan una inversi\u00f3n anual de m\u00e1s de 70.000 \u20ac por parte de la Diputaci\u00f3n.<\/p>\n<p style=\"text-align: justify;\">FEDA, aliada hacia la prosperidad econ\u00f3mica, especialmente, en las zonas rurales<\/p>\n<p style=\"text-align: justify;\">Caba\u00f1ero ha subrayado la importancia de apoyar a FEDA como un medio para promover la prosperidad econ\u00f3mica en la provincia, especialmente, en las zonas rurales y menos favorecidas. En este sentido, ha resaltado la necesidad de ahondar en esa necesaria \u2018discriminaci\u00f3n positiva\u2019 para el medio rural y el papel fundamental de la Confederaci\u00f3n en esa apuesta. Algo que cobra especial sentido en materia de emprendimiento femenino, aprovechando el presidente para valorar la colaboraci\u00f3n entre la Diputaci\u00f3n y FEDA para impulsarlo, con la creaci\u00f3n de premios especiales destinados a mujeres que pongan en marcha negocios en n\u00facleos poblacionales con menos de 5.000 habitantes porque, \u00abadem\u00e1s de fijar poblaci\u00f3n, los emprendimientos liderados por mujeres tienen mejores indicadores de supervivencia empresarial\u00bb.<\/p>\n<p style=\"text-align: justify;\">Tambi\u00e9n ha elogiado el Programa de Apoyo al Emprendimiento \u2018Sherpa\u2019, impulsado por la Confederaci\u00f3n de Empresarios de Albacete y la Diputaci\u00f3n, que ha tenido un impacto significativo en el fomento del emprendimiento en la provincia; una iniciativa que acaba de comenzar su 11\u00aa edici\u00f3n con hasta doce localidades representadas en los 25 proyectos proyectos participantes, tres de ellos, radicados en el territorio hellinero (que viene demostrando su pujanza empresarial, estando siempre entre los mejores proyectos del programa).<\/p>\n<p style=\"text-align: justify;\">Felicitaci\u00f3n a empresas reconocidas por su aportaci\u00f3n al impulso empresarial de Hell\u00edn<\/p>\n<p style=\"text-align: justify;\">El m\u00e1ximo responsable provincial ha felicitado a las personas y empresas que han sido reconocidas en este siempre emotivo encuentro, agradeci\u00e9ndoles su trayectoria y destacando su contribuci\u00f3n a la hora de hacer posible no s\u00f3lo que Hell\u00edn, la comarca y la provincia avancen, sino que muchas familias cumplan sus sue\u00f1os a trav\u00e9s de las oportunidades laborales que su actividad empresarial representa.<\/p>\n<p style=\"text-align: justify;\">En el evento, Antonio Molina Rodas (de Patatas Rodas) ha recibido el reconocimiento como Empresa Tradicional de Hell\u00edn desde 1972; la empresa Riegos de Levante Hell\u00edn, S.L., ha sido homenajeada por su aportaci\u00f3n al tejido empresarial hellinero; y la empresa Fr\u00edo Albatana, S.L., ha sido distinguida con un reconocimiento por su crecimiento empresarial en Hell\u00edn y Comarca.<\/p>\n<p style=\"text-align: justify;\">Una cita que, tanto el presidente provincial como el diputado, han tenido ocasi\u00f3n de compartir con diversos representantes empresariales e institucionales.<\/p>\n<p><!--publicidad-voz03--><a href=\"https:\/\/www.facebook.com\/profile.php?id=100063593791305&amp;locale=es_ES\"><img decoding=\"async\" class=\"alignnone size-medium\" src=\"https:\/\/blogger.googleusercontent.com\/img\/b\/R29vZ2xl\/AVvXsEi8_n_ll8UOcGxCqzFvb_9Io4ICczlGC990BPtPj2w9Px-u7B3oqWUW5vtjZUqPNJ-nyjiUIorE0ATsib_l5tV8BVN-UJ03RTnU__IHJF_4DgDBtY4LIqXNG-FomrO-7ywes20CBCRM2Hcm7EJSh3UUw1dO-c_uTflUrtgY1i7uBRezj_DpympmEFkfbQY\/s1600\/logo-principal2.jpg\" width=\"100%\" height=\"100\" \/><\/a><!--bestpublic-voz03--><!--desk-in-out-voz03--><br \/>\n<!--publicidad-voz04--><a href=\"https:\/\/www.facebook.com\/profile.php?id=61557370768692&amp;locale=es_ES\"><img decoding=\"async\" class=\"alignnone size-medium\" src=\"https:\/\/blogger.googleusercontent.com\/img\/b\/R29vZ2xl\/AVvXsEgy5RdcfffrnrItnYTcV9bCJjgJwldsQLWssfVfrLbyfXeBNTFKgBf0rMIvhrUaGUhiXzVr9_eQgCbi-j63ZDpfTvLIty9w7s140y-m1yHe7eKmEK7v2NAHUJDVYGdfeiQFeRCqUjdwWmN1MX_AUxxz4IVdJ4WIM0APxit8bjWkXzrnEFGqBvW_1F13H1g\/s1600\/logo-principal5.jpg\" width=\"100%\" height=\"100\" \/><\/a><!--bestpublic-voz04--><!--desk-in-out-voz04--><br \/>\n<!--publicidad-voz05--><a href=\"https:\/\/www.facebook.com\/asociaciontamborileroshellin?locale=es_ES\"><img decoding=\"async\" class=\"alignnone size-medium\" src=\"https:\/\/blogger.googleusercontent.com\/img\/b\/R29vZ2xl\/AVvXsEhHEEpZsKK1VpwiYMrS7aE2ujtqIDZoLd4B5wtbiseSU9s2HdTdQfhF84So2XwEB1fv0BLw95GADm6hUl1bkKtzh-eIgVigXONuu_5RxeIMPhjk8q6uNX4EaEHbooKkbu7pCADWPpVJjhKIH5NQSJpWqedC-YBez4QAQeJYokkLot9bhrIaUAeztsGis6M\/s1600\/logo-principal3.jpg\" width=\"100%\" height=\"100\" \/><\/a><!--bestpublic-voz05--><!--desk-in-out-voz05--><br \/>\n<!--publicidad-voz06--><!--bestpublic-voz06--><!--desk-in-out-voz06--><br \/>\n<!--publicidad-voz07--><!--bestpublic-voz07--><!--desk-in-out-voz07--><br \/>\n<!--publicidad-voz08--><!--bestpublic-voz08--><!--desk-in-out-voz08--><br \/>\n<!--publicidad-voz09--><!--bestpublic-voz09--><!--desk-in-out-voz09--><br \/>\n<!--publicidad-voz10--><!--bestpublic-voz10--><!--desk-in-out-voz10--><br \/>\n<!--publicidad-voz11--><!--bestpublic-voz11--><!--desk-in-out-voz11--><br \/>\n<!--publicidad-voz12--><!--bestpublic-voz12--><!--desk-in-out-voz12--><br \/>\n<!--publicidad-voz13--><!--bestpublic-voz13--><!--desk-in-out-voz13--><br \/>\n<!--publicidad-voz14--><!--bestpublic-voz14--><!--desk-in-out-voz14--><br \/>\n<!--publicidad-voz15--><!--bestpublic-voz15--><!--desk-in-out-voz15--><br \/>\n<!--publicidad-voz16--><!--bestpublic-voz16--><!--desk-in-out-voz16--><\/p>\n","protected":false},"excerpt":{"rendered":"<p>El presidente provincial, Santi Caba\u00f1ero, acompa\u00f1ado del diputado Jos\u00e9 Antonio G\u00f3mez, ha asistido al XI Encuentro Empresarial celebrado en el marco de la Feria de Hell\u00edn por la Confederaci\u00f3n de&#8230;<\/p>\n","protected":false},"author":2,"featured_media":148572,"comment_status":"closed","ping_status":"closed","sticky":false,"template":"","format":"standard","meta":{"footnotes":""},"categories":[753,718,715,716,717],"tags":[],"class_list":["post-148571","post","type-post","status-publish","format-standard","has-post-thumbnail","hentry","category-blog-lv034","category-blogger","category-la-voz-de-hellin","category-la-voz-de-hellin-la-voz-de-hellin","category-noticias"],"_links":{"self":[{"href":"https:\/\/lavozdehellin.com\/noticias\/wp-json\/wp\/v2\/posts\/148571","targetHints":{"allow":["GET"]}}],"collection":[{"href":"https:\/\/lavozdehellin.com\/noticias\/wp-json\/wp\/v2\/posts"}],"about":[{"href":"https:\/\/lavozdehellin.com\/noticias\/wp-json\/wp\/v2\/types\/post"}],"author":[{"embeddable":true,"href":"https:\/\/lavozdehellin.com\/noticias\/wp-json\/wp\/v2\/users\/2"}],"replies":[{"embeddable":true,"href":"https:\/\/lavozdehellin.com\/noticias\/wp-json\/wp\/v2\/comments?post=148571"}],"version-history":[{"count":0,"href":"https:\/\/lavozdehellin.com\/noticias\/wp-json\/wp\/v2\/posts\/148571\/revisions"}],"wp:featuredmedia":[{"embeddable":true,"href":"https:\/\/lavozdehellin.com\/noticias\/wp-json\/wp\/v2\/media\/148572"}],"wp:attachment":[{"href":"https:\/\/lavozdehellin.com\/noticias\/wp-json\/wp\/v2\/media?parent=148571"}],"wp:term":[{"taxonomy":"category","embeddable":true,"href":"https:\/\/lavozdehellin.com\/noticias\/wp-json\/wp\/v2\/categories?post=148571"},{"taxonomy":"post_tag","embeddable":true,"href":"https:\/\/lavozdehellin.com\/noticias\/wp-json\/wp\/v2\/tags?post=148571"}],"curies":[{"name":"wp","href":"https:\/\/api.w.org\/{rel}","templated":true}]}}