{"id":148574,"date":"2023-10-05T12:01:22","date_gmt":"2023-10-05T11:01:22","guid":{"rendered":"https:\/\/lavozdehellin.com\/noticias\/?p=148574"},"modified":"2024-02-26T17:58:11","modified_gmt":"2024-02-26T16:58:11","slug":"v08-263-jose-gonzalez-y-jose-antonio-calvo-toman-posesion-como-diputados-del-grupo-socialista-en-el-gobierno-de-la-diputacion","status":"publish","type":"post","link":"https:\/\/lavozdehellin.com\/noticias\/v08-263-jose-gonzalez-y-jose-antonio-calvo-toman-posesion-como-diputados-del-grupo-socialista-en-el-gobierno-de-la-diputacion\/","title":{"rendered":"LVH NOTICIAS | JOS\u00c9 GONZ\u00c1LEZ Y JOS\u00c9 ANTONIO CALVO TOMAN POSESI\u00d3N COMO DIPUTADOS DEL GRUPO SOCIALISTA EN EL GOBIERNO DE LA DIPUTACI\u00d3N"},"content":{"rendered":"<p style=\"text-align: justify;\">El gobierno de la Diputaci\u00f3n de Albacete, presidido por Santi Caba\u00f1ero, ha incorporado formalmente a sus filas a Jos\u00e9 Gonz\u00e1lez Mart\u00ednez (concejal en el Ayuntamiento de Albacete y alcalde ped\u00e1neo de Tinajeros) y a Jos\u00e9 Antonio Calvo Requena (edil en el consistorio de Munera).<\/p>\n<p><!--more--><br \/>\n<!--publicidad-voz01--><a href=\"https:\/\/www.facebook.com\/SoloRadioHellin\/?locale=es_ES\"><img decoding=\"async\" class=\"alignnone size-medium\" src=\"https:\/\/blogger.googleusercontent.com\/img\/b\/R29vZ2xl\/AVvXsEiNncirNnyGedv00mhjZjh5Wl4_YPdJGanoAl8tL8zH-HwqE8uHqjEfSt340RHdx-9tuCSIkZ8rFamZiGyYlgDGxCsmXjCH_1xk5eYM3ntFZRvJP_jndOKR7w1UAo9Tu0vrZyOLfqRpHIxYI5SymJJ-pfGCQw6QVpggBH-UgfjiFQ2JOxqxG0Jx94kW83c\/s1600\/logo-principal.jpg\" width=\"100%\" height=\"100\" \/><\/a><!--bestpublic-voz01--><!--desk-in-out-voz01--><br \/>\n<!--publicidad-voz02--><a href=\"https:\/\/www.hellincf.com\/\"><img decoding=\"async\" class=\"alignnone size-medium\" src=\"https:\/\/blogger.googleusercontent.com\/img\/b\/R29vZ2xl\/AVvXsEhuZ4-XfBVj3UtdP8-RZugy3WVrg-Zv28c53m4oV47qYCxL1rX_dqWX_YddsGSnpH5SRDqZ7bZeKPIfDVCDncpjVlhy3aQs2vojcJBn7Gdv9hC2_Nzct_pRFrnFE1a7KTCdY1bT_kAgnY3-iadRZrGeJf1fR2P5fu11bokx0pWjaypoy-ctwCjklldpEbA\/s1600\/logo-principal7.jpg\" width=\"100%\" height=\"100\" \/><\/a><!--bestpublic-voz02--><!--desk-in-out-voz02--><\/p>\n<p style=\"text-align: justify;\">Ambos han tomado posesi\u00f3n de sus cargos en la sesi\u00f3n plenaria ordinaria celebrada este jueves en la instituci\u00f3n, pasando a ocupar los puestos de Juani Garc\u00eda Victoria y Juan Ram\u00f3n Amores que, la pasada semana, renunciaban a sus actas para ejercer como delegada provincial de Sanidad y senador por designaci\u00f3n auton\u00f3mica, respectivamente.<\/p>\n<p style=\"text-align: justify;\">Previamente a esta toma de posesi\u00f3n, la Junta Electoral de Zona de Albacete y de La Roda hab\u00edan emitido sendas credenciales. En el caso de Jos\u00e9 Gonz\u00e1lez Mart\u00ednez, como el primer suplente propuesto en su d\u00eda por el PSOE en el partido judicial de Albacete. En el caso de Jos\u00e9 Antonio Calvo Requena, como el segundo suplente propuesto por el PSOE en el partido judicial de La Roda (tras haber renunciado al acta la primera suplente, Mar\u00eda Victoria Leal Utiel).<\/p>\n<p style=\"text-align: justify;\">Emocionados, ambos han llegado a su primera sesi\u00f3n plenaria con fuerzas y con muchas ganas de asumir esta gran responsabilidad de representaci\u00f3n y gesti\u00f3n provincial. Santi Caba\u00f1ero se ha mostrado convencido de su buen hacer y de que, en ambos, la ciudadan\u00eda de Albacete va a encontrar a dos grandes servidores p\u00fablicos y, sobre todo, a dos buenas personas, dese\u00e1ndoles \u201csuerte y muchos \u00e9xitos\u201d en esta etapa.<\/p>\n<p style=\"text-align: justify;\">Una tarea que, tras la sesi\u00f3n, Jos\u00e9 Gonz\u00e1lez ha explicado asumir \u201cagradecido, por tener la oportunidad de representar, no s\u00f3lo como hasta ahora al Ayuntamiento de Albacete sino a toda la provincia, entendiendo que la Diputaci\u00f3n es una de las instituciones m\u00e1s importantes que tenemos por su sentido de solidaridad y de igualdad con los pueblos y con el mundo rural; estoy muy orgulloso de poder formar parte de ella\u201d.<\/p>\n<p style=\"text-align: justify;\">Por su parte, Jos\u00e9 Antonio Calvo ha manifestado recoger este \u2018testigo\u2019 \u201ccon nerviosismo por ocupar este cargo, pero muy ilusionado por trabajar por la provincia, por representar a Munera dentro de la Diputaci\u00f3n y por trabajar por todos los municipios, especialmente, por los peque\u00f1os\u201d.<\/p>\n<p style=\"text-align: justify;\">Minuto de silencio por un nuevo caso de violencia machista en C-LM<\/p>\n<p style=\"text-align: justify;\">Como viene sucediendo en cada sesi\u00f3n posterior a un caso de violencia de g\u00e9nero en Castilla-La Mancha, el pleno ha comenzado, a instancias de Caba\u00f1ero, con un minuto de silencio en se\u00f1al de condolencia y respeto hacia los seres queridos de la v\u00edctima, y en su propio recuerdo.<\/p>\n<p style=\"text-align: justify;\">Como ha se\u00f1alado el presidente, Sandra ten\u00eda 41 a\u00f1os y fue atropellada por su marido el pasado jueves en la localidad toledana de Val de Santo Domingo, siendo confirmado por la Delegaci\u00f3n del Gobierno Contra la Violencia de G\u00e9nero como un crimen machista.<\/p>\n<p style=\"text-align: justify;\">Con el suyo, eran 50 los casos confirmados de mujeres asesinadas por sus parejas o exparejas en lo que va de 2023 en Espa\u00f1a. Una lacra a la que el gobierno provincial de Albacete, y el conjunto de la Corporaci\u00f3n, ha reiterado un claro y rotundo \u2018no\u2019.<br \/>\nMociones<\/p>\n<p style=\"text-align: justify;\">Con trece puntos en el orden del d\u00eda, la parte final de la sesi\u00f3n plenaria ha estado protagonizada por las Mociones. La primera de ellas fue presentada para el pleno anterior por parte del Grupo Popular, que decidi\u00f3 finalmente retrasar su debate y votaci\u00f3n.<\/p>\n<p style=\"text-align: justify;\">Ha sido este jueves cuando se ha recuperado dicha propuesta, consistente en instaurar la celebraci\u00f3n anual del \u2018D\u00eda de la Provincia de Albacete\u2019, saliendo adelante por unanimidad. En nombre del Equipo de Gobierno, su vicepresidente (y portavoz del Grupo Socialista) ha explicado que la iniciativa ser\u00eda una buena oportunidad para fomentar el sentimiento de pertenencia e identidad, contribuyendo su car\u00e1cter rotatorio a una mayor cohesi\u00f3n social y participaci\u00f3n de las localidades que vayan acogiendo su celebraci\u00f3n.<\/p>\n<p style=\"text-align: justify;\">A falta de definirse lo detalles relativos a fechas (si bien Valera ha se\u00f1alado la posibilidad de se\u00f1alar noviembre, cuando tuvo lugar la instalaci\u00f3n de la Diputaci\u00f3n en 1835) y a posibles contenidos, desde el grupo encabezado por Caba\u00f1ero se ha apuntado la conveniencia de dar todav\u00eda un mayor esplendor al acto aprovech\u00e1ndolo para reconocer, en \u00e9l, a personas y entidades cuyo papel sea clave para el territorio, por ejemplo, mediante la entrega de la Medalla de Oro de la Provincia.<\/p>\n<p style=\"text-align: justify;\">No se ha aprobado la segunda de las Mociones planteadas por el Grupo Popular, \u2018contra la tramitaci\u00f3n de una ley de amnist\u00eda\u2019. Sobre este punto, Valera ha sido contundente manifestando que, como reflejan en textos como estos, en el PP \u201cdisfrazan la realidad parlamentaria y electoral\u201d.<\/p>\n<p><!--publicidad-voz03--><a href=\"https:\/\/www.facebook.com\/profile.php?id=100063593791305&amp;locale=es_ES\"><img decoding=\"async\" class=\"alignnone size-medium\" src=\"https:\/\/blogger.googleusercontent.com\/img\/b\/R29vZ2xl\/AVvXsEi8_n_ll8UOcGxCqzFvb_9Io4ICczlGC990BPtPj2w9Px-u7B3oqWUW5vtjZUqPNJ-nyjiUIorE0ATsib_l5tV8BVN-UJ03RTnU__IHJF_4DgDBtY4LIqXNG-FomrO-7ywes20CBCRM2Hcm7EJSh3UUw1dO-c_uTflUrtgY1i7uBRezj_DpympmEFkfbQY\/s1600\/logo-principal2.jpg\" width=\"100%\" height=\"100\" \/><\/a><!--bestpublic-voz03--><!--desk-in-out-voz03--><br \/>\n<!--publicidad-voz04--><a href=\"https:\/\/www.facebook.com\/profile.php?id=61557370768692&amp;locale=es_ES\"><img decoding=\"async\" class=\"alignnone size-medium\" src=\"https:\/\/blogger.googleusercontent.com\/img\/b\/R29vZ2xl\/AVvXsEgy5RdcfffrnrItnYTcV9bCJjgJwldsQLWssfVfrLbyfXeBNTFKgBf0rMIvhrUaGUhiXzVr9_eQgCbi-j63ZDpfTvLIty9w7s140y-m1yHe7eKmEK7v2NAHUJDVYGdfeiQFeRCqUjdwWmN1MX_AUxxz4IVdJ4WIM0APxit8bjWkXzrnEFGqBvW_1F13H1g\/s1600\/logo-principal5.jpg\" width=\"100%\" height=\"100\" \/><\/a><!--bestpublic-voz04--><!--desk-in-out-voz04--><br \/>\n<!--publicidad-voz05--><a href=\"https:\/\/www.facebook.com\/asociaciontamborileroshellin?locale=es_ES\"><img decoding=\"async\" class=\"alignnone size-medium\" src=\"https:\/\/blogger.googleusercontent.com\/img\/b\/R29vZ2xl\/AVvXsEhHEEpZsKK1VpwiYMrS7aE2ujtqIDZoLd4B5wtbiseSU9s2HdTdQfhF84So2XwEB1fv0BLw95GADm6hUl1bkKtzh-eIgVigXONuu_5RxeIMPhjk8q6uNX4EaEHbooKkbu7pCADWPpVJjhKIH5NQSJpWqedC-YBez4QAQeJYokkLot9bhrIaUAeztsGis6M\/s1600\/logo-principal3.jpg\" width=\"100%\" height=\"100\" \/><\/a><!--bestpublic-voz05--><!--desk-in-out-voz05--><br \/>\n<!--publicidad-voz06--><!--bestpublic-voz06--><!--desk-in-out-voz06--><br \/>\n<!--publicidad-voz07--><!--bestpublic-voz07--><!--desk-in-out-voz07--><br \/>\n<!--publicidad-voz08--><!--bestpublic-voz08--><!--desk-in-out-voz08--><br \/>\n<!--publicidad-voz09--><!--bestpublic-voz09--><!--desk-in-out-voz09--><br \/>\n<!--publicidad-voz10--><!--bestpublic-voz10--><!--desk-in-out-voz10--><br \/>\n<!--publicidad-voz11--><!--bestpublic-voz11--><!--desk-in-out-voz11--><br \/>\n<!--publicidad-voz12--><!--bestpublic-voz12--><!--desk-in-out-voz12--><br \/>\n<!--publicidad-voz13--><!--bestpublic-voz13--><!--desk-in-out-voz13--><br \/>\n<!--publicidad-voz14--><!--bestpublic-voz14--><!--desk-in-out-voz14--><br \/>\n<!--publicidad-voz15--><!--bestpublic-voz15--><!--desk-in-out-voz15--><br \/>\n<!--publicidad-voz16--><!--bestpublic-voz16--><!--desk-in-out-voz16--><\/p>\n","protected":false},"excerpt":{"rendered":"<p>El gobierno de la Diputaci\u00f3n de Albacete, presidido por Santi Caba\u00f1ero, ha incorporado formalmente a sus filas a Jos\u00e9 Gonz\u00e1lez Mart\u00ednez (concejal en el Ayuntamiento de Albacete y alcalde ped\u00e1neo&#8230;<\/p>\n","protected":false},"author":2,"featured_media":148575,"comment_status":"closed","ping_status":"closed","sticky":false,"template":"","format":"standard","meta":{"footnotes":""},"categories":[753,718,715,716,717],"tags":[],"class_list":["post-148574","post","type-post","status-publish","format-standard","has-post-thumbnail","hentry","category-blog-lv034","category-blogger","category-la-voz-de-hellin","category-la-voz-de-hellin-la-voz-de-hellin","category-noticias"],"_links":{"self":[{"href":"https:\/\/lavozdehellin.com\/noticias\/wp-json\/wp\/v2\/posts\/148574","targetHints":{"allow":["GET"]}}],"collection":[{"href":"https:\/\/lavozdehellin.com\/noticias\/wp-json\/wp\/v2\/posts"}],"about":[{"href":"https:\/\/lavozdehellin.com\/noticias\/wp-json\/wp\/v2\/types\/post"}],"author":[{"embeddable":true,"href":"https:\/\/lavozdehellin.com\/noticias\/wp-json\/wp\/v2\/users\/2"}],"replies":[{"embeddable":true,"href":"https:\/\/lavozdehellin.com\/noticias\/wp-json\/wp\/v2\/comments?post=148574"}],"version-history":[{"count":0,"href":"https:\/\/lavozdehellin.com\/noticias\/wp-json\/wp\/v2\/posts\/148574\/revisions"}],"wp:featuredmedia":[{"embeddable":true,"href":"https:\/\/lavozdehellin.com\/noticias\/wp-json\/wp\/v2\/media\/148575"}],"wp:attachment":[{"href":"https:\/\/lavozdehellin.com\/noticias\/wp-json\/wp\/v2\/media?parent=148574"}],"wp:term":[{"taxonomy":"category","embeddable":true,"href":"https:\/\/lavozdehellin.com\/noticias\/wp-json\/wp\/v2\/categories?post=148574"},{"taxonomy":"post_tag","embeddable":true,"href":"https:\/\/lavozdehellin.com\/noticias\/wp-json\/wp\/v2\/tags?post=148574"}],"curies":[{"name":"wp","href":"https:\/\/api.w.org\/{rel}","templated":true}]}}