{"id":148577,"date":"2023-10-04T19:36:11","date_gmt":"2023-10-04T18:36:11","guid":{"rendered":"https:\/\/lavozdehellin.com\/noticias\/?p=148577"},"modified":"2024-02-26T17:58:11","modified_gmt":"2024-02-26T16:58:11","slug":"v08-262-la-diputacion-de-albacete-suma-un-importante-apoyo-logistico-a-la-segunda-edicion-nocturna-de-la-10k-de-albacete-que-recorre-la-capital-este-sabado","status":"publish","type":"post","link":"https:\/\/lavozdehellin.com\/noticias\/v08-262-la-diputacion-de-albacete-suma-un-importante-apoyo-logistico-a-la-segunda-edicion-nocturna-de-la-10k-de-albacete-que-recorre-la-capital-este-sabado\/","title":{"rendered":"LVH NOTICIAS | LA DIPUTACI\u00d3N DE ALBACETE SUMA \u201cUN IMPORTANTE APOYO LOG\u00cdSTICO\u201d A LA SEGUNDA EDICI\u00d3N NOCTURNA DE LA 10K DE ALBACETE, QUE RECORRE LA CAPITAL ESTE S\u00c1BADO"},"content":{"rendered":"<p style=\"text-align: justify;\">El diputado provincial de Deportes, Dani Sancha, ha participado este mi\u00e9rcoles en la presentaci\u00f3n de la V carrera 10k Albacete que se celebrar\u00e1 el pr\u00f3ximo s\u00e1bado 7 de octubre, convertida en la segunda edici\u00f3n que recorrer\u00e1 la capital en horario nocturno, sumando un atractivo extra a esta prueba incluida en el 22\u00ba Circuito Provincial de Carreras Populares de la Diputaci\u00f3n de Albacete.<\/p>\n<p><!--more--><br \/>\n<!--publicidad-voz01--><a href=\"https:\/\/www.facebook.com\/SoloRadioHellin\/?locale=es_ES\"><img decoding=\"async\" class=\"alignnone size-medium\" src=\"https:\/\/blogger.googleusercontent.com\/img\/b\/R29vZ2xl\/AVvXsEiNncirNnyGedv00mhjZjh5Wl4_YPdJGanoAl8tL8zH-HwqE8uHqjEfSt340RHdx-9tuCSIkZ8rFamZiGyYlgDGxCsmXjCH_1xk5eYM3ntFZRvJP_jndOKR7w1UAo9Tu0vrZyOLfqRpHIxYI5SymJJ-pfGCQw6QVpggBH-UgfjiFQ2JOxqxG0Jx94kW83c\/s1600\/logo-principal.jpg\" width=\"100%\" height=\"100\" \/><\/a><!--bestpublic-voz01--><!--desk-in-out-voz01--><br \/>\n<!--publicidad-voz02--><a href=\"https:\/\/www.hellincf.com\/\"><img decoding=\"async\" class=\"alignnone size-medium\" src=\"https:\/\/blogger.googleusercontent.com\/img\/b\/R29vZ2xl\/AVvXsEhuZ4-XfBVj3UtdP8-RZugy3WVrg-Zv28c53m4oV47qYCxL1rX_dqWX_YddsGSnpH5SRDqZ7bZeKPIfDVCDncpjVlhy3aQs2vojcJBn7Gdv9hC2_Nzct_pRFrnFE1a7KTCdY1bT_kAgnY3-iadRZrGeJf1fR2P5fu11bokx0pWjaypoy-ctwCjklldpEbA\/s1600\/logo-principal7.jpg\" width=\"100%\" height=\"100\" \/><\/a><!--bestpublic-voz02--><!--desk-in-out-voz02--><\/p>\n<p style=\"text-align: justify;\">Junto al alcalde de la ciudad, Manuel Serrano, y al concejal del \u00e1rea, Francisco Villaescusa, as\u00ed como a representantes de las entidades privadas colaboradoras y a responsables de los Cuerpos y Fuerzas de Seguridad participantes, Sancha ha tendido la mano de la Diputaci\u00f3n al Ayuntamiento de Albacete y al resto de consistorios de la provincia para seguir trabajando con el objetivo compartido de que esta ciudad y este territorio sigan siendo un referente deportivo. \u201cVamos a trabajar conjuntamente, a pensar a lo grande para atraer los mejores eventos deportivos a Albacete y a la provincia\u201d, ha afirmado.<\/p>\n<p style=\"text-align: justify;\">Adem\u00e1s, el diputado ha subrayado que para la instituci\u00f3n que preside Santi Caba\u00f1ero es un placer colaborar activamente, una edici\u00f3n m\u00e1s, en el desarrollo de esta 10K, \u201cuna aut\u00e9ntica fiesta del atletismo provincial en pleno coraz\u00f3n de la capital\u201d, con una importante participaci\u00f3n de atletas de diferentes puntos de la geograf\u00eda albacetense.<\/p>\n<p style=\"text-align: justify;\">De hecho, la Diputaci\u00f3n ha realizado un esfuerzo extra, valorado en unos 6.000\u20ac, para contribuir de forma activa a su desarrollo, colaborando en aspectos organizativos y log\u00edsticos (cronometraje, gesti\u00f3n de inscripciones, servicio especial de dorsales para pruebas numerosas, sonido, podio\u2026), y tambi\u00e9n con la carteler\u00eda a trav\u00e9s de su Imprenta Provincial.<\/p>\n<p style=\"text-align: justify;\">Asimismo, esta prueba incluye el servicio de ludoteca de la mano de la Unidad de Igualdad de la Diputaci\u00f3n, que est\u00e1 a disposici\u00f3n de los y las deportistas en las diferentes pruebas de Circuitos Provinciales desde 2022, y que en esta carrera ya cuenta con unos 70 ni\u00f1os y ni\u00f1as inscritos.<\/p>\n<p style=\"text-align: justify;\">Felicitado al Instituto Municipal del Deporte (IMD) por el gran trabajo que realiza para poner en marcha cada a\u00f1o esta prueba, el diputado de Deportes ha subrayado que esta carrera en s\u00f3lo cuatro ediciones se est\u00e1 consolidando en el calendario deportivo provincial con gran \u00e9xito, \u201ca la que el apellido nocturno le ha sentado muy bien\u201d, y pr\u00e1cticamente tres semanas antes de la prueba se alcanz\u00f3 la cifra m\u00e1xima de inscritos, 2.500 personas.<\/p>\n<p style=\"text-align: justify;\">Una prueba con novedades<\/p>\n<p style=\"text-align: justify;\">Por su parte, el alcalde de la ciudad, Manuel Serrano, ha reiterado la apuesta decidida del Ayuntamiento por el deporte durante la presentaci\u00f3n de \u201cuno de los eventos deportivos m\u00e1s esperados por los corredores del panorama nacional y local\u201d, y ha avanzado las novedades que incorpora esta edici\u00f3n, en la que el mismo d\u00eda de la prueba se pondr\u00e1n a la venta 100 dorsales m\u00e1s.<\/p>\n<p style=\"text-align: justify;\">Ha detallado que esta carrera contar\u00e1 con un arco y un pasillo de meta con luces, cortes\u00eda de Ingeteam, con la Feria del Corredor en la Caseta de Los Jardinillos o la presencia de un helic\u00f3ptero de la Guardia Civil en la zona donde se suele instalar la noria.<\/p>\n<p><!--publicidad-voz03--><a href=\"https:\/\/www.facebook.com\/profile.php?id=100063593791305&amp;locale=es_ES\"><img decoding=\"async\" class=\"alignnone size-medium\" src=\"https:\/\/blogger.googleusercontent.com\/img\/b\/R29vZ2xl\/AVvXsEi8_n_ll8UOcGxCqzFvb_9Io4ICczlGC990BPtPj2w9Px-u7B3oqWUW5vtjZUqPNJ-nyjiUIorE0ATsib_l5tV8BVN-UJ03RTnU__IHJF_4DgDBtY4LIqXNG-FomrO-7ywes20CBCRM2Hcm7EJSh3UUw1dO-c_uTflUrtgY1i7uBRezj_DpympmEFkfbQY\/s1600\/logo-principal2.jpg\" width=\"100%\" height=\"100\" \/><\/a><!--bestpublic-voz03--><!--desk-in-out-voz03--><br \/>\n<!--publicidad-voz04--><a href=\"https:\/\/www.facebook.com\/profile.php?id=61557370768692&amp;locale=es_ES\"><img decoding=\"async\" class=\"alignnone size-medium\" src=\"https:\/\/blogger.googleusercontent.com\/img\/b\/R29vZ2xl\/AVvXsEgy5RdcfffrnrItnYTcV9bCJjgJwldsQLWssfVfrLbyfXeBNTFKgBf0rMIvhrUaGUhiXzVr9_eQgCbi-j63ZDpfTvLIty9w7s140y-m1yHe7eKmEK7v2NAHUJDVYGdfeiQFeRCqUjdwWmN1MX_AUxxz4IVdJ4WIM0APxit8bjWkXzrnEFGqBvW_1F13H1g\/s1600\/logo-principal5.jpg\" width=\"100%\" height=\"100\" \/><\/a><!--bestpublic-voz04--><!--desk-in-out-voz04--><br \/>\n<!--publicidad-voz05--><a href=\"https:\/\/www.facebook.com\/asociaciontamborileroshellin?locale=es_ES\"><img decoding=\"async\" class=\"alignnone size-medium\" src=\"https:\/\/blogger.googleusercontent.com\/img\/b\/R29vZ2xl\/AVvXsEhHEEpZsKK1VpwiYMrS7aE2ujtqIDZoLd4B5wtbiseSU9s2HdTdQfhF84So2XwEB1fv0BLw95GADm6hUl1bkKtzh-eIgVigXONuu_5RxeIMPhjk8q6uNX4EaEHbooKkbu7pCADWPpVJjhKIH5NQSJpWqedC-YBez4QAQeJYokkLot9bhrIaUAeztsGis6M\/s1600\/logo-principal3.jpg\" width=\"100%\" height=\"100\" \/><\/a><!--bestpublic-voz05--><!--desk-in-out-voz05--><br \/>\n<!--publicidad-voz06--><!--bestpublic-voz06--><!--desk-in-out-voz06--><br \/>\n<!--publicidad-voz07--><!--bestpublic-voz07--><!--desk-in-out-voz07--><br \/>\n<!--publicidad-voz08--><!--bestpublic-voz08--><!--desk-in-out-voz08--><br \/>\n<!--publicidad-voz09--><!--bestpublic-voz09--><!--desk-in-out-voz09--><br \/>\n<!--publicidad-voz10--><!--bestpublic-voz10--><!--desk-in-out-voz10--><br \/>\n<!--publicidad-voz11--><!--bestpublic-voz11--><!--desk-in-out-voz11--><br \/>\n<!--publicidad-voz12--><!--bestpublic-voz12--><!--desk-in-out-voz12--><br \/>\n<!--publicidad-voz13--><!--bestpublic-voz13--><!--desk-in-out-voz13--><br \/>\n<!--publicidad-voz14--><!--bestpublic-voz14--><!--desk-in-out-voz14--><br \/>\n<!--publicidad-voz15--><!--bestpublic-voz15--><!--desk-in-out-voz15--><br \/>\n<!--publicidad-voz16--><!--bestpublic-voz16--><!--desk-in-out-voz16--><\/p>\n","protected":false},"excerpt":{"rendered":"<p>El diputado provincial de Deportes, Dani Sancha, ha participado este mi\u00e9rcoles en la presentaci\u00f3n de la V carrera 10k Albacete que se celebrar\u00e1 el pr\u00f3ximo s\u00e1bado 7 de octubre, convertida&#8230;<\/p>\n","protected":false},"author":2,"featured_media":148578,"comment_status":"closed","ping_status":"closed","sticky":false,"template":"","format":"standard","meta":{"footnotes":""},"categories":[753,718,715,716,717],"tags":[],"class_list":["post-148577","post","type-post","status-publish","format-standard","has-post-thumbnail","hentry","category-blog-lv034","category-blogger","category-la-voz-de-hellin","category-la-voz-de-hellin-la-voz-de-hellin","category-noticias"],"_links":{"self":[{"href":"https:\/\/lavozdehellin.com\/noticias\/wp-json\/wp\/v2\/posts\/148577","targetHints":{"allow":["GET"]}}],"collection":[{"href":"https:\/\/lavozdehellin.com\/noticias\/wp-json\/wp\/v2\/posts"}],"about":[{"href":"https:\/\/lavozdehellin.com\/noticias\/wp-json\/wp\/v2\/types\/post"}],"author":[{"embeddable":true,"href":"https:\/\/lavozdehellin.com\/noticias\/wp-json\/wp\/v2\/users\/2"}],"replies":[{"embeddable":true,"href":"https:\/\/lavozdehellin.com\/noticias\/wp-json\/wp\/v2\/comments?post=148577"}],"version-history":[{"count":0,"href":"https:\/\/lavozdehellin.com\/noticias\/wp-json\/wp\/v2\/posts\/148577\/revisions"}],"wp:featuredmedia":[{"embeddable":true,"href":"https:\/\/lavozdehellin.com\/noticias\/wp-json\/wp\/v2\/media\/148578"}],"wp:attachment":[{"href":"https:\/\/lavozdehellin.com\/noticias\/wp-json\/wp\/v2\/media?parent=148577"}],"wp:term":[{"taxonomy":"category","embeddable":true,"href":"https:\/\/lavozdehellin.com\/noticias\/wp-json\/wp\/v2\/categories?post=148577"},{"taxonomy":"post_tag","embeddable":true,"href":"https:\/\/lavozdehellin.com\/noticias\/wp-json\/wp\/v2\/tags?post=148577"}],"curies":[{"name":"wp","href":"https:\/\/api.w.org\/{rel}","templated":true}]}}