{"id":148580,"date":"2023-10-04T17:39:40","date_gmt":"2023-10-04T16:39:40","guid":{"rendered":"https:\/\/lavozdehellin.com\/noticias\/?p=148580"},"modified":"2024-02-26T17:58:11","modified_gmt":"2024-02-26T16:58:11","slug":"v08-261-la-diputacion-de-albacete-culmina-la-renovacion-de-su-salon-de-actos-ahora-mas-accesible-sostenible-versatil-y-funcional","status":"publish","type":"post","link":"https:\/\/lavozdehellin.com\/noticias\/v08-261-la-diputacion-de-albacete-culmina-la-renovacion-de-su-salon-de-actos-ahora-mas-accesible-sostenible-versatil-y-funcional\/","title":{"rendered":"LVH NOTICIAS | LA DIPUTACI\u00d3N DE ALBACETE CULMINA LA RENOVACI\u00d3N DE SU SAL\u00d3N DE ACTOS, AHORA M\u00c1S ACCESIBLE, SOSTENIBLE, VERS\u00c1TIL Y FUNCIONAL"},"content":{"rendered":"<p style=\"text-align: justify;\">La Diputaci\u00f3n \u2018estrena\u2019 estos d\u00edas su Sal\u00f3n de Actos tras la reforma que se ha acometido en el espacio durante estos meses, dando lugar a un espacio que gana en accesibilidad, sostenibilidad, versatilidad y funcionalidad, como ha avanzado el presidente.<\/p>\n<p><!--more--><br \/>\n<!--publicidad-voz01--><a href=\"https:\/\/www.facebook.com\/SoloRadioHellin\/?locale=es_ES\"><img decoding=\"async\" class=\"alignnone size-medium\" src=\"https:\/\/blogger.googleusercontent.com\/img\/b\/R29vZ2xl\/AVvXsEiNncirNnyGedv00mhjZjh5Wl4_YPdJGanoAl8tL8zH-HwqE8uHqjEfSt340RHdx-9tuCSIkZ8rFamZiGyYlgDGxCsmXjCH_1xk5eYM3ntFZRvJP_jndOKR7w1UAo9Tu0vrZyOLfqRpHIxYI5SymJJ-pfGCQw6QVpggBH-UgfjiFQ2JOxqxG0Jx94kW83c\/s1600\/logo-principal.jpg\" width=\"100%\" height=\"100\" \/><\/a><!--bestpublic-voz01--><!--desk-in-out-voz01--><br \/>\n<!--publicidad-voz02--><a href=\"https:\/\/www.hellincf.com\/\"><img decoding=\"async\" class=\"alignnone size-medium\" src=\"https:\/\/blogger.googleusercontent.com\/img\/b\/R29vZ2xl\/AVvXsEhuZ4-XfBVj3UtdP8-RZugy3WVrg-Zv28c53m4oV47qYCxL1rX_dqWX_YddsGSnpH5SRDqZ7bZeKPIfDVCDncpjVlhy3aQs2vojcJBn7Gdv9hC2_Nzct_pRFrnFE1a7KTCdY1bT_kAgnY3-iadRZrGeJf1fR2P5fu11bokx0pWjaypoy-ctwCjklldpEbA\/s1600\/logo-principal7.jpg\" width=\"100%\" height=\"100\" \/><\/a><!--bestpublic-voz02--><!--desk-in-out-voz02--><\/p>\n<p style=\"text-align: justify;\">Santi Caba\u00f1ero, junto al responsable del Servicio de Mantenimiento de la instituci\u00f3n, Juanjo Montejano, ha comprobado c\u00f3mo se ultiman los \u00faltimos detalles para que este espacio se reabra, poni\u00e9ndose a disposici\u00f3n de la poblaci\u00f3n con un calendario de actividades amplio y diverso, en l\u00ednea con la voluntad que ha demostrado desde su llegada a la Diputaci\u00f3n, defendiendo en la pr\u00e1ctica \u00abque la \u2018Casa Provincial\u2019 es, de facto, la \u2018casa\u2019 de la provincia y, como tal, est\u00e1 abierta a posibles iniciativas que venga a sumar\u00bb.<\/p>\n<p style=\"text-align: justify;\">El objetivo es, como ha explicado Caba\u00f1ero, que este Sal\u00f3n de Actos contin\u00fae siendo el escenario de iniciativas culturales, formativas o informativas organizadas por la Diputaci\u00f3n, as\u00ed como de buena parte de la actividad sociocultural de la provincia en colaboraci\u00f3n y coordinaci\u00f3n con otras administraciones, organismos, asociaciones y colectivos, \u00abahora con m\u00e1s posibilidades, gracias a esta reforma que nos permite ofrecer mejores condiciones y, por tanto, ser una mejor anfitriona\u00ab.<\/p>\n<p style=\"text-align: justify;\">El nuevo Sal\u00f3n de Actos se inaugura con Allan Poe<\/p>\n<p style=\"text-align: justify;\">La reapertura oficial ser\u00e1 este jueves, 5 de octubre, de la mano de un espect\u00e1culo de \u2018ficci\u00f3n sonora\u2019 en torno a diferentes cuentos de Edgar Allan Poe a cargo de la agrupaci\u00f3n \u2018A Viva Voz\u2019. Se trata de una actividad organizada por la propia Diputaci\u00f3n de la mano de su Servicio de Educaci\u00f3n y Cultura, en el marco del III Congreso Internacional \u00abThrough the Veil of the Soul\u00bb: Poe y los placeres del Arte, que impulsa la Asociaci\u00f3n Espa\u00f1ola Edgar Allan Poe junto a la UCLM.<\/p>\n<p style=\"text-align: justify;\">\u00abTodo un lujo\u00bb, ha apuntado Caba\u00f1ero, subrayando que \u2018inaugurar\u2019 este espacio con una actividad cultural como \u00e9sta es el mejor ejemplo de las posibilidades que ofrece el nuevo Sal\u00f3n de Actos.<\/p>\n<p style=\"text-align: justify;\">Como ha explicado el presidente provincial, se ha aprovechado la necesidad de modernizar este espacio de la Diputaci\u00f3n para hacerlo m\u00e1s pr\u00e1ctico y \u00fatil de cara a las diversas iniciativas que se desarrollan en \u00e9l, avanzando en accesibilidad y sumando una inversi\u00f3n total de unos 255.000 \u20ac.<\/p>\n<p style=\"text-align: justify;\">Este espacio ya contaba con bucle magn\u00e9tico para personas con discapacidad auditiva, y ahora se ha dise\u00f1ado con recorridos accesibles en todo el recinto, y ha visto duplicarse las plazas habilitadas para personas que necesitan de una silla de ruedas, pasando de dos a cuatro, adem\u00e1s de haber reservado otros espacios adicionales para ellas en la zona delantera del Sal\u00f3n.<\/p>\n<p style=\"text-align: justify;\">Adem\u00e1s, velando por el cumplimiento de la Agenda 2030 que gu\u00eda la acci\u00f3n del gobierno de Caba\u00f1ero, tambi\u00e9n se ha aprovechado la actuaci\u00f3n para avanzar en la sostenibilidad de las propias instalaciones, con una remodelaci\u00f3n total de los revestimientos en paredes y suelos y la adquisici\u00f3n de nuevas butacas y nuevos medios audiovisuales, apostando en todos los casos por materiales respetuosos con el medio ambiente, en \u201cuna inversi\u00f3n en durabilidad y eficiencia\u201d.<\/p>\n<p style=\"text-align: justify;\">De hecho, en las paredes se ha ejecutado un trasdosado ac\u00fastico de listones de madera sobre fondo de poli\u00e9ster reciclado, y en cuanto al pavimento, se ha retirado la moqueta existente colocando caucho natural con huella de carbono negativa. En ambos casos, los revestimientos son ign\u00edfugos e hidr\u00f3fugos, garantizando la seguridad del Sal\u00f3n.<\/p>\n<p style=\"text-align: justify;\">M\u00e1s dotaciones tecnol\u00f3gicas y capacidad para 223 personas<\/p>\n<p style=\"text-align: justify;\">En total, cuenta con 223 nuevas butacas que disponen de pala oculta, lo que, a su vez, favorece la celebraci\u00f3n de congresos, pruebas y ex\u00e1menes, avanzando tambi\u00e9n en la versatilidad del espacio.<\/p>\n<p style=\"text-align: justify;\">Motivo por el que, adem\u00e1s, el mobiliario del escenario ha sido elegido para posibilitar diferentes contextos en un mismo acto pudiendo ser, desde un espacio totalmente di\u00e1fano hasta el de un coloquio, pasando por la opci\u00f3n de colocar la tradicional mesa de presentaciones o el atril.<\/p>\n<p style=\"text-align: justify;\">Desde una perspectiva m\u00e1s tecnol\u00f3gica, tambi\u00e9n se han acometido importantes transformaciones, siendo la novedad m\u00e1s llamativa la sustituci\u00f3n del antiguo proyector por una pantalla led de alta definici\u00f3n, de unos 3 por 2 metros, que permitir\u00e1 la proyecci\u00f3n de todo tipo de material. Tambi\u00e9n se han adquirido nuevos altavoces, se ha colocado mayor iluminaci\u00f3n al escenario mediante un carril de focos, e iluminaci\u00f3n indirecta en los laterales para crear diversos ambientes.<\/p>\n<p style=\"text-align: justify;\">En la zona de vest\u00edbulo del sal\u00f3n de actos tambi\u00e9n se han acometido mejoras, que van desde el cambio de la cortina (en l\u00ednea con la nueva est\u00e9tica) y la mejora de las condiciones de ignifugaci\u00f3n y aislamiento ac\u00fastico, hasta la habilitaci\u00f3n de un photocall.<\/p>\n<p style=\"text-align: justify;\">Deseando que sea de utilidad tanto para la actividad ordinaria y extraordinaria de la Diputaci\u00f3n como para colectivos que requieran su uso para iniciativas de inter\u00e9s p\u00fablico, Santi Caba\u00f1ero ha aprovechado para recordar que los espacios p\u00fablicos tienen que ser \u00abespacios vivos y vividos\u201d, se\u00f1alando este Sal\u00f3n de Actos como \u201cun ejemplo perfecto\u00bb.<\/p>\n<p><!--publicidad-voz03--><a href=\"https:\/\/www.facebook.com\/profile.php?id=100063593791305&amp;locale=es_ES\"><img decoding=\"async\" class=\"alignnone size-medium\" src=\"https:\/\/blogger.googleusercontent.com\/img\/b\/R29vZ2xl\/AVvXsEi8_n_ll8UOcGxCqzFvb_9Io4ICczlGC990BPtPj2w9Px-u7B3oqWUW5vtjZUqPNJ-nyjiUIorE0ATsib_l5tV8BVN-UJ03RTnU__IHJF_4DgDBtY4LIqXNG-FomrO-7ywes20CBCRM2Hcm7EJSh3UUw1dO-c_uTflUrtgY1i7uBRezj_DpympmEFkfbQY\/s1600\/logo-principal2.jpg\" width=\"100%\" height=\"100\" \/><\/a><!--bestpublic-voz03--><!--desk-in-out-voz03--><br \/>\n<!--publicidad-voz04--><a href=\"https:\/\/www.facebook.com\/profile.php?id=61557370768692&amp;locale=es_ES\"><img decoding=\"async\" class=\"alignnone size-medium\" src=\"https:\/\/blogger.googleusercontent.com\/img\/b\/R29vZ2xl\/AVvXsEgy5RdcfffrnrItnYTcV9bCJjgJwldsQLWssfVfrLbyfXeBNTFKgBf0rMIvhrUaGUhiXzVr9_eQgCbi-j63ZDpfTvLIty9w7s140y-m1yHe7eKmEK7v2NAHUJDVYGdfeiQFeRCqUjdwWmN1MX_AUxxz4IVdJ4WIM0APxit8bjWkXzrnEFGqBvW_1F13H1g\/s1600\/logo-principal5.jpg\" width=\"100%\" height=\"100\" \/><\/a><!--bestpublic-voz04--><!--desk-in-out-voz04--><br \/>\n<!--publicidad-voz05--><a href=\"https:\/\/www.facebook.com\/asociaciontamborileroshellin?locale=es_ES\"><img decoding=\"async\" class=\"alignnone size-medium\" src=\"https:\/\/blogger.googleusercontent.com\/img\/b\/R29vZ2xl\/AVvXsEhHEEpZsKK1VpwiYMrS7aE2ujtqIDZoLd4B5wtbiseSU9s2HdTdQfhF84So2XwEB1fv0BLw95GADm6hUl1bkKtzh-eIgVigXONuu_5RxeIMPhjk8q6uNX4EaEHbooKkbu7pCADWPpVJjhKIH5NQSJpWqedC-YBez4QAQeJYokkLot9bhrIaUAeztsGis6M\/s1600\/logo-principal3.jpg\" width=\"100%\" height=\"100\" \/><\/a><!--bestpublic-voz05--><!--desk-in-out-voz05--><br \/>\n<!--publicidad-voz06--><!--bestpublic-voz06--><!--desk-in-out-voz06--><br \/>\n<!--publicidad-voz07--><!--bestpublic-voz07--><!--desk-in-out-voz07--><br \/>\n<!--publicidad-voz08--><!--bestpublic-voz08--><!--desk-in-out-voz08--><br \/>\n<!--publicidad-voz09--><!--bestpublic-voz09--><!--desk-in-out-voz09--><br \/>\n<!--publicidad-voz10--><!--bestpublic-voz10--><!--desk-in-out-voz10--><br \/>\n<!--publicidad-voz11--><!--bestpublic-voz11--><!--desk-in-out-voz11--><br \/>\n<!--publicidad-voz12--><!--bestpublic-voz12--><!--desk-in-out-voz12--><br \/>\n<!--publicidad-voz13--><!--bestpublic-voz13--><!--desk-in-out-voz13--><br \/>\n<!--publicidad-voz14--><!--bestpublic-voz14--><!--desk-in-out-voz14--><br \/>\n<!--publicidad-voz15--><!--bestpublic-voz15--><!--desk-in-out-voz15--><br \/>\n<!--publicidad-voz16--><!--bestpublic-voz16--><!--desk-in-out-voz16--><\/p>\n","protected":false},"excerpt":{"rendered":"<p>La Diputaci\u00f3n \u2018estrena\u2019 estos d\u00edas su Sal\u00f3n de Actos tras la reforma que se ha acometido en el espacio durante estos meses, dando lugar a un espacio que gana en&#8230;<\/p>\n","protected":false},"author":2,"featured_media":148581,"comment_status":"closed","ping_status":"closed","sticky":false,"template":"","format":"standard","meta":{"footnotes":""},"categories":[753,718,715,716,717],"tags":[],"class_list":["post-148580","post","type-post","status-publish","format-standard","has-post-thumbnail","hentry","category-blog-lv034","category-blogger","category-la-voz-de-hellin","category-la-voz-de-hellin-la-voz-de-hellin","category-noticias"],"_links":{"self":[{"href":"https:\/\/lavozdehellin.com\/noticias\/wp-json\/wp\/v2\/posts\/148580","targetHints":{"allow":["GET"]}}],"collection":[{"href":"https:\/\/lavozdehellin.com\/noticias\/wp-json\/wp\/v2\/posts"}],"about":[{"href":"https:\/\/lavozdehellin.com\/noticias\/wp-json\/wp\/v2\/types\/post"}],"author":[{"embeddable":true,"href":"https:\/\/lavozdehellin.com\/noticias\/wp-json\/wp\/v2\/users\/2"}],"replies":[{"embeddable":true,"href":"https:\/\/lavozdehellin.com\/noticias\/wp-json\/wp\/v2\/comments?post=148580"}],"version-history":[{"count":0,"href":"https:\/\/lavozdehellin.com\/noticias\/wp-json\/wp\/v2\/posts\/148580\/revisions"}],"wp:featuredmedia":[{"embeddable":true,"href":"https:\/\/lavozdehellin.com\/noticias\/wp-json\/wp\/v2\/media\/148581"}],"wp:attachment":[{"href":"https:\/\/lavozdehellin.com\/noticias\/wp-json\/wp\/v2\/media?parent=148580"}],"wp:term":[{"taxonomy":"category","embeddable":true,"href":"https:\/\/lavozdehellin.com\/noticias\/wp-json\/wp\/v2\/categories?post=148580"},{"taxonomy":"post_tag","embeddable":true,"href":"https:\/\/lavozdehellin.com\/noticias\/wp-json\/wp\/v2\/tags?post=148580"}],"curies":[{"name":"wp","href":"https:\/\/api.w.org\/{rel}","templated":true}]}}