{"id":148583,"date":"2023-10-04T17:26:45","date_gmt":"2023-10-04T16:26:45","guid":{"rendered":"https:\/\/lavozdehellin.com\/noticias\/?p=148583"},"modified":"2024-02-26T17:58:11","modified_gmt":"2024-02-26T16:58:11","slug":"v08-260-diputacion-de-albacete-y-ayuntamiento-de-almansa-colaboran-en-proyectos-sostenibles-en-cuatro-escuelas-infantiles-de-la-localidad","status":"publish","type":"post","link":"https:\/\/lavozdehellin.com\/noticias\/v08-260-diputacion-de-albacete-y-ayuntamiento-de-almansa-colaboran-en-proyectos-sostenibles-en-cuatro-escuelas-infantiles-de-la-localidad\/","title":{"rendered":"LVH NOTICIAS | DIPUTACI\u00d3N DE ALBACETE Y AYUNTAMIENTO DE ALMANSA COLABORAN EN PROYECTOS SOSTENIBLES EN CUATRO ESCUELAS INFANTILES DE LA LOCALIDAD"},"content":{"rendered":"<p style=\"text-align: justify;\">El vicepresidente de la Diputaci\u00f3n de Albacete, Fran Valera, y la alcaldesa de Almansa (y diputada coordinadora del \u00c1rea de igualdad en la instituci\u00f3n provincial), Pilar Callado, han presentado los resultados de las actuaciones realizadas en cuatro Escuelas Infantiles de la localidad con el apoyo de la propia Diputaci\u00f3n, dentro del compromiso del equipo de gobierno, con Santi Caba\u00f1ero al frente, de impulsar iniciativas que ayuden a los municipios a avanzar en sostenibilidad y eficiencia energ\u00e9tica.<\/p>\n<p><!--more--><br \/>\n<!--publicidad-voz01--><a href=\"https:\/\/www.facebook.com\/SoloRadioHellin\/?locale=es_ES\"><img decoding=\"async\" class=\"alignnone size-medium\" src=\"https:\/\/blogger.googleusercontent.com\/img\/b\/R29vZ2xl\/AVvXsEiNncirNnyGedv00mhjZjh5Wl4_YPdJGanoAl8tL8zH-HwqE8uHqjEfSt340RHdx-9tuCSIkZ8rFamZiGyYlgDGxCsmXjCH_1xk5eYM3ntFZRvJP_jndOKR7w1UAo9Tu0vrZyOLfqRpHIxYI5SymJJ-pfGCQw6QVpggBH-UgfjiFQ2JOxqxG0Jx94kW83c\/s1600\/logo-principal.jpg\" width=\"100%\" height=\"100\" \/><\/a><!--bestpublic-voz01--><!--desk-in-out-voz01--><br \/>\n<!--publicidad-voz02--><a href=\"https:\/\/www.hellincf.com\/\"><img decoding=\"async\" class=\"alignnone size-medium\" src=\"https:\/\/blogger.googleusercontent.com\/img\/b\/R29vZ2xl\/AVvXsEhuZ4-XfBVj3UtdP8-RZugy3WVrg-Zv28c53m4oV47qYCxL1rX_dqWX_YddsGSnpH5SRDqZ7bZeKPIfDVCDncpjVlhy3aQs2vojcJBn7Gdv9hC2_Nzct_pRFrnFE1a7KTCdY1bT_kAgnY3-iadRZrGeJf1fR2P5fu11bokx0pWjaypoy-ctwCjklldpEbA\/s1600\/logo-principal7.jpg\" width=\"100%\" height=\"100\" \/><\/a><!--bestpublic-voz02--><!--desk-in-out-voz02--><\/p>\n<p style=\"text-align: justify;\">La medida forma parte de la ayuda de 1.832.007 euros concedida por el Instituto para la Diversificaci\u00f3n y Ahorro de la Energ\u00eda (IDAE) para acometer, en 37 localidades, unos 28 proyectos singulares que, agrupados en cinco tipos de actuaciones, distintos ayuntamientos solicitaron a trav\u00e9s de la Diputaci\u00f3n con un coste total de a 2.290.009 euros.<\/p>\n<p style=\"text-align: justify;\">De esa cifra, 1.101.842,49 euros se refer\u00edan a proyectos de instalaciones solares fotovoltaicas orientadas a la generaci\u00f3n el\u00e9ctrica para autoconsumo (conectada a red y aislada) en 17 municipios de la provincia, entre ellos, Almansa.<\/p>\n<p style=\"text-align: justify;\">Las Escuelas Infantiles \u2018El Jard\u00edn\u2019, \u2018Puerta Villa, \u2018Las Huertas\u2019 y \u2018Las Norias\u2019, m\u00e1s sostenibles<\/p>\n<p style=\"text-align: justify;\">Como ha detallado el vicepresidente provincial sobre la actuaci\u00f3n desarrollada en cuatro Escuelas Infantiles de la localidad, las obras han tenido un coste de 75.458,42 euros; cifra a la que se suman los honorarios de la realizaci\u00f3n del Proyecto, Direcci\u00f3n de Obra, Coordinaci\u00f3n de Seguridad y Salud (8.398,90 euros) y la asistencia t\u00e9cnica para Implementaci\u00f3n, coordinaci\u00f3n y supervisi\u00f3n ante el IDAE (1.019,44 euros m\u00e1s).<\/p>\n<p style=\"text-align: justify;\">La Diputaci\u00f3n, que ha asumido el coste de esta asistencia t\u00e9cnica, ha realizado toda la gesti\u00f3n, adelantando el pago del proyecto en su totalidad, que le ser\u00e1 compensando despu\u00e9s en un 85% (unos 67.900 euros) por el FEDER y, en el 15% restante (cerca de 16.000 euros), por el propio consistorio almanse\u00f1o.<\/p>\n<p style=\"text-align: justify;\">Concretamente, en cada centro infantil se ha instalado un inversor de 5 kW y una bater\u00eda de 5 kW. Y, entre todos ellos, un total de 83 paneles solares fotovoltaicos de 550 Wp: 10 en la E.I. \u2018El Jard\u00edn\u2019; 29 en la E.I. \u2018Puerta de la Villa\u2019; 37 en la E.I. \u2018Las Huertas\u2019; y 7 en la E.I. \u2018Las Norias\u2019.<\/p>\n<p style=\"text-align: justify;\">En conjunto, 45,65 kW instalados que conllevan un ahorro en energ\u00eda de m\u00e1s de 54.850 Kwh\/a\u00f1o (un 41\u201913% menos) y suponen dejar de emitir a la atm\u00f3sfera 38,06 tCO2 eq\/a\u00f1o.<\/p>\n<p style=\"text-align: justify;\">Con estas mejoras en las citadas Escuelas Infantiles, Almansa da \u201cpasos adelante en la adopci\u00f3n de energ\u00edas limpias y sostenibles, reafirmando su compromiso con el cuidado del medio ambiente\u201d, tal y como ha subrayado la alcladesa.<\/p>\n<p style=\"text-align: justify;\">La Diputaci\u00f3n ha promovido la inversi\u00f3n de m\u00e1s de 10 millones en los \u00faltimos a\u00f1os para proyectos de energ\u00edas limpias en m\u00faltiples localidades<\/p>\n<p style=\"text-align: justify;\">En ese sentido, Fran Valera ha puesto de manifiesto lo importante de seguir avanzando en la implementaci\u00f3n de estas medidas que, adem\u00e1s de ratificar el compromiso del gobierno provincial con la sostenibilidad y de contribuir a la reducci\u00f3n de la huella de carbono, tambi\u00e9n mejoran la eficiencia (energ\u00e9tica y econ\u00f3micamente hablando) en los municipios. Todo, con la premisa de construir un desarrollo sostenible, en sinton\u00eda con los 17 ODS de la Agenda 2030.<\/p>\n<p style=\"text-align: justify;\">Un gran \u2018reto\u2019 para el que, ha recordado, s\u00f3lo durante este pasado mandato, el gobierno de Santi Caba\u00f1ero ha promovido inversiones por valor de cerca de 10.000.000 \u20ac orientados a que los ayuntamientos mejoren sus localidades impulsados por iniciativas ligadas a energ\u00edas limpias.<\/p>\n<p style=\"text-align: justify;\">Y es que, a los 2.290.009 \u20ac de esta Convocatoria del IDAE a la que se acog\u00eda Almansa, hay que sumar algo m\u00e1s de 3.920.000 \u20ac que la Diputaci\u00f3n gestion\u00f3 para proyectos de Econom\u00eda Baja en Carbono, ejecutados en 15 municipios y 218 pedan\u00edas; y los 3.068.000 \u20ac que se est\u00e1n destinando a unas 52 actuaciones a desarrollar en 46 localidades de la mano del DUS 5000, respaldado por el Plan de Recuperaci\u00f3n, Transformaci\u00f3n y Resiliencia del Gobierno de Espa\u00f1a.<\/p>\n<p><!--publicidad-voz03--><a href=\"https:\/\/www.facebook.com\/profile.php?id=100063593791305&amp;locale=es_ES\"><img decoding=\"async\" class=\"alignnone size-medium\" src=\"https:\/\/blogger.googleusercontent.com\/img\/b\/R29vZ2xl\/AVvXsEi8_n_ll8UOcGxCqzFvb_9Io4ICczlGC990BPtPj2w9Px-u7B3oqWUW5vtjZUqPNJ-nyjiUIorE0ATsib_l5tV8BVN-UJ03RTnU__IHJF_4DgDBtY4LIqXNG-FomrO-7ywes20CBCRM2Hcm7EJSh3UUw1dO-c_uTflUrtgY1i7uBRezj_DpympmEFkfbQY\/s1600\/logo-principal2.jpg\" width=\"100%\" height=\"100\" \/><\/a><!--bestpublic-voz03--><!--desk-in-out-voz03--><br \/>\n<!--publicidad-voz04--><a href=\"https:\/\/www.facebook.com\/profile.php?id=61557370768692&amp;locale=es_ES\"><img decoding=\"async\" class=\"alignnone size-medium\" src=\"https:\/\/blogger.googleusercontent.com\/img\/b\/R29vZ2xl\/AVvXsEgy5RdcfffrnrItnYTcV9bCJjgJwldsQLWssfVfrLbyfXeBNTFKgBf0rMIvhrUaGUhiXzVr9_eQgCbi-j63ZDpfTvLIty9w7s140y-m1yHe7eKmEK7v2NAHUJDVYGdfeiQFeRCqUjdwWmN1MX_AUxxz4IVdJ4WIM0APxit8bjWkXzrnEFGqBvW_1F13H1g\/s1600\/logo-principal5.jpg\" width=\"100%\" height=\"100\" \/><\/a><!--bestpublic-voz04--><!--desk-in-out-voz04--><br \/>\n<!--publicidad-voz05--><a href=\"https:\/\/www.facebook.com\/asociaciontamborileroshellin?locale=es_ES\"><img decoding=\"async\" class=\"alignnone size-medium\" src=\"https:\/\/blogger.googleusercontent.com\/img\/b\/R29vZ2xl\/AVvXsEhHEEpZsKK1VpwiYMrS7aE2ujtqIDZoLd4B5wtbiseSU9s2HdTdQfhF84So2XwEB1fv0BLw95GADm6hUl1bkKtzh-eIgVigXONuu_5RxeIMPhjk8q6uNX4EaEHbooKkbu7pCADWPpVJjhKIH5NQSJpWqedC-YBez4QAQeJYokkLot9bhrIaUAeztsGis6M\/s1600\/logo-principal3.jpg\" width=\"100%\" height=\"100\" \/><\/a><!--bestpublic-voz05--><!--desk-in-out-voz05--><br \/>\n<!--publicidad-voz06--><!--bestpublic-voz06--><!--desk-in-out-voz06--><br \/>\n<!--publicidad-voz07--><!--bestpublic-voz07--><!--desk-in-out-voz07--><br \/>\n<!--publicidad-voz08--><!--bestpublic-voz08--><!--desk-in-out-voz08--><br \/>\n<!--publicidad-voz09--><!--bestpublic-voz09--><!--desk-in-out-voz09--><br \/>\n<!--publicidad-voz10--><!--bestpublic-voz10--><!--desk-in-out-voz10--><br \/>\n<!--publicidad-voz11--><!--bestpublic-voz11--><!--desk-in-out-voz11--><br \/>\n<!--publicidad-voz12--><!--bestpublic-voz12--><!--desk-in-out-voz12--><br \/>\n<!--publicidad-voz13--><!--bestpublic-voz13--><!--desk-in-out-voz13--><br \/>\n<!--publicidad-voz14--><!--bestpublic-voz14--><!--desk-in-out-voz14--><br \/>\n<!--publicidad-voz15--><!--bestpublic-voz15--><!--desk-in-out-voz15--><br \/>\n<!--publicidad-voz16--><!--bestpublic-voz16--><!--desk-in-out-voz16--><\/p>\n","protected":false},"excerpt":{"rendered":"<p>El vicepresidente de la Diputaci\u00f3n de Albacete, Fran Valera, y la alcaldesa de Almansa (y diputada coordinadora del \u00c1rea de igualdad en la instituci\u00f3n provincial), Pilar Callado, han presentado los&#8230;<\/p>\n","protected":false},"author":2,"featured_media":148584,"comment_status":"closed","ping_status":"closed","sticky":false,"template":"","format":"standard","meta":{"footnotes":""},"categories":[753,718,715,716,717],"tags":[],"class_list":["post-148583","post","type-post","status-publish","format-standard","has-post-thumbnail","hentry","category-blog-lv034","category-blogger","category-la-voz-de-hellin","category-la-voz-de-hellin-la-voz-de-hellin","category-noticias"],"_links":{"self":[{"href":"https:\/\/lavozdehellin.com\/noticias\/wp-json\/wp\/v2\/posts\/148583","targetHints":{"allow":["GET"]}}],"collection":[{"href":"https:\/\/lavozdehellin.com\/noticias\/wp-json\/wp\/v2\/posts"}],"about":[{"href":"https:\/\/lavozdehellin.com\/noticias\/wp-json\/wp\/v2\/types\/post"}],"author":[{"embeddable":true,"href":"https:\/\/lavozdehellin.com\/noticias\/wp-json\/wp\/v2\/users\/2"}],"replies":[{"embeddable":true,"href":"https:\/\/lavozdehellin.com\/noticias\/wp-json\/wp\/v2\/comments?post=148583"}],"version-history":[{"count":0,"href":"https:\/\/lavozdehellin.com\/noticias\/wp-json\/wp\/v2\/posts\/148583\/revisions"}],"wp:featuredmedia":[{"embeddable":true,"href":"https:\/\/lavozdehellin.com\/noticias\/wp-json\/wp\/v2\/media\/148584"}],"wp:attachment":[{"href":"https:\/\/lavozdehellin.com\/noticias\/wp-json\/wp\/v2\/media?parent=148583"}],"wp:term":[{"taxonomy":"category","embeddable":true,"href":"https:\/\/lavozdehellin.com\/noticias\/wp-json\/wp\/v2\/categories?post=148583"},{"taxonomy":"post_tag","embeddable":true,"href":"https:\/\/lavozdehellin.com\/noticias\/wp-json\/wp\/v2\/tags?post=148583"}],"curies":[{"name":"wp","href":"https:\/\/api.w.org\/{rel}","templated":true}]}}