{"id":148586,"date":"2023-10-04T12:15:28","date_gmt":"2023-10-04T11:15:28","guid":{"rendered":"https:\/\/lavozdehellin.com\/noticias\/?p=148586"},"modified":"2024-02-26T17:58:11","modified_gmt":"2024-02-26T16:58:11","slug":"v08-259-cabanero-avanza-la-asignacion-de-250-000-euros-del-presupuesto-provincial-a-proyectos-sostenibles-ligados-a-la-agenda-2030-en-52-municipios","status":"publish","type":"post","link":"https:\/\/lavozdehellin.com\/noticias\/v08-259-cabanero-avanza-la-asignacion-de-250-000-euros-del-presupuesto-provincial-a-proyectos-sostenibles-ligados-a-la-agenda-2030-en-52-municipios\/","title":{"rendered":"LVH NOTICIAS | CABA\u00d1ERO AVANZA LA ASIGNACI\u00d3N DE 250.000 EUROS DEL PRESUPUESTO PROVINCIAL A PROYECTOS SOSTENIBLES LIGADOS A LA AGENDA 2030 EN 52 MUNICIPIOS"},"content":{"rendered":"<p style=\"text-align: justify;\">El presidente de la Diputaci\u00f3n, Santi Caba\u00f1ero, ha dado los detalles de la resoluci\u00f3n de la Convocatoria de Subvenciones 2023 destinada a impulsar Planes de Acci\u00f3n Locales hacia la sostenibilidad en la provincia de Albacete, en concordancia con la Agenda 2030 y sus 17 ODS.<\/p>\n<p><!--more--><br \/>\n<!--publicidad-voz01--><a href=\"https:\/\/www.facebook.com\/SoloRadioHellin\/?locale=es_ES\"><img decoding=\"async\" class=\"alignnone size-medium\" src=\"https:\/\/blogger.googleusercontent.com\/img\/b\/R29vZ2xl\/AVvXsEiNncirNnyGedv00mhjZjh5Wl4_YPdJGanoAl8tL8zH-HwqE8uHqjEfSt340RHdx-9tuCSIkZ8rFamZiGyYlgDGxCsmXjCH_1xk5eYM3ntFZRvJP_jndOKR7w1UAo9Tu0vrZyOLfqRpHIxYI5SymJJ-pfGCQw6QVpggBH-UgfjiFQ2JOxqxG0Jx94kW83c\/s1600\/logo-principal.jpg\" width=\"100%\" height=\"100\" \/><\/a><!--bestpublic-voz01--><!--desk-in-out-voz01--><br \/>\n<!--publicidad-voz02--><a href=\"https:\/\/www.hellincf.com\/\"><img decoding=\"async\" class=\"alignnone size-medium\" src=\"https:\/\/blogger.googleusercontent.com\/img\/b\/R29vZ2xl\/AVvXsEhuZ4-XfBVj3UtdP8-RZugy3WVrg-Zv28c53m4oV47qYCxL1rX_dqWX_YddsGSnpH5SRDqZ7bZeKPIfDVCDncpjVlhy3aQs2vojcJBn7Gdv9hC2_Nzct_pRFrnFE1a7KTCdY1bT_kAgnY3-iadRZrGeJf1fR2P5fu11bokx0pWjaypoy-ctwCjklldpEbA\/s1600\/logo-principal7.jpg\" width=\"100%\" height=\"100\" \/><\/a><!--bestpublic-voz02--><!--desk-in-out-voz02--><\/p>\n<p style=\"text-align: justify;\">Una l\u00ednea que viene consolidando a la Diputaci\u00f3n se consolida como la \u00fanica administraci\u00f3n supramunicipal que ofrece una l\u00ednea de apoyo con estas caracter\u00edsticas en C-LM.<\/p>\n<p style=\"text-align: justify;\">Junto a la diputada responsable de la Agenda 2030 y Fondos Europeos, Yolanda Ballesteros, Caba\u00f1ero ha explicado que este a\u00f1o, estas ayudas llegan a 52 municipios, implicando una inversi\u00f3n total superior a los 300.000 euros: la instituci\u00f3n provincial reafirma su compromiso con la iniciativa habiendo aumentado la partida presupuestaria para este 2023 en 50.000 euros con respecto al ejercicio previo, alcanzando los 250.000 euros; una cifra a la que se le suman los m\u00e1s de 56.000 euros que aportan en conjunto los ayuntamientos beneficiarios.<\/p>\n<p style=\"text-align: justify;\">Casi 2 millones de euros invertidos desde 2008 por la Diputaci\u00f3n a esta l\u00ednea pionera<\/p>\n<p style=\"text-align: justify;\">El presidente ha resaltado que se puede decir con orgullo que \u201cla provincia de Albacete sigue siendo \u2018punta de lanza\u2019 en la aplicaci\u00f3n de proyectos y medidas orientados a la sostenibilidad\u201d; actuaciones que, ha subrayado, no s\u00f3lo mejoran el entorno, sino que suponen \u201cahorrar gastos p\u00fablicos a las arcas municipales y emisiones a la atm\u00f3sfera\u201d. Un paso m\u00e1s en la firme apuesta de la instituci\u00f3n provincial por \u2018el 1-1-2 de los ayuntamientos\u2019, tambi\u00e9n en \u201cel reto de llevar a la realidad la Agenda 2030\u201d mejorando as\u00ed la vida de la poblaci\u00f3n.<\/p>\n<p style=\"text-align: justify;\">Santi Caba\u00f1ero ha destacado que ya se han invertido m\u00e1s de 1,8 millones de euros desde su creaci\u00f3n, en 2008. Por tanto, quince a\u00f1os de promoci\u00f3n de la sostenibilidad de la mano de las Entidades Locales, siendo este trabajo supone un eje transversal de las pol\u00edticas del gobierno provincial, siempre con el fin de trabajar conjuntamente en \u201cencontrar soluciones que aborden los desaf\u00edos ambientales, econ\u00f3micos y sociales a los que nos enfrentamos y que requieren de una urgencia mayor con el paso del tiempo\u201d, ha se\u00f1alado.<\/p>\n<p style=\"text-align: justify;\">Por eso ha reflexionado en torno a un momento en el que determinados partidos pol\u00edticos parecen querer obviar las pol\u00edticas medioambientales que, para su gobierno al frente de la Diputaci\u00f3n de Albacete, son \u201cprioridad absoluta\u201d, implementando medidas para ello y dot\u00e1ndolas de fondos. \u201cQueremos que Albacete sea una zona libre de ataques a la sostenibilidad y que apueste por la protecci\u00f3n del medio ambiente y de sus recursos naturales, tambi\u00e9n como motor de desarrollo\u201d, ha afirmado.<\/p>\n<p style=\"text-align: justify;\">Repasando el conjunto de iniciativas que este a\u00f1o reciben subvenci\u00f3n, el presidente ha se\u00f1alado que se comprueba que la sostenibilidad no se trata s\u00f3lo de construir nuevos proyectos, sino que \u201ces igualmente importante cuidar y utilizar de manera eficiente lo que ya tenemos\u201d. Objetivo al que se orientan muchas de las iniciativas aprobadas.<\/p>\n<p style=\"text-align: justify;\">Proyectos marcados por la calidad y la originalidad<\/p>\n<p style=\"text-align: justify;\">Tal y como ha explicado la diputada del \u00e1rea, Yolanda Ballesteros, en los proyectos subvencionados con cantidades que oscilan entre los 3.000 y los 7.000 euros destaca \u201cla calidad y, en muchos casos la originalidad\u201d. Entre ellos, se encuentran desde mejoras de espacios hist\u00f3ricos de los municipios a actuaciones de dinamizaci\u00f3n de participaci\u00f3n social, pasando por las habituales mejoras en los sistemas de recogida de residuos, la incorporaci\u00f3n de sistemas de energ\u00eda renovable, la creaci\u00f3n de zonas verdes y parques infantiles o la actualizaci\u00f3n de los Planes de Acci\u00f3n de la Agenda 2030.<\/p>\n<p style=\"text-align: justify;\">Adem\u00e1s, ha enumerado que, en esta edici\u00f3n de 2023, las localidades beneficiadas han sido: Bonete, Munera, Socovos, Alcaraz, Cenizate, Higueruela, Lezuza, Ontur, Valdeganga, Balazote, Casas de Ves, Mahora, Albatana, Corral Rubio, El Bonillo, Montealegre, Motilleja, Villatoya, Alcal\u00e1 del J\u00facar, Nerpio, Villapalacios, Alpera, Pozo Ca\u00f1ada, Pe\u00f1ascosa, Fuentealbilla, Ossa de Montiel, Carcel\u00e9n, Madrigueras, Masegoso, Tobarra, Yeste, Bienservida, Viveros, Barrax, San Pedro, Villamalea, Villarrobledo, Bogarra, El Ballestero, F\u00e9rez, Li\u00e9tor, Balsa de Ves, Molinicos, Ri\u00f3par, Paterna, Ayna, Pozuelo, Letur, Casas de L\u00e1zaro, Hoya Gonzalo, La Gineta y Minaya.<\/p>\n<p style=\"text-align: justify;\">Un paso m\u00e1s, ha resaltado, en ese camino constante con el que el gobierno provincial quiere seguir avanzando en su compromiso con la implementaci\u00f3n de pol\u00edticas e iniciativas orientadas a trabajar en materia de sostenibilidad, abordando el Reto Demogr\u00e1fico y ayudando a las localidades a cumplir esos 17 Objetivos de Desarrollo Sostenible transversales que forman la Agenda 2030.<\/p>\n<p><!--publicidad-voz03--><a href=\"https:\/\/www.facebook.com\/profile.php?id=100063593791305&amp;locale=es_ES\"><img decoding=\"async\" class=\"alignnone size-medium\" src=\"https:\/\/blogger.googleusercontent.com\/img\/b\/R29vZ2xl\/AVvXsEi8_n_ll8UOcGxCqzFvb_9Io4ICczlGC990BPtPj2w9Px-u7B3oqWUW5vtjZUqPNJ-nyjiUIorE0ATsib_l5tV8BVN-UJ03RTnU__IHJF_4DgDBtY4LIqXNG-FomrO-7ywes20CBCRM2Hcm7EJSh3UUw1dO-c_uTflUrtgY1i7uBRezj_DpympmEFkfbQY\/s1600\/logo-principal2.jpg\" width=\"100%\" height=\"100\" \/><\/a><!--bestpublic-voz03--><!--desk-in-out-voz03--><br \/>\n<!--publicidad-voz04--><a href=\"https:\/\/www.facebook.com\/profile.php?id=61557370768692&amp;locale=es_ES\"><img decoding=\"async\" class=\"alignnone size-medium\" src=\"https:\/\/blogger.googleusercontent.com\/img\/b\/R29vZ2xl\/AVvXsEgy5RdcfffrnrItnYTcV9bCJjgJwldsQLWssfVfrLbyfXeBNTFKgBf0rMIvhrUaGUhiXzVr9_eQgCbi-j63ZDpfTvLIty9w7s140y-m1yHe7eKmEK7v2NAHUJDVYGdfeiQFeRCqUjdwWmN1MX_AUxxz4IVdJ4WIM0APxit8bjWkXzrnEFGqBvW_1F13H1g\/s1600\/logo-principal5.jpg\" width=\"100%\" height=\"100\" \/><\/a><!--bestpublic-voz04--><!--desk-in-out-voz04--><br \/>\n<!--publicidad-voz05--><a href=\"https:\/\/www.facebook.com\/asociaciontamborileroshellin?locale=es_ES\"><img decoding=\"async\" class=\"alignnone size-medium\" src=\"https:\/\/blogger.googleusercontent.com\/img\/b\/R29vZ2xl\/AVvXsEhHEEpZsKK1VpwiYMrS7aE2ujtqIDZoLd4B5wtbiseSU9s2HdTdQfhF84So2XwEB1fv0BLw95GADm6hUl1bkKtzh-eIgVigXONuu_5RxeIMPhjk8q6uNX4EaEHbooKkbu7pCADWPpVJjhKIH5NQSJpWqedC-YBez4QAQeJYokkLot9bhrIaUAeztsGis6M\/s1600\/logo-principal3.jpg\" width=\"100%\" height=\"100\" \/><\/a><!--bestpublic-voz05--><!--desk-in-out-voz05--><br \/>\n<!--publicidad-voz06--><!--bestpublic-voz06--><!--desk-in-out-voz06--><br \/>\n<!--publicidad-voz07--><!--bestpublic-voz07--><!--desk-in-out-voz07--><br \/>\n<!--publicidad-voz08--><!--bestpublic-voz08--><!--desk-in-out-voz08--><br \/>\n<!--publicidad-voz09--><!--bestpublic-voz09--><!--desk-in-out-voz09--><br \/>\n<!--publicidad-voz10--><!--bestpublic-voz10--><!--desk-in-out-voz10--><br \/>\n<!--publicidad-voz11--><!--bestpublic-voz11--><!--desk-in-out-voz11--><br \/>\n<!--publicidad-voz12--><!--bestpublic-voz12--><!--desk-in-out-voz12--><br \/>\n<!--publicidad-voz13--><!--bestpublic-voz13--><!--desk-in-out-voz13--><br \/>\n<!--publicidad-voz14--><!--bestpublic-voz14--><!--desk-in-out-voz14--><br \/>\n<!--publicidad-voz15--><!--bestpublic-voz15--><!--desk-in-out-voz15--><br \/>\n<!--publicidad-voz16--><!--bestpublic-voz16--><!--desk-in-out-voz16--><\/p>\n","protected":false},"excerpt":{"rendered":"<p>El presidente de la Diputaci\u00f3n, Santi Caba\u00f1ero, ha dado los detalles de la resoluci\u00f3n de la Convocatoria de Subvenciones 2023 destinada a impulsar Planes de Acci\u00f3n Locales hacia la sostenibilidad&#8230;<\/p>\n","protected":false},"author":2,"featured_media":148587,"comment_status":"closed","ping_status":"closed","sticky":false,"template":"","format":"standard","meta":{"footnotes":""},"categories":[753,718,715,716,717],"tags":[],"class_list":["post-148586","post","type-post","status-publish","format-standard","has-post-thumbnail","hentry","category-blog-lv034","category-blogger","category-la-voz-de-hellin","category-la-voz-de-hellin-la-voz-de-hellin","category-noticias"],"_links":{"self":[{"href":"https:\/\/lavozdehellin.com\/noticias\/wp-json\/wp\/v2\/posts\/148586","targetHints":{"allow":["GET"]}}],"collection":[{"href":"https:\/\/lavozdehellin.com\/noticias\/wp-json\/wp\/v2\/posts"}],"about":[{"href":"https:\/\/lavozdehellin.com\/noticias\/wp-json\/wp\/v2\/types\/post"}],"author":[{"embeddable":true,"href":"https:\/\/lavozdehellin.com\/noticias\/wp-json\/wp\/v2\/users\/2"}],"replies":[{"embeddable":true,"href":"https:\/\/lavozdehellin.com\/noticias\/wp-json\/wp\/v2\/comments?post=148586"}],"version-history":[{"count":0,"href":"https:\/\/lavozdehellin.com\/noticias\/wp-json\/wp\/v2\/posts\/148586\/revisions"}],"wp:featuredmedia":[{"embeddable":true,"href":"https:\/\/lavozdehellin.com\/noticias\/wp-json\/wp\/v2\/media\/148587"}],"wp:attachment":[{"href":"https:\/\/lavozdehellin.com\/noticias\/wp-json\/wp\/v2\/media?parent=148586"}],"wp:term":[{"taxonomy":"category","embeddable":true,"href":"https:\/\/lavozdehellin.com\/noticias\/wp-json\/wp\/v2\/categories?post=148586"},{"taxonomy":"post_tag","embeddable":true,"href":"https:\/\/lavozdehellin.com\/noticias\/wp-json\/wp\/v2\/tags?post=148586"}],"curies":[{"name":"wp","href":"https:\/\/api.w.org\/{rel}","templated":true}]}}