{"id":148590,"date":"2023-10-03T14:16:33","date_gmt":"2023-10-03T13:16:33","guid":{"rendered":"https:\/\/lavozdehellin.com\/noticias\/?p=148590"},"modified":"2024-02-26T17:58:11","modified_gmt":"2024-02-26T16:58:11","slug":"v08-258-mas-de-mil-alumnos-y-alumnas-de-seis-localidades-compartiran-charla-con-el-escritor-albaceteno-david-olivas-en-el-marco-del-programa-lectibe","status":"publish","type":"post","link":"https:\/\/lavozdehellin.com\/noticias\/v08-258-mas-de-mil-alumnos-y-alumnas-de-seis-localidades-compartiran-charla-con-el-escritor-albaceteno-david-olivas-en-el-marco-del-programa-lectibe\/","title":{"rendered":"LVH NOTICIAS | M\u00c1S DE MIL ALUMNOS Y ALUMNAS DE SEIS LOCALIDADES COMPARTIR\u00c1N CHARLA CON EL ESCRITOR ALBACETE\u00d1O DAVID OLIVAS EN EL MARCO DEL PROGRAMA LECTIBE"},"content":{"rendered":"<p style=\"text-align: justify;\">El escritor albacete\u00f1o David Olivas es el \u2018padrino\u2019 escogido para el inicio de curso de los Clubes de Lectura juvenil del proyecto Lectibe.<\/p>\n<p><!--more--><br \/>\n<!--publicidad-voz01--><a href=\"https:\/\/www.facebook.com\/SoloRadioHellin\/?locale=es_ES\"><img decoding=\"async\" class=\"alignnone size-medium\" src=\"https:\/\/blogger.googleusercontent.com\/img\/b\/R29vZ2xl\/AVvXsEiNncirNnyGedv00mhjZjh5Wl4_YPdJGanoAl8tL8zH-HwqE8uHqjEfSt340RHdx-9tuCSIkZ8rFamZiGyYlgDGxCsmXjCH_1xk5eYM3ntFZRvJP_jndOKR7w1UAo9Tu0vrZyOLfqRpHIxYI5SymJJ-pfGCQw6QVpggBH-UgfjiFQ2JOxqxG0Jx94kW83c\/s1600\/logo-principal.jpg\" width=\"100%\" height=\"100\" \/><\/a><!--bestpublic-voz01--><!--desk-in-out-voz01--><br \/>\n<!--publicidad-voz02--><a href=\"https:\/\/www.hellincf.com\/\"><img decoding=\"async\" class=\"alignnone size-medium\" src=\"https:\/\/blogger.googleusercontent.com\/img\/b\/R29vZ2xl\/AVvXsEhuZ4-XfBVj3UtdP8-RZugy3WVrg-Zv28c53m4oV47qYCxL1rX_dqWX_YddsGSnpH5SRDqZ7bZeKPIfDVCDncpjVlhy3aQs2vojcJBn7Gdv9hC2_Nzct_pRFrnFE1a7KTCdY1bT_kAgnY3-iadRZrGeJf1fR2P5fu11bokx0pWjaypoy-ctwCjklldpEbA\/s1600\/logo-principal7.jpg\" width=\"100%\" height=\"100\" \/><\/a><!--bestpublic-voz02--><!--desk-in-out-voz02--><\/p>\n<p style=\"text-align: justify;\">Hasta este pr\u00f3ximo 6 de octubre, m\u00e1s de 1.000 alumnos y alumnas de 3\u00ba y 4\u00ba de E.S.O. as\u00ed como de 1\u00ba y 2\u00ba de Bachillerato de 6 localidades (Albacete, Hell\u00edn, Caudete, Tarazona de la Mancha, Villamalea y Casas Ib\u00e1\u00f1ez), mantendr\u00e1n un encuentro con el autor, con el que hablar\u00e1n tanto de su obra como de su proceso creativo.<\/p>\n<p style=\"text-align: justify;\">Se trata de una actividad divulgativa coordinada y gestionada por el \u00c1rea de Educaci\u00f3n y Cultura de la Diputaci\u00f3n Provincial de Albacete, la Secci\u00f3n del Libro, Archivos, Bibliotecas de la Delegaci\u00f3n Provincial de Educaci\u00f3n, Cultura y Deportes de la JCCM y la Biblioteca Municipal de Hell\u00edn, en colaboraci\u00f3n con ayuntamientos y bibliotecas de las localidades participantes: Casas Ib\u00e1\u00f1ez, Caudete, Villamalea, Hell\u00edn, Centro Joven de Tarazona de la Mancha y Albacete (a trav\u00e9s del Club de Lectura del IES Universidad Laboral).<\/p>\n<p style=\"text-align: justify;\">En l\u00ednea con su compromiso de educar en valores y fomentar los h\u00e1bito de lectura y creaci\u00f3n en los y las j\u00f3venes, esta actividad responde al objetivo de crear un espacio de encuentro donde promocionar el proyecto Lectibe a trav\u00e9s de los Clubes de Lectura juveniles impulsando el inter\u00e9s por la afici\u00f3n de leer, en este caso, a trav\u00e9s del encuentro con David Olivas.<\/p>\n<p style=\"text-align: justify;\">El autor acaba de presentar en Albacete su nuevo libro, \u2018Te veo en el cielo\u2019 y ha sido escogido para sumarse al proyecto Lectibe protagonizando esta actividad destinada al sector de poblaci\u00f3n juvenil y, espec\u00edficamente, a los centros de Educaci\u00f3n Secundaria con p\u00fablico susceptible de incorporarse a los Clubes de Lectura juvenil integrados en Lectibe, posibilitando un espacio de creaci\u00f3n y dinamizaci\u00f3n lectora a trav\u00e9s del encuentro con el autor, cuya citada novela formar\u00e1 parte de la programaci\u00f3n anual de lecturas y se leer\u00e1 este oto\u00f1o.<\/p>\n<p style=\"text-align: justify;\">Tras esta primera \u2018ronda de encuentros\u2019 en los primeros compases del curso escolar, David Olivas se volver\u00e1 a reunir (en torno a diciembre) con j\u00f3venes que participan en dichos clubes de lectura para comentar su obra.<\/p>\n<p style=\"text-align: justify;\">M\u00e1s sobre David Olivas<\/p>\n<p style=\"text-align: justify;\">David Olivas (Albacete, 1996) es fot\u00f3grafo y escritor. Ha estudiado Direcci\u00f3n de Fotograf\u00eda en la Escuela Superior de Cine y Audiovisuales de Catalu\u00f1a (ESCAC) y ha realizado videoclips musicales tanto en Espa\u00f1a como en Estados Unidos. Ganador del programa de televisi\u00f3n Top Photo, entre sus \u00faltimos trabajos destaca el formar parte del equipo de fotograf\u00eda de la mayor producci\u00f3n de Netflix en Europa en 2022.<\/p>\n<p style=\"text-align: justify;\">Con tan solo veinte a\u00f1os, public\u00f3 \u2018Serendipia\u2019, un poemario ilustrado con sus fotograf\u00edas que lleg\u00f3 a encabezar las listas de los libros m\u00e1s vendidos. \u2018Tras La misma br\u00fajula\u2019 (2017) y \u2018La luz que siempre te di\u2019 (2018), dio un paso firme con \u2018El vuelo de la mariposa\u2019, su primera novela para adultos. Su segunda novela, \u2018El susurro del \u00e1ngel\u2019, est\u00e1 en plena preproducci\u00f3n de su adaptaci\u00f3n al cine. \u2018Te veo en el cielo\u2019 es su tercera novela con Plaza &amp;.<\/p>\n<p style=\"text-align: justify;\">M\u00e1s sobre el Proyecto Lectibe<\/p>\n<p style=\"text-align: justify;\">El proyecto Lectibe es una iniciativa que surge como continuaci\u00f3n del proyecto europeo Comenius Regio (los actuales Erasmus+) \u2018Lectores Ib\u00e9ricos: Clubes de Lectura\u2019. Participan 6 Clubes de Lectura juveniles de la provincia de Albacete destacando, entre las actividades promovidas cada a\u00f1o, este tipo de encuentros con autores.<\/p>\n<p style=\"text-align: justify;\">Lectibe tiene entre sus objetivos: mejorar las Competencias B\u00e1sicas del alumnado de Educaci\u00f3n Secundaria Obligatoria, con especial atenci\u00f3n a la competencia lectora entre este alumnado juvenil (puesto que tiene relaci\u00f3n directa con la mejora de su rendimiento acad\u00e9mico y motivaci\u00f3n); as\u00ed como impulsar su Competencia Digital, ya que se va a utilizar para fomentar el inter\u00e9s y motivaci\u00f3n del alumnado en estas edades hacia la lectura, usando eReaders y otros dispositivos electr\u00f3nicos.<\/p>\n<p style=\"text-align: justify;\">Lectibe 2 pretende crear una red de cooperaci\u00f3n y coordinaci\u00f3n a nivel local entrando a formar parte todos los agentes educativos implicados. En el caso de la Diputaci\u00f3n de Albacete, los Clubes de Lectura se promueven desde el \u00e1rea de Educaci\u00f3n y Cultura junto a la Secci\u00f3n del Libro, Archivos, Bibliotecas de la Delegaci\u00f3n Provincial de Educaci\u00f3n, Cultura y Deportes y los ayuntamientos de los municipios que cuentan con estos clubes, siendo tambi\u00e9n inestimable la colaboraci\u00f3n de los centros educativos.<\/p>\n<p><!--publicidad-voz03--><a href=\"https:\/\/www.facebook.com\/profile.php?id=100063593791305&amp;locale=es_ES\"><img decoding=\"async\" class=\"alignnone size-medium\" src=\"https:\/\/blogger.googleusercontent.com\/img\/b\/R29vZ2xl\/AVvXsEi8_n_ll8UOcGxCqzFvb_9Io4ICczlGC990BPtPj2w9Px-u7B3oqWUW5vtjZUqPNJ-nyjiUIorE0ATsib_l5tV8BVN-UJ03RTnU__IHJF_4DgDBtY4LIqXNG-FomrO-7ywes20CBCRM2Hcm7EJSh3UUw1dO-c_uTflUrtgY1i7uBRezj_DpympmEFkfbQY\/s1600\/logo-principal2.jpg\" width=\"100%\" height=\"100\" \/><\/a><!--bestpublic-voz03--><!--desk-in-out-voz03--><br \/>\n<!--publicidad-voz04--><a href=\"https:\/\/www.facebook.com\/profile.php?id=61557370768692&amp;locale=es_ES\"><img decoding=\"async\" class=\"alignnone size-medium\" src=\"https:\/\/blogger.googleusercontent.com\/img\/b\/R29vZ2xl\/AVvXsEgy5RdcfffrnrItnYTcV9bCJjgJwldsQLWssfVfrLbyfXeBNTFKgBf0rMIvhrUaGUhiXzVr9_eQgCbi-j63ZDpfTvLIty9w7s140y-m1yHe7eKmEK7v2NAHUJDVYGdfeiQFeRCqUjdwWmN1MX_AUxxz4IVdJ4WIM0APxit8bjWkXzrnEFGqBvW_1F13H1g\/s1600\/logo-principal5.jpg\" width=\"100%\" height=\"100\" \/><\/a><!--bestpublic-voz04--><!--desk-in-out-voz04--><br \/>\n<!--publicidad-voz05--><a href=\"https:\/\/www.facebook.com\/asociaciontamborileroshellin?locale=es_ES\"><img decoding=\"async\" class=\"alignnone size-medium\" src=\"https:\/\/blogger.googleusercontent.com\/img\/b\/R29vZ2xl\/AVvXsEhHEEpZsKK1VpwiYMrS7aE2ujtqIDZoLd4B5wtbiseSU9s2HdTdQfhF84So2XwEB1fv0BLw95GADm6hUl1bkKtzh-eIgVigXONuu_5RxeIMPhjk8q6uNX4EaEHbooKkbu7pCADWPpVJjhKIH5NQSJpWqedC-YBez4QAQeJYokkLot9bhrIaUAeztsGis6M\/s1600\/logo-principal3.jpg\" width=\"100%\" height=\"100\" \/><\/a><!--bestpublic-voz05--><!--desk-in-out-voz05--><br \/>\n<!--publicidad-voz06--><!--bestpublic-voz06--><!--desk-in-out-voz06--><br \/>\n<!--publicidad-voz07--><!--bestpublic-voz07--><!--desk-in-out-voz07--><br \/>\n<!--publicidad-voz08--><!--bestpublic-voz08--><!--desk-in-out-voz08--><br \/>\n<!--publicidad-voz09--><!--bestpublic-voz09--><!--desk-in-out-voz09--><br \/>\n<!--publicidad-voz10--><!--bestpublic-voz10--><!--desk-in-out-voz10--><br \/>\n<!--publicidad-voz11--><!--bestpublic-voz11--><!--desk-in-out-voz11--><br \/>\n<!--publicidad-voz12--><!--bestpublic-voz12--><!--desk-in-out-voz12--><br \/>\n<!--publicidad-voz13--><!--bestpublic-voz13--><!--desk-in-out-voz13--><br \/>\n<!--publicidad-voz14--><!--bestpublic-voz14--><!--desk-in-out-voz14--><br \/>\n<!--publicidad-voz15--><!--bestpublic-voz15--><!--desk-in-out-voz15--><br \/>\n<!--publicidad-voz16--><!--bestpublic-voz16--><!--desk-in-out-voz16--><\/p>\n","protected":false},"excerpt":{"rendered":"<p>El escritor albacete\u00f1o David Olivas es el \u2018padrino\u2019 escogido para el inicio de curso de los Clubes de Lectura juvenil del proyecto Lectibe.<\/p>\n","protected":false},"author":2,"featured_media":148591,"comment_status":"closed","ping_status":"closed","sticky":false,"template":"","format":"standard","meta":{"footnotes":""},"categories":[753,718,715,716,717],"tags":[],"class_list":["post-148590","post","type-post","status-publish","format-standard","has-post-thumbnail","hentry","category-blog-lv034","category-blogger","category-la-voz-de-hellin","category-la-voz-de-hellin-la-voz-de-hellin","category-noticias"],"_links":{"self":[{"href":"https:\/\/lavozdehellin.com\/noticias\/wp-json\/wp\/v2\/posts\/148590","targetHints":{"allow":["GET"]}}],"collection":[{"href":"https:\/\/lavozdehellin.com\/noticias\/wp-json\/wp\/v2\/posts"}],"about":[{"href":"https:\/\/lavozdehellin.com\/noticias\/wp-json\/wp\/v2\/types\/post"}],"author":[{"embeddable":true,"href":"https:\/\/lavozdehellin.com\/noticias\/wp-json\/wp\/v2\/users\/2"}],"replies":[{"embeddable":true,"href":"https:\/\/lavozdehellin.com\/noticias\/wp-json\/wp\/v2\/comments?post=148590"}],"version-history":[{"count":0,"href":"https:\/\/lavozdehellin.com\/noticias\/wp-json\/wp\/v2\/posts\/148590\/revisions"}],"wp:featuredmedia":[{"embeddable":true,"href":"https:\/\/lavozdehellin.com\/noticias\/wp-json\/wp\/v2\/media\/148591"}],"wp:attachment":[{"href":"https:\/\/lavozdehellin.com\/noticias\/wp-json\/wp\/v2\/media?parent=148590"}],"wp:term":[{"taxonomy":"category","embeddable":true,"href":"https:\/\/lavozdehellin.com\/noticias\/wp-json\/wp\/v2\/categories?post=148590"},{"taxonomy":"post_tag","embeddable":true,"href":"https:\/\/lavozdehellin.com\/noticias\/wp-json\/wp\/v2\/tags?post=148590"}],"curies":[{"name":"wp","href":"https:\/\/api.w.org\/{rel}","templated":true}]}}