{"id":148593,"date":"2023-10-03T09:28:39","date_gmt":"2023-10-03T08:28:39","guid":{"rendered":"https:\/\/lavozdehellin.com\/noticias\/?p=148593"},"modified":"2024-02-26T17:58:12","modified_gmt":"2024-02-26T16:58:12","slug":"v08-257-comienza-con-el-apoyo-de-la-diputacion-de-albacete-una-de-las-ediciones-mas-provincializadas-del-sherpa-que-tambien-crece-en-proyectos-liderados-por-mujeres","status":"publish","type":"post","link":"https:\/\/lavozdehellin.com\/noticias\/v08-257-comienza-con-el-apoyo-de-la-diputacion-de-albacete-una-de-las-ediciones-mas-provincializadas-del-sherpa-que-tambien-crece-en-proyectos-liderados-por-mujeres\/","title":{"rendered":"LVH NOTICIAS | COMIENZA, CON EL APOYO DE LA DIPUTACI\u00d3N DE ALBACETE, UNA DE LAS EDICIONES M\u00c1S PROVINCIALIZADAS DEL \u2018SHERPA\u2019, QUE TAMBI\u00c9N CRECE EN PROYECTOS LIDERADOS POR MUJERES"},"content":{"rendered":"<p style=\"text-align: justify;\">El vicepresidente de la Diputaci\u00f3n de Albacete, Fran Valera, ha dado la bienvenida a los y las 25 participantes de la 11\u00aa edici\u00f3n del Programa de Apoyo al Emprendimiento \u2018Sherpa\u2019 impulsado por la Confederaci\u00f3n de Empresarios de Albacete (FEDA) y la Diputaci\u00f3n de Albacete, con la colaboraci\u00f3n del Ayuntamiento de la capital provincial y de BBVA. Una iniciativa que, como ha comentado, se ha convertido en un faro de \u201coportunidades\u201d para proyectos empresariales en la provincia.<\/p>\n<p><!--more--><br \/>\n<!--publicidad-voz01--><a href=\"https:\/\/www.facebook.com\/SoloRadioHellin\/?locale=es_ES\"><img decoding=\"async\" class=\"alignnone size-medium\" src=\"https:\/\/blogger.googleusercontent.com\/img\/b\/R29vZ2xl\/AVvXsEiNncirNnyGedv00mhjZjh5Wl4_YPdJGanoAl8tL8zH-HwqE8uHqjEfSt340RHdx-9tuCSIkZ8rFamZiGyYlgDGxCsmXjCH_1xk5eYM3ntFZRvJP_jndOKR7w1UAo9Tu0vrZyOLfqRpHIxYI5SymJJ-pfGCQw6QVpggBH-UgfjiFQ2JOxqxG0Jx94kW83c\/s1600\/logo-principal.jpg\" width=\"100%\" height=\"100\" \/><\/a><!--bestpublic-voz01--><!--desk-in-out-voz01--><br \/>\n<!--publicidad-voz02--><a href=\"https:\/\/www.hellincf.com\/\"><img decoding=\"async\" class=\"alignnone size-medium\" src=\"https:\/\/blogger.googleusercontent.com\/img\/b\/R29vZ2xl\/AVvXsEhuZ4-XfBVj3UtdP8-RZugy3WVrg-Zv28c53m4oV47qYCxL1rX_dqWX_YddsGSnpH5SRDqZ7bZeKPIfDVCDncpjVlhy3aQs2vojcJBn7Gdv9hC2_Nzct_pRFrnFE1a7KTCdY1bT_kAgnY3-iadRZrGeJf1fR2P5fu11bokx0pWjaypoy-ctwCjklldpEbA\/s1600\/logo-principal7.jpg\" width=\"100%\" height=\"100\" \/><\/a><!--bestpublic-voz02--><!--desk-in-out-voz02--><\/p>\n<p style=\"text-align: justify;\">Este a\u00f1o destaca un nuevo aumento en la participaci\u00f3n de emprendimientos liderados por mujeres, con 12 proyectos, estando los 13 restantes dirigidos por hombres. Adem\u00e1s, como ha comentado el vicepresidente, dos de esos proyectos femeninos (uno de Chinchilla de Montearag\u00f3n y otro de Motilleja) podr\u00edan optar a beneficiarse de la iniciativa puesta en marcha por la instituci\u00f3n provincial hace dos a\u00f1os a propuesta de su presidente, Santi Caba\u00f1ero: la aportaci\u00f3n econ\u00f3mica adicional que la Diputaci\u00f3n destinar\u00eda al proyecto ganador si se trata de una iniciativa impulsada por una mujer y radicada en n\u00facleos poblacionales con menos de 5.000 habitantes.<\/p>\n<p style=\"text-align: justify;\">Una medida para avanzar en el objetivo del gobierno provincial de impulsar el emprendimiento femenino en entornos rurales a sabiendas de que, como siempre expone el presidente Caba\u00f1ero, las mejores pol\u00edticas contra la despoblaci\u00f3n son las que se impulsan en favor de las mujeres, para no \u2018expulsarlas\u2019 del territorio por falta de oportunidades que les permitan desarrollar su potencial.<\/p>\n<p style=\"text-align: justify;\">Como ha se\u00f1alado Valera en sus palabras hacia los y las protagonistas de este nuevo \u2018Sherpa\u2019, caminar hacia la igualdad de g\u00e9nero, tal y como lo est\u00e1 haciendo este Programa referente, no es solo un gesto, sino un paso audaz hacia una sociedad m\u00e1s justa. As\u00ed, ha se\u00f1alado que la presencia, cada vez mayor, de mujeres en roles empresariales y econ\u00f3micos de liderazgo es \u201cesencial\u201d para alcanzar su verdadera representaci\u00f3n del 50% de la poblaci\u00f3n, siendo \u00e9sta una transformaci\u00f3n \u201cclave\u201d para el desarrollo de los pueblos.<\/p>\n<p style=\"text-align: justify;\">Edici\u00f3n de gran alcance provincial, con proyectos llegados de doce localidades<\/p>\n<p style=\"text-align: justify;\">Adem\u00e1s, ha puesto en valor otra de las grandes caracter\u00edsticas de esta 11\u00aa edici\u00f3n del \u2018Sherpa\u2019 que destaca por su gran alcance provincial, con proyectos provenientes de 12 localidades diferentes, desde Albacete hasta Hell\u00edn, pasando por Villarrobledo, Almansa, Casas Ib\u00e1\u00f1ez, Caudete, Ri\u00f3par, Tarazona de la Mancha, Villamalea, Alcal\u00e1 del J\u00facar, Motilleja y Chinchilla de Montearag\u00f3n.<\/p>\n<p style=\"text-align: justify;\">Una diversidad geogr\u00e1fica que demuestra que \u201cel esp\u00edritu emprendedor se extiende por toda la provincia\u201d, y que cada rinc\u00f3n de Albacete tiene un \u201cpotencial empresarial real\u201d que suma de forma determinante a ese \u2018motor\u2019 que es la capital.<\/p>\n<p style=\"text-align: justify;\">Valera ha aplaudido el propio fondo de todos y cada uno de los proyectos, diversos e innovadores, y que abarcan \u00e1mbitos que van desde la agricultura hasta las energ\u00edas renovables, pasando por la modernizaci\u00f3n digital, el arte, la comida saludable, la artesan\u00eda, el turismo o la sostenibilidad ambiental, entre otros. Algo que refleja \u201cla riqueza de las oportunidades que ofrece el territorio provincial\u201d y muestra c\u00f3mo los emprendedores y las emprendedoras est\u00e1n adoptando \u201cenfoques vanguardistas e innovadores\u201d para enfrentar los desaf\u00edos actuales.<\/p>\n<p style=\"text-align: justify;\">El vicepresidente provincial ha elogiado que, m\u00e1s que un concurso de emprendimiento, el \u2018Sherpa\u2019 es una \u201cgran oportunidad de formaci\u00f3n y crecimiento profesional y personal\u201d. As\u00ed, ha animado a los y las participantes a exprimir al m\u00e1ximo esta experiencia en la que se beneficiar\u00e1n de talleres y asesoramientos personalizados, adem\u00e1s de construir \u201credes de apoyo mutuo\u201d que les ser\u00e1n importantes en su periplo empresarial.<\/p>\n<p><!--publicidad-voz03--><a href=\"https:\/\/www.facebook.com\/profile.php?id=100063593791305&amp;locale=es_ES\"><img decoding=\"async\" class=\"alignnone size-medium\" src=\"https:\/\/blogger.googleusercontent.com\/img\/b\/R29vZ2xl\/AVvXsEi8_n_ll8UOcGxCqzFvb_9Io4ICczlGC990BPtPj2w9Px-u7B3oqWUW5vtjZUqPNJ-nyjiUIorE0ATsib_l5tV8BVN-UJ03RTnU__IHJF_4DgDBtY4LIqXNG-FomrO-7ywes20CBCRM2Hcm7EJSh3UUw1dO-c_uTflUrtgY1i7uBRezj_DpympmEFkfbQY\/s1600\/logo-principal2.jpg\" width=\"100%\" height=\"100\" \/><\/a><!--bestpublic-voz03--><!--desk-in-out-voz03--><br \/>\n<!--publicidad-voz04--><a href=\"https:\/\/www.facebook.com\/profile.php?id=61557370768692&amp;locale=es_ES\"><img decoding=\"async\" class=\"alignnone size-medium\" src=\"https:\/\/blogger.googleusercontent.com\/img\/b\/R29vZ2xl\/AVvXsEgy5RdcfffrnrItnYTcV9bCJjgJwldsQLWssfVfrLbyfXeBNTFKgBf0rMIvhrUaGUhiXzVr9_eQgCbi-j63ZDpfTvLIty9w7s140y-m1yHe7eKmEK7v2NAHUJDVYGdfeiQFeRCqUjdwWmN1MX_AUxxz4IVdJ4WIM0APxit8bjWkXzrnEFGqBvW_1F13H1g\/s1600\/logo-principal5.jpg\" width=\"100%\" height=\"100\" \/><\/a><!--bestpublic-voz04--><!--desk-in-out-voz04--><br \/>\n<!--publicidad-voz05--><a href=\"https:\/\/www.facebook.com\/asociaciontamborileroshellin?locale=es_ES\"><img decoding=\"async\" class=\"alignnone size-medium\" src=\"https:\/\/blogger.googleusercontent.com\/img\/b\/R29vZ2xl\/AVvXsEhHEEpZsKK1VpwiYMrS7aE2ujtqIDZoLd4B5wtbiseSU9s2HdTdQfhF84So2XwEB1fv0BLw95GADm6hUl1bkKtzh-eIgVigXONuu_5RxeIMPhjk8q6uNX4EaEHbooKkbu7pCADWPpVJjhKIH5NQSJpWqedC-YBez4QAQeJYokkLot9bhrIaUAeztsGis6M\/s1600\/logo-principal3.jpg\" width=\"100%\" height=\"100\" \/><\/a><!--bestpublic-voz05--><!--desk-in-out-voz05--><br \/>\n<!--publicidad-voz06--><!--bestpublic-voz06--><!--desk-in-out-voz06--><br \/>\n<!--publicidad-voz07--><!--bestpublic-voz07--><!--desk-in-out-voz07--><br \/>\n<!--publicidad-voz08--><!--bestpublic-voz08--><!--desk-in-out-voz08--><br \/>\n<!--publicidad-voz09--><!--bestpublic-voz09--><!--desk-in-out-voz09--><br \/>\n<!--publicidad-voz10--><!--bestpublic-voz10--><!--desk-in-out-voz10--><br \/>\n<!--publicidad-voz11--><!--bestpublic-voz11--><!--desk-in-out-voz11--><br \/>\n<!--publicidad-voz12--><!--bestpublic-voz12--><!--desk-in-out-voz12--><br \/>\n<!--publicidad-voz13--><!--bestpublic-voz13--><!--desk-in-out-voz13--><br \/>\n<!--publicidad-voz14--><!--bestpublic-voz14--><!--desk-in-out-voz14--><br \/>\n<!--publicidad-voz15--><!--bestpublic-voz15--><!--desk-in-out-voz15--><br \/>\n<!--publicidad-voz16--><!--bestpublic-voz16--><!--desk-in-out-voz16--><\/p>\n","protected":false},"excerpt":{"rendered":"<p>El vicepresidente de la Diputaci\u00f3n de Albacete, Fran Valera, ha dado la bienvenida a los y las 25 participantes de la 11\u00aa edici\u00f3n del Programa de Apoyo al Emprendimiento \u2018Sherpa\u2019&#8230;<\/p>\n","protected":false},"author":2,"featured_media":148594,"comment_status":"closed","ping_status":"closed","sticky":false,"template":"","format":"standard","meta":{"footnotes":""},"categories":[753,718,715,716,717],"tags":[],"class_list":["post-148593","post","type-post","status-publish","format-standard","has-post-thumbnail","hentry","category-blog-lv034","category-blogger","category-la-voz-de-hellin","category-la-voz-de-hellin-la-voz-de-hellin","category-noticias"],"_links":{"self":[{"href":"https:\/\/lavozdehellin.com\/noticias\/wp-json\/wp\/v2\/posts\/148593","targetHints":{"allow":["GET"]}}],"collection":[{"href":"https:\/\/lavozdehellin.com\/noticias\/wp-json\/wp\/v2\/posts"}],"about":[{"href":"https:\/\/lavozdehellin.com\/noticias\/wp-json\/wp\/v2\/types\/post"}],"author":[{"embeddable":true,"href":"https:\/\/lavozdehellin.com\/noticias\/wp-json\/wp\/v2\/users\/2"}],"replies":[{"embeddable":true,"href":"https:\/\/lavozdehellin.com\/noticias\/wp-json\/wp\/v2\/comments?post=148593"}],"version-history":[{"count":0,"href":"https:\/\/lavozdehellin.com\/noticias\/wp-json\/wp\/v2\/posts\/148593\/revisions"}],"wp:featuredmedia":[{"embeddable":true,"href":"https:\/\/lavozdehellin.com\/noticias\/wp-json\/wp\/v2\/media\/148594"}],"wp:attachment":[{"href":"https:\/\/lavozdehellin.com\/noticias\/wp-json\/wp\/v2\/media?parent=148593"}],"wp:term":[{"taxonomy":"category","embeddable":true,"href":"https:\/\/lavozdehellin.com\/noticias\/wp-json\/wp\/v2\/categories?post=148593"},{"taxonomy":"post_tag","embeddable":true,"href":"https:\/\/lavozdehellin.com\/noticias\/wp-json\/wp\/v2\/tags?post=148593"}],"curies":[{"name":"wp","href":"https:\/\/api.w.org\/{rel}","templated":true}]}}