{"id":148596,"date":"2023-10-02T23:11:22","date_gmt":"2023-10-02T22:11:22","guid":{"rendered":"https:\/\/lavozdehellin.com\/noticias\/?p=148596"},"modified":"2024-02-26T17:58:12","modified_gmt":"2024-02-26T16:58:12","slug":"v08-256-el-vicepresidente-de-la-diputacion-participa-en-el-vii-encuentro-que-la-asociacion-de-mujeres-empresarias-de-hellin-amedhe-celebra-en-el-marco-de-la-feria-de-la-localidad","status":"publish","type":"post","link":"https:\/\/lavozdehellin.com\/noticias\/v08-256-el-vicepresidente-de-la-diputacion-participa-en-el-vii-encuentro-que-la-asociacion-de-mujeres-empresarias-de-hellin-amedhe-celebra-en-el-marco-de-la-feria-de-la-localidad\/","title":{"rendered":"LVH NOTICIAS | EL VICEPRESIDENTE DE LA DIPUTACI\u00d3N PARTICIPA EN EL VII ENCUENTRO QUE LA ASOCIACI\u00d3N DE MUJERES EMPRESARIAS DE HELL\u00cdN (AMEDHE) CELEBRA EN EL MARCO DE LA FERIA DE LA LOCALIDAD"},"content":{"rendered":"<p style=\"text-align: justify;\">El vicepresidente de la Diputaci\u00f3n de Albacete, Fran Valera, ha participado en el VII Encuentro de la Asociaci\u00f3n de Mujeres Empresarias de Hell\u00edn (AMEDHE), celebrado en el marco de la Feria local.<\/p>\n<p><!--more--><br \/>\n<!--publicidad-voz01--><a href=\"https:\/\/www.facebook.com\/SoloRadioHellin\/?locale=es_ES\"><img decoding=\"async\" class=\"alignnone size-medium\" src=\"https:\/\/blogger.googleusercontent.com\/img\/b\/R29vZ2xl\/AVvXsEiNncirNnyGedv00mhjZjh5Wl4_YPdJGanoAl8tL8zH-HwqE8uHqjEfSt340RHdx-9tuCSIkZ8rFamZiGyYlgDGxCsmXjCH_1xk5eYM3ntFZRvJP_jndOKR7w1UAo9Tu0vrZyOLfqRpHIxYI5SymJJ-pfGCQw6QVpggBH-UgfjiFQ2JOxqxG0Jx94kW83c\/s1600\/logo-principal.jpg\" width=\"100%\" height=\"100\" \/><\/a><!--bestpublic-voz01--><!--desk-in-out-voz01--><br \/>\n<!--publicidad-voz02--><a href=\"https:\/\/www.hellincf.com\/\"><img decoding=\"async\" class=\"alignnone size-medium\" src=\"https:\/\/blogger.googleusercontent.com\/img\/b\/R29vZ2xl\/AVvXsEhuZ4-XfBVj3UtdP8-RZugy3WVrg-Zv28c53m4oV47qYCxL1rX_dqWX_YddsGSnpH5SRDqZ7bZeKPIfDVCDncpjVlhy3aQs2vojcJBn7Gdv9hC2_Nzct_pRFrnFE1a7KTCdY1bT_kAgnY3-iadRZrGeJf1fR2P5fu11bokx0pWjaypoy-ctwCjklldpEbA\/s1600\/logo-principal7.jpg\" width=\"100%\" height=\"100\" \/><\/a><!--bestpublic-voz02--><!--desk-in-out-voz02--><\/p>\n<p style=\"text-align: justify;\">Durante su intervenci\u00f3n, Valera ha destacado la importancia del trabajo diario y los testimonios inspiradores de las socias de AMEDHE, as\u00ed como la red de talento, compromiso con el territorio y val\u00eda empresarial que representan.<\/p>\n<p style=\"text-align: justify;\">En su discurso, el vicepresidente provincial ha enfatizado la relevancia de \u201ccerrar las brechas de g\u00e9nero que persisten en la sociedad\u201d, y el papel fundamental de colectivos como AMEDHE en este proceso. As\u00ed, ha se\u00f1alado que se est\u00e1n logrando avances significativos, especialmente, en el \u00e1mbito laboral y econ\u00f3mico, con un \u201ccrecimiento hist\u00f3rico\u201d en el n\u00famero de mujeres afiliadas a la Seguridad Social, cerca del 50% de una cifra total tambi\u00e9n de r\u00e9cord que ya camina en los 21 millones de personas.<\/p>\n<p style=\"text-align: justify;\">Valera ha resaltado la necesidad de una pol\u00edtica de Estado que, como la actual, promueva la igualdad real y efectiva de las mujeres con leyes como la Paridad (y su posterior desarrollo), pero tambi\u00e9n ha puesto en relieve la importancia de esa \u201cpol\u00edtica de cercan\u00eda\u201d que nace desde las entidades locales y su colaboraci\u00f3n con organizaciones como AMEDHE para impulsar el cambio y mejorar las comunidades llev\u00e1ndolas hacia la igualdad real y efectiva entre mujeres y hombres.<\/p>\n<p style=\"text-align: justify;\">No en vano, como siempre se\u00f1ala el presidente provincial, Santi Caba\u00f1ero, es un hecho que las mejores pol\u00edticas contra la despoblaci\u00f3n, son las que se impulsan con perspectiva de g\u00e9nero; y con ese objetivo la instituci\u00f3n provincial viene trabajando junto al tejido econ\u00f3mico y social.<\/p>\n<p style=\"text-align: justify;\">Avances en formaci\u00f3n y en corresponsabilidad de la mano de la Diputaci\u00f3n de Albacete<\/p>\n<p style=\"text-align: justify;\">En este sentido, Fran Valera ha recordado algunas de las iniciativas impulsados por la Diputaci\u00f3n de Albacete, como el Programa Dipualba Protege, que ofrece formaci\u00f3n y oportunidades laborales adaptadas a cada territorio a m\u00e1s de 1.400 personas (el 60%, mujeres), medidas de corresponsabilidad y conciliaci\u00f3n (con un presupuesto cuadruplicado este a\u00f1o para lograr avanzar en esos objetivos), y el programa Sherpa de Apoyo al Emprendimiento, que apoya especialmente proyectos liderados por mujeres en \u00e1reas rurales.<\/p>\n<p style=\"text-align: justify;\">Punto en el que Valera ha recordado que, sin ir m\u00e1s lejos, el proyecto ganador del Programa el a\u00f1o pasado era hellinero. Impulsado por Elena L\u00f3pez Mart\u00ednez, \u2018Sweet Gastronomy\u2019 (pasteler\u00eda creativa de tartas personalizadas y productos caseros) gan\u00f3 la d\u00e9cima edici\u00f3n del Programa Sherpa, recibiendo un premio de 6.000 euros y un apoyo adicional del Ayuntamiento de Hell\u00edn.<\/p>\n<p style=\"text-align: justify;\">Con su participaci\u00f3n en eventos como \u00e9ste y de la mano de colectivos como AMEDHE, el gobierno de Caba\u00f1ero refuerza su compromiso con la igualdad de g\u00e9nero y el apoyo a emprendedoras en la provincia de Albacete.<\/p>\n<p style=\"text-align: justify;\">Valera ha compartido este encuentro con la Corporaci\u00f3n Municipal hellinera, as\u00ed como con distintos diputados y diputadas regionales, el coordinador de la JCCM en Albacete y el delegado provincial de Hacienda y Administraciones P\u00fablicas.<\/p>\n<p><!--publicidad-voz03--><a href=\"https:\/\/www.facebook.com\/profile.php?id=100063593791305&amp;locale=es_ES\"><img decoding=\"async\" class=\"alignnone size-medium\" src=\"https:\/\/blogger.googleusercontent.com\/img\/b\/R29vZ2xl\/AVvXsEi8_n_ll8UOcGxCqzFvb_9Io4ICczlGC990BPtPj2w9Px-u7B3oqWUW5vtjZUqPNJ-nyjiUIorE0ATsib_l5tV8BVN-UJ03RTnU__IHJF_4DgDBtY4LIqXNG-FomrO-7ywes20CBCRM2Hcm7EJSh3UUw1dO-c_uTflUrtgY1i7uBRezj_DpympmEFkfbQY\/s1600\/logo-principal2.jpg\" width=\"100%\" height=\"100\" \/><\/a><!--bestpublic-voz03--><!--desk-in-out-voz03--><br \/>\n<!--publicidad-voz04--><a href=\"https:\/\/www.facebook.com\/profile.php?id=61557370768692&amp;locale=es_ES\"><img decoding=\"async\" class=\"alignnone size-medium\" src=\"https:\/\/blogger.googleusercontent.com\/img\/b\/R29vZ2xl\/AVvXsEgy5RdcfffrnrItnYTcV9bCJjgJwldsQLWssfVfrLbyfXeBNTFKgBf0rMIvhrUaGUhiXzVr9_eQgCbi-j63ZDpfTvLIty9w7s140y-m1yHe7eKmEK7v2NAHUJDVYGdfeiQFeRCqUjdwWmN1MX_AUxxz4IVdJ4WIM0APxit8bjWkXzrnEFGqBvW_1F13H1g\/s1600\/logo-principal5.jpg\" width=\"100%\" height=\"100\" \/><\/a><!--bestpublic-voz04--><!--desk-in-out-voz04--><br \/>\n<!--publicidad-voz05--><a href=\"https:\/\/www.facebook.com\/asociaciontamborileroshellin?locale=es_ES\"><img decoding=\"async\" class=\"alignnone size-medium\" src=\"https:\/\/blogger.googleusercontent.com\/img\/b\/R29vZ2xl\/AVvXsEhHEEpZsKK1VpwiYMrS7aE2ujtqIDZoLd4B5wtbiseSU9s2HdTdQfhF84So2XwEB1fv0BLw95GADm6hUl1bkKtzh-eIgVigXONuu_5RxeIMPhjk8q6uNX4EaEHbooKkbu7pCADWPpVJjhKIH5NQSJpWqedC-YBez4QAQeJYokkLot9bhrIaUAeztsGis6M\/s1600\/logo-principal3.jpg\" width=\"100%\" height=\"100\" \/><\/a><!--bestpublic-voz05--><!--desk-in-out-voz05--><br \/>\n<!--publicidad-voz06--><!--bestpublic-voz06--><!--desk-in-out-voz06--><br \/>\n<!--publicidad-voz07--><!--bestpublic-voz07--><!--desk-in-out-voz07--><br \/>\n<!--publicidad-voz08--><!--bestpublic-voz08--><!--desk-in-out-voz08--><br \/>\n<!--publicidad-voz09--><!--bestpublic-voz09--><!--desk-in-out-voz09--><br \/>\n<!--publicidad-voz10--><!--bestpublic-voz10--><!--desk-in-out-voz10--><br \/>\n<!--publicidad-voz11--><!--bestpublic-voz11--><!--desk-in-out-voz11--><br \/>\n<!--publicidad-voz12--><!--bestpublic-voz12--><!--desk-in-out-voz12--><br \/>\n<!--publicidad-voz13--><!--bestpublic-voz13--><!--desk-in-out-voz13--><br \/>\n<!--publicidad-voz14--><!--bestpublic-voz14--><!--desk-in-out-voz14--><br \/>\n<!--publicidad-voz15--><!--bestpublic-voz15--><!--desk-in-out-voz15--><br \/>\n<!--publicidad-voz16--><!--bestpublic-voz16--><!--desk-in-out-voz16--><\/p>\n","protected":false},"excerpt":{"rendered":"<p>El vicepresidente de la Diputaci\u00f3n de Albacete, Fran Valera, ha participado en el VII Encuentro de la Asociaci\u00f3n de Mujeres Empresarias de Hell\u00edn (AMEDHE), celebrado en el marco de la&#8230;<\/p>\n","protected":false},"author":2,"featured_media":148597,"comment_status":"closed","ping_status":"closed","sticky":false,"template":"","format":"standard","meta":{"footnotes":""},"categories":[753,718,715,716,717],"tags":[],"class_list":["post-148596","post","type-post","status-publish","format-standard","has-post-thumbnail","hentry","category-blog-lv034","category-blogger","category-la-voz-de-hellin","category-la-voz-de-hellin-la-voz-de-hellin","category-noticias"],"_links":{"self":[{"href":"https:\/\/lavozdehellin.com\/noticias\/wp-json\/wp\/v2\/posts\/148596","targetHints":{"allow":["GET"]}}],"collection":[{"href":"https:\/\/lavozdehellin.com\/noticias\/wp-json\/wp\/v2\/posts"}],"about":[{"href":"https:\/\/lavozdehellin.com\/noticias\/wp-json\/wp\/v2\/types\/post"}],"author":[{"embeddable":true,"href":"https:\/\/lavozdehellin.com\/noticias\/wp-json\/wp\/v2\/users\/2"}],"replies":[{"embeddable":true,"href":"https:\/\/lavozdehellin.com\/noticias\/wp-json\/wp\/v2\/comments?post=148596"}],"version-history":[{"count":0,"href":"https:\/\/lavozdehellin.com\/noticias\/wp-json\/wp\/v2\/posts\/148596\/revisions"}],"wp:featuredmedia":[{"embeddable":true,"href":"https:\/\/lavozdehellin.com\/noticias\/wp-json\/wp\/v2\/media\/148597"}],"wp:attachment":[{"href":"https:\/\/lavozdehellin.com\/noticias\/wp-json\/wp\/v2\/media?parent=148596"}],"wp:term":[{"taxonomy":"category","embeddable":true,"href":"https:\/\/lavozdehellin.com\/noticias\/wp-json\/wp\/v2\/categories?post=148596"},{"taxonomy":"post_tag","embeddable":true,"href":"https:\/\/lavozdehellin.com\/noticias\/wp-json\/wp\/v2\/tags?post=148596"}],"curies":[{"name":"wp","href":"https:\/\/api.w.org\/{rel}","templated":true}]}}