{"id":148599,"date":"2023-10-02T21:35:33","date_gmt":"2023-10-02T20:35:33","guid":{"rendered":"https:\/\/lavozdehellin.com\/noticias\/?p=148599"},"modified":"2024-02-26T17:58:12","modified_gmt":"2024-02-26T16:58:12","slug":"v08-255-la-diputacion-presente-en-el-169-cumpleanos-de-la-policia-local-de-albacete-referente-provincial-y-nacional-de-servicio-y-compromiso","status":"publish","type":"post","link":"https:\/\/lavozdehellin.com\/noticias\/v08-255-la-diputacion-presente-en-el-169-cumpleanos-de-la-policia-local-de-albacete-referente-provincial-y-nacional-de-servicio-y-compromiso\/","title":{"rendered":"LVH NOTICIAS | LA DIPUTACI\u00d3N, PRESENTE EN EL 169 CUMPLEA\u00d1OS DE LA POLIC\u00cdA LOCAL DE ALBACETE, REFERENTE PROVINCIAL Y NACIONAL DE \u201cSERVICIO Y COMPROMISO\u201d"},"content":{"rendered":"<p style=\"text-align: justify;\">La Polic\u00eda Local de Albacete ha conmemorado con orgullo su 169\u00ba aniversario: una trayectoria llena de servicio y compromiso con la ciudadan\u00eda, tal y como ha resaltado la diputada provincial de Atenci\u00f3n Ciudadana, Ana Albadalejo, que ha asistido al acto celebrado en la Comisar\u00eda de la Polic\u00eda Municipal de Albacete junto a otras autoridades locales, provinciales y regionales.<\/p>\n<p><!--more--><br \/>\n<!--publicidad-voz01--><a href=\"https:\/\/www.facebook.com\/SoloRadioHellin\/?locale=es_ES\"><img decoding=\"async\" class=\"alignnone size-medium\" src=\"https:\/\/blogger.googleusercontent.com\/img\/b\/R29vZ2xl\/AVvXsEiNncirNnyGedv00mhjZjh5Wl4_YPdJGanoAl8tL8zH-HwqE8uHqjEfSt340RHdx-9tuCSIkZ8rFamZiGyYlgDGxCsmXjCH_1xk5eYM3ntFZRvJP_jndOKR7w1UAo9Tu0vrZyOLfqRpHIxYI5SymJJ-pfGCQw6QVpggBH-UgfjiFQ2JOxqxG0Jx94kW83c\/s1600\/logo-principal.jpg\" width=\"100%\" height=\"100\" \/><\/a><!--bestpublic-voz01--><!--desk-in-out-voz01--><br \/>\n<!--publicidad-voz02--><a href=\"https:\/\/www.hellincf.com\/\"><img decoding=\"async\" class=\"alignnone size-medium\" src=\"https:\/\/blogger.googleusercontent.com\/img\/b\/R29vZ2xl\/AVvXsEhuZ4-XfBVj3UtdP8-RZugy3WVrg-Zv28c53m4oV47qYCxL1rX_dqWX_YddsGSnpH5SRDqZ7bZeKPIfDVCDncpjVlhy3aQs2vojcJBn7Gdv9hC2_Nzct_pRFrnFE1a7KTCdY1bT_kAgnY3-iadRZrGeJf1fR2P5fu11bokx0pWjaypoy-ctwCjklldpEbA\/s1600\/logo-principal7.jpg\" width=\"100%\" height=\"100\" \/><\/a><!--bestpublic-voz02--><!--desk-in-out-voz02--><\/p>\n<p style=\"text-align: justify;\">Como es habitual, el evento ha estado marcado por diversos homenajes a agentes del Cuerpo que se han jubilado recientemente, as\u00ed como a ciudadanos y ciudadanas que, con sus acciones, han contribuido en el \u00faltimo a\u00f1o al \u00e9xito de la labor de la Polic\u00eda Local, encabezada por el intendente jefe del Servicio Policial Municipal, Pascual Mart\u00ednez, que ha destacado la esa cooperaci\u00f3n y el esfuerzo conjunto en pro de la seguridad de la ciudad.<\/p>\n<p style=\"text-align: justify;\">La historia de la Polic\u00eda Local de Albacete se remonta a 1854, cuando la ciudad desarroll\u00f3 su primer cuerpo estable y profesional de seguridad, la Guardia Municipal. Un legado que la convierte en una de las m\u00e1s antiguas de Espa\u00f1a. A lo largo de los a\u00f1os, el cuerpo ha demostrado su capacidad de modernizaci\u00f3n y adaptaci\u00f3n constante, consolid\u00e1ndose como un referente no s\u00f3lo a nivel provincial sino tambi\u00e9n nacional, como ha comentado la diputada.<\/p>\n<p style=\"text-align: justify;\">Albadalejo ha resaltado la estrecha colaboraci\u00f3n entre la Polic\u00eda Local y otras Fuerzas y Cuerpos de Seguridad del Estado, as\u00ed como con los colectivos comprometidos con la seguridad ciudadana. En particular, ha destacado el papel determinante desempe\u00f1ado por la Polic\u00eda Local durante la \u00faltima Feria de Albacete, donde sus agentes contribu\u00edan muy directamente al mantenimiento de la seguridad en un evento cada vez m\u00e1s multitudinario y global, asumiendo y abordando con eficacia la complejidad que ello conlleva.<\/p>\n<p><!--publicidad-voz03--><a href=\"https:\/\/www.facebook.com\/profile.php?id=100063593791305&amp;locale=es_ES\"><img decoding=\"async\" class=\"alignnone size-medium\" src=\"https:\/\/blogger.googleusercontent.com\/img\/b\/R29vZ2xl\/AVvXsEi8_n_ll8UOcGxCqzFvb_9Io4ICczlGC990BPtPj2w9Px-u7B3oqWUW5vtjZUqPNJ-nyjiUIorE0ATsib_l5tV8BVN-UJ03RTnU__IHJF_4DgDBtY4LIqXNG-FomrO-7ywes20CBCRM2Hcm7EJSh3UUw1dO-c_uTflUrtgY1i7uBRezj_DpympmEFkfbQY\/s1600\/logo-principal2.jpg\" width=\"100%\" height=\"100\" \/><\/a><!--bestpublic-voz03--><!--desk-in-out-voz03--><br \/>\n<!--publicidad-voz04--><a href=\"https:\/\/www.facebook.com\/profile.php?id=61557370768692&amp;locale=es_ES\"><img decoding=\"async\" class=\"alignnone size-medium\" src=\"https:\/\/blogger.googleusercontent.com\/img\/b\/R29vZ2xl\/AVvXsEgy5RdcfffrnrItnYTcV9bCJjgJwldsQLWssfVfrLbyfXeBNTFKgBf0rMIvhrUaGUhiXzVr9_eQgCbi-j63ZDpfTvLIty9w7s140y-m1yHe7eKmEK7v2NAHUJDVYGdfeiQFeRCqUjdwWmN1MX_AUxxz4IVdJ4WIM0APxit8bjWkXzrnEFGqBvW_1F13H1g\/s1600\/logo-principal5.jpg\" width=\"100%\" height=\"100\" \/><\/a><!--bestpublic-voz04--><!--desk-in-out-voz04--><br \/>\n<!--publicidad-voz05--><a href=\"https:\/\/www.facebook.com\/asociaciontamborileroshellin?locale=es_ES\"><img decoding=\"async\" class=\"alignnone size-medium\" src=\"https:\/\/blogger.googleusercontent.com\/img\/b\/R29vZ2xl\/AVvXsEhHEEpZsKK1VpwiYMrS7aE2ujtqIDZoLd4B5wtbiseSU9s2HdTdQfhF84So2XwEB1fv0BLw95GADm6hUl1bkKtzh-eIgVigXONuu_5RxeIMPhjk8q6uNX4EaEHbooKkbu7pCADWPpVJjhKIH5NQSJpWqedC-YBez4QAQeJYokkLot9bhrIaUAeztsGis6M\/s1600\/logo-principal3.jpg\" width=\"100%\" height=\"100\" \/><\/a><!--bestpublic-voz05--><!--desk-in-out-voz05--><br \/>\n<!--publicidad-voz06--><!--bestpublic-voz06--><!--desk-in-out-voz06--><br \/>\n<!--publicidad-voz07--><!--bestpublic-voz07--><!--desk-in-out-voz07--><br \/>\n<!--publicidad-voz08--><!--bestpublic-voz08--><!--desk-in-out-voz08--><br \/>\n<!--publicidad-voz09--><!--bestpublic-voz09--><!--desk-in-out-voz09--><br \/>\n<!--publicidad-voz10--><!--bestpublic-voz10--><!--desk-in-out-voz10--><br \/>\n<!--publicidad-voz11--><!--bestpublic-voz11--><!--desk-in-out-voz11--><br \/>\n<!--publicidad-voz12--><!--bestpublic-voz12--><!--desk-in-out-voz12--><br \/>\n<!--publicidad-voz13--><!--bestpublic-voz13--><!--desk-in-out-voz13--><br \/>\n<!--publicidad-voz14--><!--bestpublic-voz14--><!--desk-in-out-voz14--><br \/>\n<!--publicidad-voz15--><!--bestpublic-voz15--><!--desk-in-out-voz15--><br \/>\n<!--publicidad-voz16--><!--bestpublic-voz16--><!--desk-in-out-voz16--><\/p>\n","protected":false},"excerpt":{"rendered":"<p>La Polic\u00eda Local de Albacete ha conmemorado con orgullo su 169\u00ba aniversario: una trayectoria llena de servicio y compromiso con la ciudadan\u00eda, tal y como ha resaltado la diputada provincial&#8230;<\/p>\n","protected":false},"author":2,"featured_media":148600,"comment_status":"closed","ping_status":"closed","sticky":false,"template":"","format":"standard","meta":{"footnotes":""},"categories":[753,718,715,716,717],"tags":[],"class_list":["post-148599","post","type-post","status-publish","format-standard","has-post-thumbnail","hentry","category-blog-lv034","category-blogger","category-la-voz-de-hellin","category-la-voz-de-hellin-la-voz-de-hellin","category-noticias"],"_links":{"self":[{"href":"https:\/\/lavozdehellin.com\/noticias\/wp-json\/wp\/v2\/posts\/148599","targetHints":{"allow":["GET"]}}],"collection":[{"href":"https:\/\/lavozdehellin.com\/noticias\/wp-json\/wp\/v2\/posts"}],"about":[{"href":"https:\/\/lavozdehellin.com\/noticias\/wp-json\/wp\/v2\/types\/post"}],"author":[{"embeddable":true,"href":"https:\/\/lavozdehellin.com\/noticias\/wp-json\/wp\/v2\/users\/2"}],"replies":[{"embeddable":true,"href":"https:\/\/lavozdehellin.com\/noticias\/wp-json\/wp\/v2\/comments?post=148599"}],"version-history":[{"count":0,"href":"https:\/\/lavozdehellin.com\/noticias\/wp-json\/wp\/v2\/posts\/148599\/revisions"}],"wp:featuredmedia":[{"embeddable":true,"href":"https:\/\/lavozdehellin.com\/noticias\/wp-json\/wp\/v2\/media\/148600"}],"wp:attachment":[{"href":"https:\/\/lavozdehellin.com\/noticias\/wp-json\/wp\/v2\/media?parent=148599"}],"wp:term":[{"taxonomy":"category","embeddable":true,"href":"https:\/\/lavozdehellin.com\/noticias\/wp-json\/wp\/v2\/categories?post=148599"},{"taxonomy":"post_tag","embeddable":true,"href":"https:\/\/lavozdehellin.com\/noticias\/wp-json\/wp\/v2\/tags?post=148599"}],"curies":[{"name":"wp","href":"https:\/\/api.w.org\/{rel}","templated":true}]}}