{"id":148602,"date":"2023-10-02T14:03:19","date_gmt":"2023-10-02T13:03:19","guid":{"rendered":"https:\/\/lavozdehellin.com\/noticias\/?p=148602"},"modified":"2024-02-26T17:58:12","modified_gmt":"2024-02-26T16:58:12","slug":"v08-254-valera-subraya-que-la-labor-del-cuerpo-nacional-de-policia-es-vital-para-que-el-territorio-avance-a-todos-los-niveles","status":"publish","type":"post","link":"https:\/\/lavozdehellin.com\/noticias\/v08-254-valera-subraya-que-la-labor-del-cuerpo-nacional-de-policia-es-vital-para-que-el-territorio-avance-a-todos-los-niveles\/","title":{"rendered":"LVH NOTICIAS | VALERA SUBRAYA QUE LA LABOR DEL CUERPO NACIONAL DE POLIC\u00cdA ES VITAL PARA QUE EL TERRITORIO AVANCE A TODOS LOS NIVELES"},"content":{"rendered":"<p style=\"text-align: justify;\">La Diputaci\u00f3n de Albacete ha acompa\u00f1ado este lunes a los y las integrantes del Cuerpo Nacional de Polic\u00eda que desempe\u00f1an su labor en el territorio albacetense en los distintos actos desarrollados durante esta ma\u00f1ana con motivo de \u2018su d\u00eda\u2019 en torno a la festividad de los Santos \u00c1ngeles Custodios, patronos del Cuerpo.<\/p>\n<p><!--more--><br \/>\n<!--publicidad-voz01--><a href=\"https:\/\/www.facebook.com\/SoloRadioHellin\/?locale=es_ES\"><img decoding=\"async\" class=\"alignnone size-medium\" src=\"https:\/\/blogger.googleusercontent.com\/img\/b\/R29vZ2xl\/AVvXsEiNncirNnyGedv00mhjZjh5Wl4_YPdJGanoAl8tL8zH-HwqE8uHqjEfSt340RHdx-9tuCSIkZ8rFamZiGyYlgDGxCsmXjCH_1xk5eYM3ntFZRvJP_jndOKR7w1UAo9Tu0vrZyOLfqRpHIxYI5SymJJ-pfGCQw6QVpggBH-UgfjiFQ2JOxqxG0Jx94kW83c\/s1600\/logo-principal.jpg\" width=\"100%\" height=\"100\" \/><\/a><!--bestpublic-voz01--><!--desk-in-out-voz01--><br \/>\n<!--publicidad-voz02--><a href=\"https:\/\/www.hellincf.com\/\"><img decoding=\"async\" class=\"alignnone size-medium\" src=\"https:\/\/blogger.googleusercontent.com\/img\/b\/R29vZ2xl\/AVvXsEhuZ4-XfBVj3UtdP8-RZugy3WVrg-Zv28c53m4oV47qYCxL1rX_dqWX_YddsGSnpH5SRDqZ7bZeKPIfDVCDncpjVlhy3aQs2vojcJBn7Gdv9hC2_Nzct_pRFrnFE1a7KTCdY1bT_kAgnY3-iadRZrGeJf1fR2P5fu11bokx0pWjaypoy-ctwCjklldpEbA\/s1600\/logo-principal7.jpg\" width=\"100%\" height=\"100\" \/><\/a><!--bestpublic-voz02--><!--desk-in-out-voz02--><\/p>\n<p style=\"text-align: justify;\">En primer lugar, el diputado Jos\u00e9 Antonio G\u00f3mez ha asistido a la celebraci\u00f3n del acto religioso que, tradicionalmente, se dedica a esta efem\u00e9ride en la Catedral de Albacete reuniendo a una nutrida representaci\u00f3n institucional y social encabezada por el subdelegado del Gobierno de Espa\u00f1a en Albacete, Miguel Juan Espinosa Plaza, y el comisario jefe de la Comisar\u00eda Provincial de Albacete, Antonio Bueno.<\/p>\n<p style=\"text-align: justify;\">Despu\u00e9s, en el Palacio de Congresos, ha sido el vicepresidente provincial, Fran Valera, quien ha participado en el acto institucional en el que ha tenido ocasi\u00f3n de imponer alguna de las distintas condecoraciones de ingreso en la orden del M\u00e9rito Policial que se han entregado en el marco de este encuentro.<\/p>\n<p style=\"text-align: justify;\">Un CNP en constante adaptaci\u00f3n<\/p>\n<p style=\"text-align: justify;\">Como es habitual en un marco de reconocimiento y de homenaje como \u00e9ste, Fran Valera ha aprovechado para trasladarle en nombre de la provincia, tanto al subdelegado como al comisario, su felicitaci\u00f3n y su agradecimiento: Lo primero, por el \u201cgrand\u00edsimo trabajo\u201d que los y las efectivos del CNP en Albacete desarrollan y que es \u201ccrucial\u201d para que la ciudad (y, con ella, el conjunto de la provincia), sean un destino cada vez m\u00e1s interesante para potenciales visitantes pero, sobre todo, el sitio perfecto para quienes eligen vivir en \u00e9l. Lo segundo porque, sin esa gran labor (desempe\u00f1ada, adem\u00e1s, \u201ccon profesionalidad y cercan\u00eda\u201d, es vital para que el territorio siga avanzando a todos los niveles.<\/p>\n<p style=\"text-align: justify;\">Algo que acaban de demostrar, desde la estrecha colaboraci\u00f3n con muchos otros colectivos profesionales del \u00e1mbito de las emergencias, en una nueva Feria de Albacete \u2018de r\u00e9cord\u2019 y en la que, a pesar del alt\u00edsimo volumen de personas que pasaban por ella cada jornada, la seguridad ha conseguido ser nuevamente, de forma mayoritaria, una de sus grandes se\u00f1as de identidad.<\/p>\n<p style=\"text-align: justify;\">En este sentido, ha se\u00f1alado el af\u00e1n de modernizaci\u00f3n y optimizaci\u00f3n de recursos que es la t\u00f3nica en este servicio p\u00fablico esencial, recicl\u00e1ndose constantemente e incorporando nuevos conocimientos y procedimientos que van acomod\u00e1ndose a las necesidades cambiantes de la propia poblaci\u00f3n en relaci\u00f3n a esos delitos emergentes o situaciones de peligro que la realidad va planteando y que, en muchas ocasiones, precisan de una formaci\u00f3n as\u00ed como de unos recursos espec\u00edficos, cada vez m\u00e1s ligados a la tecnolog\u00eda y la digitalizaci\u00f3n.<\/p>\n<p style=\"text-align: justify;\">D\u00eda de merecidos reconocimientos y homenajes<\/p>\n<p style=\"text-align: justify;\">Durante el acto, que culminaba con el Himno de Espa\u00f1a, se han otorgado distintas Cruces al M\u00e9rito Policial con Distintivo Blanco y se ha impuesto al Orden del M\u00e9rito Policial con Distintivo Blanco diferentes personas ajenas a la Polic\u00eda Nacional, as\u00ed como unos galardones propios de la Comisar\u00eda que se han entregados a sendas acciones humanitarias que han salvado vidas en el que, sin duda, ha sido uno de los momentos m\u00e1s emocionantes del encuentro, junto al sentido recuerdo a los y las integrantes del CNP y de las dem\u00e1s Fuerzas y Cuerpos de Seguridad del Estado que, m\u00e1s all\u00e1 de toda obligaci\u00f3n legal, han entregado su vida en el cumplimiento de su profesi\u00f3n.<\/p>\n<p><!--publicidad-voz03--><a href=\"https:\/\/www.facebook.com\/profile.php?id=100063593791305&amp;locale=es_ES\"><img decoding=\"async\" class=\"alignnone size-medium\" src=\"https:\/\/blogger.googleusercontent.com\/img\/b\/R29vZ2xl\/AVvXsEi8_n_ll8UOcGxCqzFvb_9Io4ICczlGC990BPtPj2w9Px-u7B3oqWUW5vtjZUqPNJ-nyjiUIorE0ATsib_l5tV8BVN-UJ03RTnU__IHJF_4DgDBtY4LIqXNG-FomrO-7ywes20CBCRM2Hcm7EJSh3UUw1dO-c_uTflUrtgY1i7uBRezj_DpympmEFkfbQY\/s1600\/logo-principal2.jpg\" width=\"100%\" height=\"100\" \/><\/a><!--bestpublic-voz03--><!--desk-in-out-voz03--><br \/>\n<!--publicidad-voz04--><a href=\"https:\/\/www.facebook.com\/profile.php?id=61557370768692&amp;locale=es_ES\"><img decoding=\"async\" class=\"alignnone size-medium\" src=\"https:\/\/blogger.googleusercontent.com\/img\/b\/R29vZ2xl\/AVvXsEgy5RdcfffrnrItnYTcV9bCJjgJwldsQLWssfVfrLbyfXeBNTFKgBf0rMIvhrUaGUhiXzVr9_eQgCbi-j63ZDpfTvLIty9w7s140y-m1yHe7eKmEK7v2NAHUJDVYGdfeiQFeRCqUjdwWmN1MX_AUxxz4IVdJ4WIM0APxit8bjWkXzrnEFGqBvW_1F13H1g\/s1600\/logo-principal5.jpg\" width=\"100%\" height=\"100\" \/><\/a><!--bestpublic-voz04--><!--desk-in-out-voz04--><br \/>\n<!--publicidad-voz05--><a href=\"https:\/\/www.facebook.com\/asociaciontamborileroshellin?locale=es_ES\"><img decoding=\"async\" class=\"alignnone size-medium\" src=\"https:\/\/blogger.googleusercontent.com\/img\/b\/R29vZ2xl\/AVvXsEhHEEpZsKK1VpwiYMrS7aE2ujtqIDZoLd4B5wtbiseSU9s2HdTdQfhF84So2XwEB1fv0BLw95GADm6hUl1bkKtzh-eIgVigXONuu_5RxeIMPhjk8q6uNX4EaEHbooKkbu7pCADWPpVJjhKIH5NQSJpWqedC-YBez4QAQeJYokkLot9bhrIaUAeztsGis6M\/s1600\/logo-principal3.jpg\" width=\"100%\" height=\"100\" \/><\/a><!--bestpublic-voz05--><!--desk-in-out-voz05--><br \/>\n<!--publicidad-voz06--><!--bestpublic-voz06--><!--desk-in-out-voz06--><br \/>\n<!--publicidad-voz07--><!--bestpublic-voz07--><!--desk-in-out-voz07--><br \/>\n<!--publicidad-voz08--><!--bestpublic-voz08--><!--desk-in-out-voz08--><br \/>\n<!--publicidad-voz09--><!--bestpublic-voz09--><!--desk-in-out-voz09--><br \/>\n<!--publicidad-voz10--><!--bestpublic-voz10--><!--desk-in-out-voz10--><br \/>\n<!--publicidad-voz11--><!--bestpublic-voz11--><!--desk-in-out-voz11--><br \/>\n<!--publicidad-voz12--><!--bestpublic-voz12--><!--desk-in-out-voz12--><br \/>\n<!--publicidad-voz13--><!--bestpublic-voz13--><!--desk-in-out-voz13--><br \/>\n<!--publicidad-voz14--><!--bestpublic-voz14--><!--desk-in-out-voz14--><br \/>\n<!--publicidad-voz15--><!--bestpublic-voz15--><!--desk-in-out-voz15--><br \/>\n<!--publicidad-voz16--><!--bestpublic-voz16--><!--desk-in-out-voz16--><\/p>\n","protected":false},"excerpt":{"rendered":"<p>La Diputaci\u00f3n de Albacete ha acompa\u00f1ado este lunes a los y las integrantes del Cuerpo Nacional de Polic\u00eda que desempe\u00f1an su labor en el territorio albacetense en los distintos actos&#8230;<\/p>\n","protected":false},"author":2,"featured_media":148603,"comment_status":"closed","ping_status":"closed","sticky":false,"template":"","format":"standard","meta":{"footnotes":""},"categories":[753,718,715,716,717],"tags":[],"class_list":["post-148602","post","type-post","status-publish","format-standard","has-post-thumbnail","hentry","category-blog-lv034","category-blogger","category-la-voz-de-hellin","category-la-voz-de-hellin-la-voz-de-hellin","category-noticias"],"_links":{"self":[{"href":"https:\/\/lavozdehellin.com\/noticias\/wp-json\/wp\/v2\/posts\/148602","targetHints":{"allow":["GET"]}}],"collection":[{"href":"https:\/\/lavozdehellin.com\/noticias\/wp-json\/wp\/v2\/posts"}],"about":[{"href":"https:\/\/lavozdehellin.com\/noticias\/wp-json\/wp\/v2\/types\/post"}],"author":[{"embeddable":true,"href":"https:\/\/lavozdehellin.com\/noticias\/wp-json\/wp\/v2\/users\/2"}],"replies":[{"embeddable":true,"href":"https:\/\/lavozdehellin.com\/noticias\/wp-json\/wp\/v2\/comments?post=148602"}],"version-history":[{"count":0,"href":"https:\/\/lavozdehellin.com\/noticias\/wp-json\/wp\/v2\/posts\/148602\/revisions"}],"wp:featuredmedia":[{"embeddable":true,"href":"https:\/\/lavozdehellin.com\/noticias\/wp-json\/wp\/v2\/media\/148603"}],"wp:attachment":[{"href":"https:\/\/lavozdehellin.com\/noticias\/wp-json\/wp\/v2\/media?parent=148602"}],"wp:term":[{"taxonomy":"category","embeddable":true,"href":"https:\/\/lavozdehellin.com\/noticias\/wp-json\/wp\/v2\/categories?post=148602"},{"taxonomy":"post_tag","embeddable":true,"href":"https:\/\/lavozdehellin.com\/noticias\/wp-json\/wp\/v2\/tags?post=148602"}],"curies":[{"name":"wp","href":"https:\/\/api.w.org\/{rel}","templated":true}]}}