{"id":148659,"date":"2023-10-02T12:47:59","date_gmt":"2023-10-02T11:47:59","guid":{"rendered":"https:\/\/lavozdehellin.com\/noticias\/?p=148659"},"modified":"2024-02-26T19:36:18","modified_gmt":"2024-02-26T18:36:18","slug":"v08-302-diputacion-y-ayuntamiento-apoyan-un-ano-mas-las-jornadas-de-la-tapa-que-en-su-xvii-edicion-cuentan-con-la-participacion-de-cerca-de-100-establecimientos-hosteleros","status":"publish","type":"post","link":"https:\/\/lavozdehellin.com\/noticias\/v08-302-diputacion-y-ayuntamiento-apoyan-un-ano-mas-las-jornadas-de-la-tapa-que-en-su-xvii-edicion-cuentan-con-la-participacion-de-cerca-de-100-establecimientos-hosteleros\/","title":{"rendered":"LVH NOTICIAS | DIPUTACI\u00d3N Y AYUNTAMIENTO APOYAN UN A\u00d1O M\u00c1S LAS JORNADAS DE LA TAPA QUE EN SU XVII EDICI\u00d3N CUENTAN CON LA PARTICIPACI\u00d3N DE CERCA DE 100 ESTABLECIMIENTOS HOSTELEROS"},"content":{"rendered":"<p style=\"text-align: justify;\">Albacete acoger\u00e1 un a\u00f1o m\u00e1s las tan esperadas Jornadas de la Tapa de la Asociaci\u00f3n Provincial de Empresarios de Hosteler\u00eda y Turismo (APEHY) que, en su XVII edici\u00f3n contar\u00e1n con la participaci\u00f3n de cerca de 100 establecimientos hosteleros y la colaboraci\u00f3n de la Diputaci\u00f3n Provincial y el Ayuntamiento como un ejemplo m\u00e1s de su apuesta firme y decidida por un sector clave y estrat\u00e9gico para la generaci\u00f3n de riqueza y empleo, como es el hostelero.<\/p>\n<p><!--more--><br \/>\n<!--publicidad-voz01--><a href=\"https:\/\/www.facebook.com\/SoloRadioHellin\/?locale=es_ES\"><img decoding=\"async\" class=\"alignnone size-medium\" src=\"https:\/\/blogger.googleusercontent.com\/img\/b\/R29vZ2xl\/AVvXsEiNncirNnyGedv00mhjZjh5Wl4_YPdJGanoAl8tL8zH-HwqE8uHqjEfSt340RHdx-9tuCSIkZ8rFamZiGyYlgDGxCsmXjCH_1xk5eYM3ntFZRvJP_jndOKR7w1UAo9Tu0vrZyOLfqRpHIxYI5SymJJ-pfGCQw6QVpggBH-UgfjiFQ2JOxqxG0Jx94kW83c\/s1600\/logo-principal.jpg\" width=\"100%\" height=\"100\" \/><\/a><!--bestpublic-voz01--><!--desk-in-out-voz01--><br \/>\n<!--publicidad-voz02--><a href=\"https:\/\/www.hellincf.com\/\"><img decoding=\"async\" class=\"alignnone size-medium\" src=\"https:\/\/blogger.googleusercontent.com\/img\/b\/R29vZ2xl\/AVvXsEhuZ4-XfBVj3UtdP8-RZugy3WVrg-Zv28c53m4oV47qYCxL1rX_dqWX_YddsGSnpH5SRDqZ7bZeKPIfDVCDncpjVlhy3aQs2vojcJBn7Gdv9hC2_Nzct_pRFrnFE1a7KTCdY1bT_kAgnY3-iadRZrGeJf1fR2P5fu11bokx0pWjaypoy-ctwCjklldpEbA\/s1600\/logo-principal7.jpg\" width=\"100%\" height=\"100\" \/><\/a><!--bestpublic-voz02--><!--desk-in-out-voz02--><\/p>\n<p style=\"text-align: justify;\">Unas Jornadas que esta ma\u00f1ana han sido presentadas por la diputada provincial de Turismo, Raquel Ruiz; la concejala de Hosteler\u00eda y Turismo, Rosa Gonz\u00e1lez de la Aleja; y el tesorero de la Asociaci\u00f3n Provincial de Empresarios de Hosteler\u00eda y Turismo de Albacete, Ra\u00fal Moreno, y que se desarrollar\u00e1n del 5 al 29 de este mes, de jueves a domingo, siendo el precio de la tapa de 3 euros y con ca\u00f1a de 4 euros.<\/p>\n<p style=\"text-align: justify;\">Apuesta decidida por \u201cun sector clave en la oferta tur\u00edstica provincial\u201d<\/p>\n<p style=\"text-align: justify;\">La diputada de Turismo, Raquel Ruiz, que ha destacado la colaboraci\u00f3n entre la instituci\u00f3n provincial y el Ayuntamiento, ha subrayado que para la Diputaci\u00f3n es un orgullo formar parte de todo cuando pone en marcha la APETH, indicando que a trav\u00e9s del convenio anual de colaboraci\u00f3n que suscriben son muchos los proyectos y sinergias que emprenden \u201ccon el objetivo compartido de dinamizar la econ\u00f3mica de la capital y de toda la provincia\u201d.<\/p>\n<p style=\"text-align: justify;\">De hecho, Ruiz ha agradecido a la asociaci\u00f3n la labor diaria que realiza en el conjunto del territorio albacetense y, centr\u00e1ndose en \u201cesta emblem\u00e1tica iniciativa que, aunque nace del sector hostelero, es tambi\u00e9n un aliciente para otros como el comercio y el ocio nocturno\u201d, ha afirmado que supone una apuesta directa por un sector clave en la oferta tur\u00edstica provincial que, adem\u00e1s, \u201ces referente a nivel nacional cada vez con m\u00e1s calidad y mejor posicionados\u201d, al tiempo que ha aprovechado la ocasi\u00f3n para felicitar p\u00fablicamente al presidente de la APETH (David Gim\u00e9nez) por su reciente elecci\u00f3n como m\u00e1ximo responsable de la Federaci\u00f3n Regional.<\/p>\n<p style=\"text-align: justify;\">La responsable provincial, que ha ensalzado la gastronom\u00eda y los productos provinciales como parte del \u00e9xito del sector, ha concluido animando al conjunto de la ciudadan\u00eda a disfrutar de estas jornadas.<\/p>\n<p style=\"text-align: justify;\">Albacete, nuevamente en el epicentro de la gastronom\u00eda regional y nacional<\/p>\n<p style=\"text-align: justify;\">Por su parte, la concejala de Hosteler\u00eda y Turismo, Rosa Gonz\u00e1lez de la Aleja, ha puesto en valor la importancia que tienen estas \u201cconsolidadas jornadas\u201d para la ciudad, asegurando que \u201cnuevamente sit\u00faan a Albacete en el epicentro de la gastronom\u00eda de Castilla-La Mancha y de Espa\u00f1a\u201d.<\/p>\n<p style=\"text-align: justify;\">En este sentido, Rosa Gonz\u00e1lez de la Aleja ha se\u00f1alado que \u201cno existe en otro lugar unas jornadas de la tapa donde participen tantos y tan variados establecimientos hosteleros, concretamente 98, cinco m\u00e1s que en la pasada edici\u00f3n\u201d, lo que supone \u201ctodo un orgullo para el Ayuntamiento contar con tantos y tan buenos bares, restaurantes, taper\u00edas y profesionales de los que siempre sacamos pecho\u201d.<\/p>\n<p style=\"text-align: justify;\">La concejala de Hosteler\u00eda se ha mostrado convencida a la hora de se\u00f1alar que \u201cestas Jornadas servir\u00e1n para que miles de personas vengan a Albacete a conocernos y tengan un nuevo motivo para volver a visitarnos\u201d.<\/p>\n<p style=\"text-align: justify;\">Rosa Gonz\u00e1lez de la Aleja tambi\u00e9n ha puesto en valor colaboraci\u00f3n del Ayuntamiento y la Diputaci\u00f3n en esta iniciativa, al tiempo que ha destacado el papel tan importante que desempe\u00f1a la Asociaci\u00f3n Provincial de Empresarios de Hosteler\u00eda para que sean un \u00e9xito y se puedan celebrar a\u00f1o tras a\u00f1o, poniendo en valor el gran trabajo que realiza durante todo el a\u00f1o a favor de un sector que es \u201cpunta de lanza en el motor econ\u00f3mico de la ciudad\u201d.<\/p>\n<p style=\"text-align: justify;\">La concejala de Hosteler\u00eda ha animado a todos los albacete\u00f1os, as\u00ed como a todas las personas que visiten nuestra ciudad durante este mes, a disfrutar de la XVII edici\u00f3n de estas Jornadas y de los magn\u00edficos establecimientos hosteleros con los que contamos en Albacete.<\/p>\n<p style=\"text-align: justify;\">Las Jornadas de la Tapa dan visibilidad a la hosteler\u00eda y dinamizan el comercio<\/p>\n<p style=\"text-align: justify;\">El secretario de la APEHT, Ra\u00fal Moreno, ha agradecido su colaboraci\u00f3n al Ayuntamiento y a la Diputaci\u00f3n por el apoyo recibido un a\u00f1o m\u00e1s para garantizar el \u00e9xito de estas importantes Jornadas de la Tapa, asegurando que \u201cdan visibilidad al trabajo que realizan los profesionales de la hosteler\u00eda y tambi\u00e9n dinamizan la actividad comercial de la ciudad antes de la Navidad\u201d.<\/p>\n<p style=\"text-align: justify;\">Como novedad, el tesorero de la Asociaci\u00f3n ha explicado que el ganador de la tapa popular de las XVII Jornadas, junto a otros 16 establecimientos de hosteler\u00eda que tambi\u00e9n participan en esta edici\u00f3n, se dar\u00e1n cita en el concurso de la tapa que la APEHT celebrar\u00e1 en el mes de noviembre y del que saldr\u00e1n los tres ganadores que participar\u00e1n en el Campeonato Provincial de Tapas representando a la ciudad.<\/p>\n<p><!--publicidad-voz03--><a href=\"https:\/\/www.facebook.com\/profile.php?id=100063593791305&amp;locale=es_ES\"><img decoding=\"async\" class=\"alignnone size-medium\" src=\"https:\/\/blogger.googleusercontent.com\/img\/b\/R29vZ2xl\/AVvXsEi8_n_ll8UOcGxCqzFvb_9Io4ICczlGC990BPtPj2w9Px-u7B3oqWUW5vtjZUqPNJ-nyjiUIorE0ATsib_l5tV8BVN-UJ03RTnU__IHJF_4DgDBtY4LIqXNG-FomrO-7ywes20CBCRM2Hcm7EJSh3UUw1dO-c_uTflUrtgY1i7uBRezj_DpympmEFkfbQY\/s1600\/logo-principal2.jpg\" width=\"100%\" height=\"100\" \/><\/a><!--bestpublic-voz03--><!--desk-in-out-voz03--><br \/>\n<!--publicidad-voz04--><a href=\"https:\/\/www.facebook.com\/profile.php?id=61557370768692&amp;locale=es_ES\"><img decoding=\"async\" class=\"alignnone size-medium\" src=\"https:\/\/blogger.googleusercontent.com\/img\/b\/R29vZ2xl\/AVvXsEgy5RdcfffrnrItnYTcV9bCJjgJwldsQLWssfVfrLbyfXeBNTFKgBf0rMIvhrUaGUhiXzVr9_eQgCbi-j63ZDpfTvLIty9w7s140y-m1yHe7eKmEK7v2NAHUJDVYGdfeiQFeRCqUjdwWmN1MX_AUxxz4IVdJ4WIM0APxit8bjWkXzrnEFGqBvW_1F13H1g\/s1600\/logo-principal5.jpg\" width=\"100%\" height=\"100\" \/><\/a><!--bestpublic-voz04--><!--desk-in-out-voz04--><br \/>\n<!--publicidad-voz05--><a href=\"https:\/\/www.facebook.com\/asociaciontamborileroshellin?locale=es_ES\"><img decoding=\"async\" class=\"alignnone size-medium\" src=\"https:\/\/blogger.googleusercontent.com\/img\/b\/R29vZ2xl\/AVvXsEhHEEpZsKK1VpwiYMrS7aE2ujtqIDZoLd4B5wtbiseSU9s2HdTdQfhF84So2XwEB1fv0BLw95GADm6hUl1bkKtzh-eIgVigXONuu_5RxeIMPhjk8q6uNX4EaEHbooKkbu7pCADWPpVJjhKIH5NQSJpWqedC-YBez4QAQeJYokkLot9bhrIaUAeztsGis6M\/s1600\/logo-principal3.jpg\" width=\"100%\" height=\"100\" \/><\/a><!--bestpublic-voz05--><!--desk-in-out-voz05--><br \/>\n<!--publicidad-voz06--><!--bestpublic-voz06--><!--desk-in-out-voz06--><br \/>\n<!--publicidad-voz07--><!--bestpublic-voz07--><!--desk-in-out-voz07--><br \/>\n<!--publicidad-voz08--><!--bestpublic-voz08--><!--desk-in-out-voz08--><br \/>\n<!--publicidad-voz09--><!--bestpublic-voz09--><!--desk-in-out-voz09--><br \/>\n<!--publicidad-voz10--><!--bestpublic-voz10--><!--desk-in-out-voz10--><br \/>\n<!--publicidad-voz11--><!--bestpublic-voz11--><!--desk-in-out-voz11--><br \/>\n<!--publicidad-voz12--><!--bestpublic-voz12--><!--desk-in-out-voz12--><br \/>\n<!--publicidad-voz13--><!--bestpublic-voz13--><!--desk-in-out-voz13--><br \/>\n<!--publicidad-voz14--><!--bestpublic-voz14--><!--desk-in-out-voz14--><br \/>\n<!--publicidad-voz15--><!--bestpublic-voz15--><!--desk-in-out-voz15--><br \/>\n<!--publicidad-voz16--><!--bestpublic-voz16--><!--desk-in-out-voz16--><\/p>\n","protected":false},"excerpt":{"rendered":"<p>Albacete acoger\u00e1 un a\u00f1o m\u00e1s las tan esperadas Jornadas de la Tapa de la Asociaci\u00f3n Provincial de Empresarios de Hosteler\u00eda y Turismo (APEHY) que, en su XVII edici\u00f3n contar\u00e1n con&#8230;<\/p>\n","protected":false},"author":2,"featured_media":148660,"comment_status":"closed","ping_status":"closed","sticky":false,"template":"","format":"standard","meta":{"footnotes":""},"categories":[753,718,715,716,717],"tags":[],"class_list":["post-148659","post","type-post","status-publish","format-standard","has-post-thumbnail","hentry","category-blog-lv034","category-blogger","category-la-voz-de-hellin","category-la-voz-de-hellin-la-voz-de-hellin","category-noticias"],"_links":{"self":[{"href":"https:\/\/lavozdehellin.com\/noticias\/wp-json\/wp\/v2\/posts\/148659","targetHints":{"allow":["GET"]}}],"collection":[{"href":"https:\/\/lavozdehellin.com\/noticias\/wp-json\/wp\/v2\/posts"}],"about":[{"href":"https:\/\/lavozdehellin.com\/noticias\/wp-json\/wp\/v2\/types\/post"}],"author":[{"embeddable":true,"href":"https:\/\/lavozdehellin.com\/noticias\/wp-json\/wp\/v2\/users\/2"}],"replies":[{"embeddable":true,"href":"https:\/\/lavozdehellin.com\/noticias\/wp-json\/wp\/v2\/comments?post=148659"}],"version-history":[{"count":0,"href":"https:\/\/lavozdehellin.com\/noticias\/wp-json\/wp\/v2\/posts\/148659\/revisions"}],"wp:featuredmedia":[{"embeddable":true,"href":"https:\/\/lavozdehellin.com\/noticias\/wp-json\/wp\/v2\/media\/148660"}],"wp:attachment":[{"href":"https:\/\/lavozdehellin.com\/noticias\/wp-json\/wp\/v2\/media?parent=148659"}],"wp:term":[{"taxonomy":"category","embeddable":true,"href":"https:\/\/lavozdehellin.com\/noticias\/wp-json\/wp\/v2\/categories?post=148659"},{"taxonomy":"post_tag","embeddable":true,"href":"https:\/\/lavozdehellin.com\/noticias\/wp-json\/wp\/v2\/tags?post=148659"}],"curies":[{"name":"wp","href":"https:\/\/api.w.org\/{rel}","templated":true}]}}