{"id":148662,"date":"2023-09-30T21:19:38","date_gmt":"2023-09-30T20:19:38","guid":{"rendered":"https:\/\/lavozdehellin.com\/noticias\/?p=148662"},"modified":"2024-02-26T19:36:18","modified_gmt":"2024-02-26T18:36:18","slug":"v08-301-la-diputacion-de-albacete-reitera-su-apoyo-a-fecam-una-fabrica-de-hacer-felices-a-las-personas-y-le-tiende-la-mano-para-seguir-trabajando-por-un-deporte-sin-etiquetas","status":"publish","type":"post","link":"https:\/\/lavozdehellin.com\/noticias\/v08-301-la-diputacion-de-albacete-reitera-su-apoyo-a-fecam-una-fabrica-de-hacer-felices-a-las-personas-y-le-tiende-la-mano-para-seguir-trabajando-por-un-deporte-sin-etiquetas\/","title":{"rendered":"LVH NOTICIAS | LA DIPUTACI\u00d3N DE ALBACETE REITERA SU APOYO A FECAM, \u201cUNA F\u00c1BRICA DE HACER FELICES A LAS PERSONAS\u201d Y LE TIENDE LA MANO PARA SEGUIR TRABAJANDO POR UN DEPORTE SIN ETIQUETAS"},"content":{"rendered":"<p style=\"text-align: justify;\">El Palacio de Congresos de Albacete ha acogido la ceremonia de clausura del Open Nacional de F\u00fatbol 7 Inclusivo y gala de entrega de los Premios FECAM Deporte Inclusivo, organizadas cada a\u00f1o por la Federaci\u00f3n de Deportes para Personas con Discapacidad Intelectual de C-LM (FECAM), y la Diputaci\u00f3n Provincial no ha faltado a esta cita de la mano de su vicepresidente, Fran Valera, que ha participado, junto al diputado provincial de Medio Ambiente, Jos\u00e9 Antonio G\u00f3mez, en esta fiesta en may\u00fasculas del deporte inclusivo, arropando a la entidad que preside, Jes\u00fas Ruiz.<\/p>\n<p><!--more--><br \/>\n<!--publicidad-voz01--><a href=\"https:\/\/www.facebook.com\/SoloRadioHellin\/?locale=es_ES\"><img decoding=\"async\" class=\"alignnone size-medium\" src=\"https:\/\/blogger.googleusercontent.com\/img\/b\/R29vZ2xl\/AVvXsEiNncirNnyGedv00mhjZjh5Wl4_YPdJGanoAl8tL8zH-HwqE8uHqjEfSt340RHdx-9tuCSIkZ8rFamZiGyYlgDGxCsmXjCH_1xk5eYM3ntFZRvJP_jndOKR7w1UAo9Tu0vrZyOLfqRpHIxYI5SymJJ-pfGCQw6QVpggBH-UgfjiFQ2JOxqxG0Jx94kW83c\/s1600\/logo-principal.jpg\" width=\"100%\" height=\"100\" \/><\/a><!--bestpublic-voz01--><!--desk-in-out-voz01--><br \/>\n<!--publicidad-voz02--><a href=\"https:\/\/www.hellincf.com\/\"><img decoding=\"async\" class=\"alignnone size-medium\" src=\"https:\/\/blogger.googleusercontent.com\/img\/b\/R29vZ2xl\/AVvXsEhuZ4-XfBVj3UtdP8-RZugy3WVrg-Zv28c53m4oV47qYCxL1rX_dqWX_YddsGSnpH5SRDqZ7bZeKPIfDVCDncpjVlhy3aQs2vojcJBn7Gdv9hC2_Nzct_pRFrnFE1a7KTCdY1bT_kAgnY3-iadRZrGeJf1fR2P5fu11bokx0pWjaypoy-ctwCjklldpEbA\/s1600\/logo-principal7.jpg\" width=\"100%\" height=\"100\" \/><\/a><!--bestpublic-voz02--><!--desk-in-out-voz02--><\/p>\n<p style=\"text-align: justify;\">Valera, que ha comenzado su intervenci\u00f3n \u201cen este acto vitamina\u201d haciendo llegar a las personas asistentes un \u201ccari\u00f1oso saludo\u201d del presidente de la Diputaci\u00f3n, Santi Caba\u00f1ero, ha subrayado el orgullo que supone para esta provincia acoger, a\u00f1o tras a\u00f1o, un evento como \u00e9ste, \u201ccon el que no s\u00f3lo se visibiliza el deporte inclusivo, sino que se avanza en inclusi\u00f3n y en normalizaci\u00f3n\u201d, y ha puesto de relieve que este territorio es un referente gracias a la suma de muchos esfuerzos que han generado un efecto multiplicador, aludiendo a las personas an\u00f3nimas, al voluntariado, al tejido asociativo, a los clubes, a las instituciones\u2026, y ha a\u00f1adido que en esa ecuaci\u00f3n, FECAM ha sido, es y ser\u00e1 clave: \u201cEs una f\u00e1brica de hacer feliz a las personas\u201d.<\/p>\n<p style=\"text-align: justify;\">El vicepresidente provincia ha dado las gracias a todas las personas asistentes, en especial a los jugadores y jugadoras, por su ilusi\u00f3n y vitalidad, subrayando que son un ejemplo perfecto de los mejores valores del deporte: la superaci\u00f3n, el compa\u00f1erismo, el esfuerzo, la constancia\u2026, y ha asegurado que \u201ceso es lo verdaderamente importante y no distingue de deportes de Primera Divisi\u00f3n, femeninos, masculinos, de veteranos o inclusivo\u201d.<\/p>\n<p style=\"text-align: justify;\">Valera llama a trabajar desde la unidad para avanzar en inclusi\u00f3n todos los d\u00edas del a\u00f1o<\/p>\n<p style=\"text-align: justify;\">Adem\u00e1s, ha llamado a trabajar desde la unidad para eliminar las etiquetas en el deporte, se\u00f1alando que \u00e9stas \u00fanicamente separan y dividen \u201cy de lo que tenemos que hablar es de aquello que nos une y ah\u00ed de nuevo FECAM y cada uno de vosotros y vosotras es tambi\u00e9n un ejemplo\u201d.<\/p>\n<p style=\"text-align: justify;\">En este sentido, el vicepresidente provincial ha reiterado el firme compromiso de la Diputaci\u00f3n de Albacete con esta Federaci\u00f3n, y ha afirmado que mantienen \u201cuna estrecha relaci\u00f3n\u201d que va m\u00e1s all\u00e1 del convenio de colaboraci\u00f3n anual que suscriben (por valor de 25.000\u20ac), apuntando que existe una relaci\u00f3n de cari\u00f1o y una filosof\u00eda compartida, que pasa por avanzar en igualdad de oportunidades, en la plena inclusi\u00f3n deportiva, social y laboral y, por supuesto, la promoci\u00f3n del deporte y su democratizaci\u00f3n, para que llegue con las mismas oportunidades a todas las personas y en todos los lugares de nuestra tierra.<\/p>\n<p style=\"text-align: justify;\">De hecho, Valera ha puesto \u201cdeberes\u201d a las instituciones, subrayando que tanto la Diputaci\u00f3n, como la JCCM y los Ayuntamientos tienen que avanzar \u201cen una visi\u00f3n y en una programaci\u00f3n global\u201d, advirtiendo que es importante colaborar, \u201cpero lo es a\u00fan m\u00e1s que nuestros Circuitos Provinciales, el Deporte Escolar, las competiciones municipales\u2026 sean plenamente inclusivos, porque es ah\u00ed donde vamos a marcar la diferencia para que todos y todas seamos iguales durante todo el a\u00f1o\u201d.<\/p>\n<p style=\"text-align: justify;\">Valera felicita a FECAM por su 30 aniversario y a todas personas premiadas<\/p>\n<p style=\"text-align: justify;\">El vicepresidente provincial ha aprovechado su intervenci\u00f3n en esta gala, en la que tambi\u00e9n han estado presentes el director general de Deportes del Gobierno regional, Carlos Yuste, y el teniente de alcalde del Ayuntamiento de Albacete, Francisco Navarro, entre otros representantes institucionales y sociales, para felicitar a FECAM por su 30 aniversario.<\/p>\n<p style=\"text-align: justify;\">30 a\u00f1os, ha indicado el vicepresidente, transformando esta provincia y esta regi\u00f3n, mejorando la calidad de vida de muchas personas con alg\u00fan tipo de discapacidad intelectual y la vida de sus familias, y ha querido personalizar esta felicitaci\u00f3n en sus diferentes presidentes, en sus trabajadores y trabajadoras y, \u201cespecialmente\u201d, en todos sus deportistas.<\/p>\n<p style=\"text-align: justify;\">Asimismo, ha felicitado a los 400 jugadores y jugadoras, t\u00e9cnicos, delegados y personas voluntarias\u2026 que han dado vida a este Open Nacional de F\u00fatbol 7 Inclusivo, as\u00ed como a quienes han sido distinguidos con los Premios FECAM Deporte Inclusivo 2023: Rosa L\u00f3pez y a Globalcaja.<\/p>\n<p><!--publicidad-voz03--><a href=\"https:\/\/www.facebook.com\/profile.php?id=100063593791305&amp;locale=es_ES\"><img decoding=\"async\" class=\"alignnone size-medium\" src=\"https:\/\/blogger.googleusercontent.com\/img\/b\/R29vZ2xl\/AVvXsEi8_n_ll8UOcGxCqzFvb_9Io4ICczlGC990BPtPj2w9Px-u7B3oqWUW5vtjZUqPNJ-nyjiUIorE0ATsib_l5tV8BVN-UJ03RTnU__IHJF_4DgDBtY4LIqXNG-FomrO-7ywes20CBCRM2Hcm7EJSh3UUw1dO-c_uTflUrtgY1i7uBRezj_DpympmEFkfbQY\/s1600\/logo-principal2.jpg\" width=\"100%\" height=\"100\" \/><\/a><!--bestpublic-voz03--><!--desk-in-out-voz03--><br \/>\n<!--publicidad-voz04--><a href=\"https:\/\/www.facebook.com\/profile.php?id=61557370768692&amp;locale=es_ES\"><img decoding=\"async\" class=\"alignnone size-medium\" src=\"https:\/\/blogger.googleusercontent.com\/img\/b\/R29vZ2xl\/AVvXsEgy5RdcfffrnrItnYTcV9bCJjgJwldsQLWssfVfrLbyfXeBNTFKgBf0rMIvhrUaGUhiXzVr9_eQgCbi-j63ZDpfTvLIty9w7s140y-m1yHe7eKmEK7v2NAHUJDVYGdfeiQFeRCqUjdwWmN1MX_AUxxz4IVdJ4WIM0APxit8bjWkXzrnEFGqBvW_1F13H1g\/s1600\/logo-principal5.jpg\" width=\"100%\" height=\"100\" \/><\/a><!--bestpublic-voz04--><!--desk-in-out-voz04--><br \/>\n<!--publicidad-voz05--><a href=\"https:\/\/www.facebook.com\/asociaciontamborileroshellin?locale=es_ES\"><img decoding=\"async\" class=\"alignnone size-medium\" src=\"https:\/\/blogger.googleusercontent.com\/img\/b\/R29vZ2xl\/AVvXsEhHEEpZsKK1VpwiYMrS7aE2ujtqIDZoLd4B5wtbiseSU9s2HdTdQfhF84So2XwEB1fv0BLw95GADm6hUl1bkKtzh-eIgVigXONuu_5RxeIMPhjk8q6uNX4EaEHbooKkbu7pCADWPpVJjhKIH5NQSJpWqedC-YBez4QAQeJYokkLot9bhrIaUAeztsGis6M\/s1600\/logo-principal3.jpg\" width=\"100%\" height=\"100\" \/><\/a><!--bestpublic-voz05--><!--desk-in-out-voz05--><br \/>\n<!--publicidad-voz06--><!--bestpublic-voz06--><!--desk-in-out-voz06--><br \/>\n<!--publicidad-voz07--><!--bestpublic-voz07--><!--desk-in-out-voz07--><br \/>\n<!--publicidad-voz08--><!--bestpublic-voz08--><!--desk-in-out-voz08--><br \/>\n<!--publicidad-voz09--><!--bestpublic-voz09--><!--desk-in-out-voz09--><br \/>\n<!--publicidad-voz10--><!--bestpublic-voz10--><!--desk-in-out-voz10--><br \/>\n<!--publicidad-voz11--><!--bestpublic-voz11--><!--desk-in-out-voz11--><br \/>\n<!--publicidad-voz12--><!--bestpublic-voz12--><!--desk-in-out-voz12--><br \/>\n<!--publicidad-voz13--><!--bestpublic-voz13--><!--desk-in-out-voz13--><br \/>\n<!--publicidad-voz14--><!--bestpublic-voz14--><!--desk-in-out-voz14--><br \/>\n<!--publicidad-voz15--><!--bestpublic-voz15--><!--desk-in-out-voz15--><br \/>\n<!--publicidad-voz16--><!--bestpublic-voz16--><!--desk-in-out-voz16--><\/p>\n","protected":false},"excerpt":{"rendered":"<p>El Palacio de Congresos de Albacete ha acogido la ceremonia de clausura del Open Nacional de F\u00fatbol 7 Inclusivo y gala de entrega de los Premios FECAM Deporte Inclusivo, organizadas&#8230;<\/p>\n","protected":false},"author":2,"featured_media":148663,"comment_status":"closed","ping_status":"closed","sticky":false,"template":"","format":"standard","meta":{"footnotes":""},"categories":[753,718,715,716,717],"tags":[],"class_list":["post-148662","post","type-post","status-publish","format-standard","has-post-thumbnail","hentry","category-blog-lv034","category-blogger","category-la-voz-de-hellin","category-la-voz-de-hellin-la-voz-de-hellin","category-noticias"],"_links":{"self":[{"href":"https:\/\/lavozdehellin.com\/noticias\/wp-json\/wp\/v2\/posts\/148662","targetHints":{"allow":["GET"]}}],"collection":[{"href":"https:\/\/lavozdehellin.com\/noticias\/wp-json\/wp\/v2\/posts"}],"about":[{"href":"https:\/\/lavozdehellin.com\/noticias\/wp-json\/wp\/v2\/types\/post"}],"author":[{"embeddable":true,"href":"https:\/\/lavozdehellin.com\/noticias\/wp-json\/wp\/v2\/users\/2"}],"replies":[{"embeddable":true,"href":"https:\/\/lavozdehellin.com\/noticias\/wp-json\/wp\/v2\/comments?post=148662"}],"version-history":[{"count":0,"href":"https:\/\/lavozdehellin.com\/noticias\/wp-json\/wp\/v2\/posts\/148662\/revisions"}],"wp:featuredmedia":[{"embeddable":true,"href":"https:\/\/lavozdehellin.com\/noticias\/wp-json\/wp\/v2\/media\/148663"}],"wp:attachment":[{"href":"https:\/\/lavozdehellin.com\/noticias\/wp-json\/wp\/v2\/media?parent=148662"}],"wp:term":[{"taxonomy":"category","embeddable":true,"href":"https:\/\/lavozdehellin.com\/noticias\/wp-json\/wp\/v2\/categories?post=148662"},{"taxonomy":"post_tag","embeddable":true,"href":"https:\/\/lavozdehellin.com\/noticias\/wp-json\/wp\/v2\/tags?post=148662"}],"curies":[{"name":"wp","href":"https:\/\/api.w.org\/{rel}","templated":true}]}}