{"id":148665,"date":"2023-09-29T18:55:36","date_gmt":"2023-09-29T17:55:36","guid":{"rendered":"https:\/\/lavozdehellin.com\/noticias\/?p=148665"},"modified":"2024-02-26T19:36:18","modified_gmt":"2024-02-26T18:36:18","slug":"v08-300-cabanero-disfruta-del-concierto-albacete-une-dos-monumentos-la-catedral-y-el-teatro-circo-organizado-por-amithe-con-el-apoyo-de-la-diputacion","status":"publish","type":"post","link":"https:\/\/lavozdehellin.com\/noticias\/v08-300-cabanero-disfruta-del-concierto-albacete-une-dos-monumentos-la-catedral-y-el-teatro-circo-organizado-por-amithe-con-el-apoyo-de-la-diputacion\/","title":{"rendered":"LVH NOTICIAS | CABA\u00d1ERO DISFRUTA DEL CONCIERTO \u2018ALBACETE UNE DOS MONUMENTOS: LA CATEDRAL Y EL TEATRO CIRCO\u2019 ORGANIZADO POR AMITHE CON EL APOYO DE LA DIPUTACI\u00d3N"},"content":{"rendered":"<p style=\"text-align: justify;\">El presidente de la Diputaci\u00f3n de Albacete, Santi Caba\u00f1ero, ha asistido este viernes al concierto extraordinario de \u00f3rgano y orquesta de c\u00e1mara que AMIThE ha organizado bajo el t\u00edtulo \u2018Albacete une dos monumentos: la Catedral y el Teatro Circo\u2019, llevando \u2018el esp\u00edritu\u2019 del coliseo de la cultura albacetense a este emblem\u00e1tico templo de la capital, que ha sido el escenario de una gran actuaci\u00f3n musical.<\/p>\n<p><!--more--><br \/>\n<!--publicidad-voz01--><a href=\"https:\/\/www.facebook.com\/SoloRadioHellin\/?locale=es_ES\"><img decoding=\"async\" class=\"alignnone size-medium\" src=\"https:\/\/blogger.googleusercontent.com\/img\/b\/R29vZ2xl\/AVvXsEiNncirNnyGedv00mhjZjh5Wl4_YPdJGanoAl8tL8zH-HwqE8uHqjEfSt340RHdx-9tuCSIkZ8rFamZiGyYlgDGxCsmXjCH_1xk5eYM3ntFZRvJP_jndOKR7w1UAo9Tu0vrZyOLfqRpHIxYI5SymJJ-pfGCQw6QVpggBH-UgfjiFQ2JOxqxG0Jx94kW83c\/s1600\/logo-principal.jpg\" width=\"100%\" height=\"100\" \/><\/a><!--bestpublic-voz01--><!--desk-in-out-voz01--><br \/>\n<!--publicidad-voz02--><a href=\"https:\/\/www.hellincf.com\/\"><img decoding=\"async\" class=\"alignnone size-medium\" src=\"https:\/\/blogger.googleusercontent.com\/img\/b\/R29vZ2xl\/AVvXsEhuZ4-XfBVj3UtdP8-RZugy3WVrg-Zv28c53m4oV47qYCxL1rX_dqWX_YddsGSnpH5SRDqZ7bZeKPIfDVCDncpjVlhy3aQs2vojcJBn7Gdv9hC2_Nzct_pRFrnFE1a7KTCdY1bT_kAgnY3-iadRZrGeJf1fR2P5fu11bokx0pWjaypoy-ctwCjklldpEbA\/s1600\/logo-principal7.jpg\" width=\"100%\" height=\"100\" \/><\/a><!--bestpublic-voz02--><!--desk-in-out-voz02--><\/p>\n<p style=\"text-align: justify;\">Una actividad enmarcada en el convenio de colaboraci\u00f3n que la instituci\u00f3n provincial ha suscrito con la Asociaci\u00f3n de Amigos de los Teatros Hist\u00f3ricos de Espa\u00f1a para, entre otras cuestiones, promocionar el Teatro Circo y seguir impulsando su candidatura como Patrimonio Material de la Humanidad. Siendo precisamente \u00e9stas las finalidades del concierto.<\/p>\n<p style=\"text-align: justify;\">Unas tareas en la que la Diputaci\u00f3n est\u00e1 plenamente implicada, tal y como ha puesto de relieve en reiteradas ocasiones su m\u00e1ximo responsable, quien ha subrayado la idoneidad de este acto, as\u00ed como su belleza est\u00e9tica y su calidad art\u00edstica, en alusi\u00f3n al magistral recital que ha ofrecido en la Catedral el reconocido organista Luis Mazorra junto a la \u2018Friendenscamerata\u2019, en el que se han escuchado obras de Haendel, Franck, Bach o Vivaldi, consiguiendo ese objetivo anunciado en el t\u00edtulo elegido para este concierto.<\/p>\n<p style=\"text-align: justify;\">Caba\u00f1ero pide a los y las albacetenses que sean \u201cembajadores y embajadoras del Teatro Circo\u201d<\/p>\n<p style=\"text-align: justify;\">Adem\u00e1s, Caba\u00f1ero ha felicitado a AMIThE en la figura de su presidente, Javier L\u00f3pez-Galiacho, apuntando que esta actuaci\u00f3n se suma al gran trabajo y a la larga lista de acciones que viene promoviendo esta asociaci\u00f3n para contribuir a ese \u201cmerecido\u201d reconocimiento mundial por parte de la UNESCO \u201cy para el que est\u00e1 empujando toda la provincia\u201d, y ha dejado claro que la instituci\u00f3n albacetense seguir\u00e1 colaborando en esta empresa hasta convertirla en una realidad.<\/p>\n<p style=\"text-align: justify;\">Advirtiendo que en este concierto se dan cita el esp\u00edritu de la Catedral, el del propio Teatro Circo y tambi\u00e9n el de la ciudadan\u00eda, \u201ccuya esfuerzo mantuvo en pie este coliseo\u201d, ha pedido a la poblaci\u00f3n que \u201ctodos y todas seamos embajadores y embajadoras del Teatro Circo\u201d, convencido de que \u201cm\u00e1s pronto que tarde\u201d llegar\u00e1 esa declaraci\u00f3n \u201cporque re\u00fane todos los requisitos y ahora nos toca a las instituciones y a los y las albacetenses remar unidos en esa direcci\u00f3n\u201d.<\/p>\n<p style=\"text-align: justify;\">Asimismo, el presidente de la Diputaci\u00f3n ha remarcado la importancia que para este territorio tiene contar con una entidad como AMIThE, \u201creferente nacional en la protecci\u00f3n del patrimonio teatral del pa\u00eds\u201d, destacando su compromiso \u201ccomo embajadores\u201d de la cultura albacetense y subrayando su labor para la recuperaci\u00f3n, promoci\u00f3n y difusi\u00f3n del Teatro Circo como patrimonio esc\u00e9nico y circense universal, pero tambi\u00e9n en la promoci\u00f3n, defensa y difusi\u00f3n del teatro y de los teatros hist\u00f3ricos de la provincia.<\/p>\n<p style=\"text-align: justify;\">De hecho, el citado convenio tambi\u00e9n incluye dotar de medios a la AMIThE en cuantas acciones pueda realizar en esta direcci\u00f3n, as\u00ed como impulsar su Gala, o la creaci\u00f3n del premio \u2018El orgullo de Albacete. Diputaci\u00f3n Provincial\u2019 para reconocer a albacetenses que destaquen por su trayectoria nacional en el \u00e1mbito del espect\u00e1culo, y que en su primera edici\u00f3n ha sido para el director teatral Gabriel Olivares.<\/p>\n<p style=\"text-align: justify;\">Tambi\u00e9n han estado presentes en este concierto la concejala de Cultura del Ayuntamiento de Albacete, Elena Serrall\u00e9; el subdelegado de Defensa en Albacete, Miguel \u00c1ngel de la Torre; o el gerente de Cultural Albacete, Ricardo Bel\u00e9ndez.<\/p>\n<p><!--publicidad-voz03--><a href=\"https:\/\/www.facebook.com\/profile.php?id=100063593791305&amp;locale=es_ES\"><img decoding=\"async\" class=\"alignnone size-medium\" src=\"https:\/\/blogger.googleusercontent.com\/img\/b\/R29vZ2xl\/AVvXsEi8_n_ll8UOcGxCqzFvb_9Io4ICczlGC990BPtPj2w9Px-u7B3oqWUW5vtjZUqPNJ-nyjiUIorE0ATsib_l5tV8BVN-UJ03RTnU__IHJF_4DgDBtY4LIqXNG-FomrO-7ywes20CBCRM2Hcm7EJSh3UUw1dO-c_uTflUrtgY1i7uBRezj_DpympmEFkfbQY\/s1600\/logo-principal2.jpg\" width=\"100%\" height=\"100\" \/><\/a><!--bestpublic-voz03--><!--desk-in-out-voz03--><br \/>\n<!--publicidad-voz04--><a href=\"https:\/\/www.facebook.com\/profile.php?id=61557370768692&amp;locale=es_ES\"><img decoding=\"async\" class=\"alignnone size-medium\" src=\"https:\/\/blogger.googleusercontent.com\/img\/b\/R29vZ2xl\/AVvXsEgy5RdcfffrnrItnYTcV9bCJjgJwldsQLWssfVfrLbyfXeBNTFKgBf0rMIvhrUaGUhiXzVr9_eQgCbi-j63ZDpfTvLIty9w7s140y-m1yHe7eKmEK7v2NAHUJDVYGdfeiQFeRCqUjdwWmN1MX_AUxxz4IVdJ4WIM0APxit8bjWkXzrnEFGqBvW_1F13H1g\/s1600\/logo-principal5.jpg\" width=\"100%\" height=\"100\" \/><\/a><!--bestpublic-voz04--><!--desk-in-out-voz04--><br \/>\n<!--publicidad-voz05--><a href=\"https:\/\/www.facebook.com\/asociaciontamborileroshellin?locale=es_ES\"><img decoding=\"async\" class=\"alignnone size-medium\" src=\"https:\/\/blogger.googleusercontent.com\/img\/b\/R29vZ2xl\/AVvXsEhHEEpZsKK1VpwiYMrS7aE2ujtqIDZoLd4B5wtbiseSU9s2HdTdQfhF84So2XwEB1fv0BLw95GADm6hUl1bkKtzh-eIgVigXONuu_5RxeIMPhjk8q6uNX4EaEHbooKkbu7pCADWPpVJjhKIH5NQSJpWqedC-YBez4QAQeJYokkLot9bhrIaUAeztsGis6M\/s1600\/logo-principal3.jpg\" width=\"100%\" height=\"100\" \/><\/a><!--bestpublic-voz05--><!--desk-in-out-voz05--><br \/>\n<!--publicidad-voz06--><!--bestpublic-voz06--><!--desk-in-out-voz06--><br \/>\n<!--publicidad-voz07--><!--bestpublic-voz07--><!--desk-in-out-voz07--><br \/>\n<!--publicidad-voz08--><!--bestpublic-voz08--><!--desk-in-out-voz08--><br \/>\n<!--publicidad-voz09--><!--bestpublic-voz09--><!--desk-in-out-voz09--><br \/>\n<!--publicidad-voz10--><!--bestpublic-voz10--><!--desk-in-out-voz10--><br \/>\n<!--publicidad-voz11--><!--bestpublic-voz11--><!--desk-in-out-voz11--><br \/>\n<!--publicidad-voz12--><!--bestpublic-voz12--><!--desk-in-out-voz12--><br \/>\n<!--publicidad-voz13--><!--bestpublic-voz13--><!--desk-in-out-voz13--><br \/>\n<!--publicidad-voz14--><!--bestpublic-voz14--><!--desk-in-out-voz14--><br \/>\n<!--publicidad-voz15--><!--bestpublic-voz15--><!--desk-in-out-voz15--><br \/>\n<!--publicidad-voz16--><!--bestpublic-voz16--><!--desk-in-out-voz16--><\/p>\n","protected":false},"excerpt":{"rendered":"<p>El presidente de la Diputaci\u00f3n de Albacete, Santi Caba\u00f1ero, ha asistido este viernes al concierto extraordinario de \u00f3rgano y orquesta de c\u00e1mara que AMIThE ha organizado bajo el t\u00edtulo \u2018Albacete&#8230;<\/p>\n","protected":false},"author":2,"featured_media":148666,"comment_status":"closed","ping_status":"closed","sticky":false,"template":"","format":"standard","meta":{"footnotes":""},"categories":[753,718,715,716,717],"tags":[],"class_list":["post-148665","post","type-post","status-publish","format-standard","has-post-thumbnail","hentry","category-blog-lv034","category-blogger","category-la-voz-de-hellin","category-la-voz-de-hellin-la-voz-de-hellin","category-noticias"],"_links":{"self":[{"href":"https:\/\/lavozdehellin.com\/noticias\/wp-json\/wp\/v2\/posts\/148665","targetHints":{"allow":["GET"]}}],"collection":[{"href":"https:\/\/lavozdehellin.com\/noticias\/wp-json\/wp\/v2\/posts"}],"about":[{"href":"https:\/\/lavozdehellin.com\/noticias\/wp-json\/wp\/v2\/types\/post"}],"author":[{"embeddable":true,"href":"https:\/\/lavozdehellin.com\/noticias\/wp-json\/wp\/v2\/users\/2"}],"replies":[{"embeddable":true,"href":"https:\/\/lavozdehellin.com\/noticias\/wp-json\/wp\/v2\/comments?post=148665"}],"version-history":[{"count":0,"href":"https:\/\/lavozdehellin.com\/noticias\/wp-json\/wp\/v2\/posts\/148665\/revisions"}],"wp:featuredmedia":[{"embeddable":true,"href":"https:\/\/lavozdehellin.com\/noticias\/wp-json\/wp\/v2\/media\/148666"}],"wp:attachment":[{"href":"https:\/\/lavozdehellin.com\/noticias\/wp-json\/wp\/v2\/media?parent=148665"}],"wp:term":[{"taxonomy":"category","embeddable":true,"href":"https:\/\/lavozdehellin.com\/noticias\/wp-json\/wp\/v2\/categories?post=148665"},{"taxonomy":"post_tag","embeddable":true,"href":"https:\/\/lavozdehellin.com\/noticias\/wp-json\/wp\/v2\/tags?post=148665"}],"curies":[{"name":"wp","href":"https:\/\/api.w.org\/{rel}","templated":true}]}}