{"id":148671,"date":"2023-09-29T12:14:10","date_gmt":"2023-09-29T11:14:10","guid":{"rendered":"https:\/\/lavozdehellin.com\/noticias\/?p=148671"},"modified":"2024-02-26T19:36:18","modified_gmt":"2024-02-26T18:36:18","slug":"v08-298-la-gran-fondo-mtb-sierra-de-alcaraz-regresa-este-domingo-incorporando-una-carrera-de-gravel-entre-sus-novedades","status":"publish","type":"post","link":"https:\/\/lavozdehellin.com\/noticias\/v08-298-la-gran-fondo-mtb-sierra-de-alcaraz-regresa-este-domingo-incorporando-una-carrera-de-gravel-entre-sus-novedades\/","title":{"rendered":"LVH NOTICIAS | LA GRAN FONDO MTB SIERRA DE ALCARAZ REGRESA ESTE DOMINGO INCORPORANDO UNA CARRERA DE GRAVEL ENTRE SUS NOVEDADES"},"content":{"rendered":"<p style=\"text-align: justify;\">Este pr\u00f3ximo domingo, 1 de octubre, y siendo la 24\u00aa cita del XVI Circuito Provincial de Carreras BTT de la Diputaci\u00f3n de Albacete, se disputa la prueba Gran Fondo MTB Sierra de Alcaraz, que contar\u00e1 con m\u00e1s de 250 participantes en su l\u00ednea de salida, tal y como han explicado en su presentaci\u00f3n p\u00fablica el diputado de Deportes, Dani Sancha; la primera teniente de alcalde de Alcaraz (y tambi\u00e9n diputada provincial del equipo de gobierno), Yolanda Ballesteros junto al director t\u00e9cnico de la prueba, Manuel Garijo.<\/p>\n<p><!--more--><br \/>\n<!--publicidad-voz01--><a href=\"https:\/\/www.facebook.com\/SoloRadioHellin\/?locale=es_ES\"><img decoding=\"async\" class=\"alignnone size-medium\" src=\"https:\/\/blogger.googleusercontent.com\/img\/b\/R29vZ2xl\/AVvXsEiNncirNnyGedv00mhjZjh5Wl4_YPdJGanoAl8tL8zH-HwqE8uHqjEfSt340RHdx-9tuCSIkZ8rFamZiGyYlgDGxCsmXjCH_1xk5eYM3ntFZRvJP_jndOKR7w1UAo9Tu0vrZyOLfqRpHIxYI5SymJJ-pfGCQw6QVpggBH-UgfjiFQ2JOxqxG0Jx94kW83c\/s1600\/logo-principal.jpg\" width=\"100%\" height=\"100\" \/><\/a><!--bestpublic-voz01--><!--desk-in-out-voz01--><br \/>\n<!--publicidad-voz02--><a href=\"https:\/\/www.hellincf.com\/\"><img decoding=\"async\" class=\"alignnone size-medium\" src=\"https:\/\/blogger.googleusercontent.com\/img\/b\/R29vZ2xl\/AVvXsEhuZ4-XfBVj3UtdP8-RZugy3WVrg-Zv28c53m4oV47qYCxL1rX_dqWX_YddsGSnpH5SRDqZ7bZeKPIfDVCDncpjVlhy3aQs2vojcJBn7Gdv9hC2_Nzct_pRFrnFE1a7KTCdY1bT_kAgnY3-iadRZrGeJf1fR2P5fu11bokx0pWjaypoy-ctwCjklldpEbA\/s1600\/logo-principal7.jpg\" width=\"100%\" height=\"100\" \/><\/a><!--bestpublic-voz02--><!--desk-in-out-voz02--><\/p>\n<p style=\"text-align: justify;\">Cita deportiva plenamente consolidada en el calendario provincial y referente a nivel regional, esta edici\u00f3n llega con interesantes novedades en l\u00ednea con el trabajo que la Diputaci\u00f3n viene realizando para mejorar sus circuitos, sum\u00e1ndoles atractivos y, al mismo tiempo, respondiendo en la medida de lo posible a las sugerencias de los y las deportistas.<\/p>\n<p style=\"text-align: justify;\">As\u00ed, Sancha ha anunciado la incorporaci\u00f3n de una carrera de Gravel, siendo \u00abla primera vez que incluimos en nuestros circuitos esta modalidad con clasificaci\u00f3n\u00bb, y que participar\u00e1 en ella el conocido ciclista e instagrammer, \u00d3scar Pujol.<\/p>\n<p style=\"text-align: justify;\">Por tanto, este evento deportivo contar\u00e1 con tres recorridos: la Gran Fondo propiamente dicha (140 km), la Marat\u00f3n (62 km) y la carrera de Gravel (115 km). Todos tendr\u00e1n salida y meta en Alcaraz y, en cada trazado, el Camino Natural V\u00eda Verde Sierra de Alcaraz ser\u00e1 gran protagonista, como viene ocurriendo a\u00f1o tras a\u00f1o.<\/p>\n<p style=\"text-align: justify;\">Se trata, como ha apuntado Sancha, de recorridos en los que \u201cla dureza y la intensidad\u201d se dan la mano con la belleza de los paisajes por los que transcurren, convirtiendo a esta carrera \u00aben mucho m\u00e1s que una prueba deportiva\u00bb, en alusi\u00f3n a la capacidad que desde la organizaci\u00f3n han demostrado tener para mezclar el deporte con la riqueza cultural y paisaj\u00edstica de esa zona realmente espectacular de la que tiene el privilegio de disfrutar la provincia de Albacete.<\/p>\n<p style=\"text-align: justify;\">La Gran Fondo Sierra de Alcaraz, agente dinamizador de la V\u00eda Verde<\/p>\n<p style=\"text-align: justify;\">En este sentido, el diputado ha se\u00f1alado que la Gran Fondo Sierra de Alcaraz est\u00e1 en consonancia con el resto de iniciativas que la Diputaci\u00f3n impulsa para favorecer la dinamizaci\u00f3n, puesta en valor y promoci\u00f3n de esta V\u00eda Verde, uno de los recursos con m\u00e1s potencial deportivo y tur\u00edstico de la provincia.<\/p>\n<p style=\"text-align: justify;\">Adem\u00e1s, ha afirmado que esta cita en particular, y los circuitos provinciales en general, son una importante herramienta de \u201cdesarrollo social y econ\u00f3mico\u201d, incidiendo en la capacidad que han demostrado en materia de promoci\u00f3n tur\u00edstica, pero tambi\u00e9n generando h\u00e1bitos de ocio saludables y una creciente afici\u00f3n a deportes como la bicicleta de monta\u00f1a.<\/p>\n<p style=\"text-align: justify;\">Daniel Sancha, que ha felicitado a los y las profesionales del \u00c1rea de Deportes de la instituci\u00f3n provincial por su trabajo y ha aprovechado su intervenci\u00f3n para agradecer su implicaci\u00f3n y apoyo a los Ayuntamientos de las localidades por las que transcurre la carrera. Un reconocimiento que ha hecho extensivo a las diferentes empresas de la Sierra de Alcaraz y Campo de Montiel que tambi\u00e9n colaboran con su desarrollo \u00abfavoreciendo la promoci\u00f3n y puesta en valor de recursos y productos de la comarca\u00bb, al tiempo que ha animado a la ciudadan\u00eda de esa zona \u00aba salir a animar a los y las deportistas\u00bb.<\/p>\n<p style=\"text-align: justify;\">Desde Alcaraz agradecen a la Diputaci\u00f3n su apuesta por el deporte<\/p>\n<p style=\"text-align: justify;\">Por su parte, la primera teniente de alcalde de Alcaraz ha agradecido a la Diputaci\u00f3n su esfuerzo por llevar el deporte a cada rinc\u00f3n de la provincia. Labor en la que sus Circuitos Deportivos juegan un papel determinante, como Yolanda Ballesteros ha remarcado, reiterando la repercusi\u00f3n positiva que estas iniciativas tienen para cada localidad en la que se desarrollan, tanto en t\u00e9rminos tur\u00edsticos como econ\u00f3micos. \u201cTenemos un doble objetivo: disfrutar del deporte en plena naturaleza, y mostrar la belleza natural de la Sierra de Alcaraz, haciendo un efecto llamada que fomenta el turismo como motor econ\u00f3mico de nuestra zona\u201d, ha se\u00f1alado.<\/p>\n<p style=\"text-align: justify;\">De hecho, ha explicado que la ocupaci\u00f3n de hoteles, alojamientos rurales y restaurantes para el fin de semana de la prueba se prev\u00e9 que sea pr\u00e1cticamente del 100 por 100 no s\u00f3lo en Alcaraz, sino en diferentes puntos de la comarca, y ha puesto de relieve que ser\u00e1n muchas las personas que lleguen en los fines de semana posteriores atra\u00eddos por la repercusi\u00f3n, directa e indirecta, de esta cita. Motivos por los que ha agradecido tambi\u00e9n a todas las personas y entidades que hacen posible el \u00e9xito de este tipo de iniciativas.<\/p>\n<p style=\"text-align: justify;\">Detalles t\u00e9cnicos de la prueba, con tramos \u2018rompepiernas\u2019 y la V\u00eda Verde como atractivos<\/p>\n<p style=\"text-align: justify;\">Por su parte, Manuel Garijo ha sido el encargado de dar a conocer todos los detalles de esta Gran Fondo que ver\u00e1 c\u00f3mo, a las 08:00 horas del domingo, se dar\u00e1 el pistoletazo de salida a un recorrido de 140 kil\u00f3metros de distancia, con exigentes subidas, tramos \u2018rompepiernas\u2019 y una \u00faltima parte m\u00e1s llana por la V\u00eda Verde buscando la meta en Alcaraz.<\/p>\n<p style=\"text-align: justify;\">Media hora despu\u00e9s arrancar\u00e1 la modalidad Gravel (115 kil\u00f3metros) y, a las 09:00 horas, saldr\u00e1n los corredores de la modalidad Marat\u00f3n para afrontar los 60 kil\u00f3metros de recorrido.<\/p>\n<p style=\"text-align: justify;\">En cuanto al pron\u00f3stico, en la Gran Fondo hay corredores como \u00d3scar Carrasco, su hermano Iv\u00e1n o Jos\u00e9 Bernab\u00e9 L\u00f3pez que a buen seguro pelear\u00e1n por las primeras posiciones de una modalidad que tambi\u00e9n presentar\u00e1 una bonita lucha en la categor\u00eda femenina con bikers como Almudena Jim\u00e9nez, A\u00edda Mil\u00e1n o Ana Carolina Gonz\u00e1lez.<\/p>\n<p style=\"text-align: justify;\">En Marat\u00f3n, Pedro Jes\u00fas Rodr\u00edguez (campe\u00f3n de la modalidad Gran Fondo el a\u00f1o pasado), Juan Gonz\u00e1lez Sanz o el l\u00edder del Circuito Provincial, Manuel Mart\u00ednez, est\u00e1n entre los favoritos. Daniel Sancha, diputado de Deportes, participar\u00e1 en esta modalidad.<\/p>\n<p style=\"text-align: justify;\">En f\u00e9minas, Luc\u00eda Navarro intentar\u00e1 repetir la primera posici\u00f3n que ya consigui\u00f3 el a\u00f1o pasado, aunque corredoras como Alfonsi Villar o Nieves Gim\u00e9nez no se lo pondr\u00e1n nada f\u00e1cil. En la modalidad de Gravel destaca la presencia de \u00d3scar Pujol, ex ciclista profesional que vendr\u00e1 a recorrer los 115 kil\u00f3metros de esta carrera.<\/p>\n<p><!--publicidad-voz03--><a href=\"https:\/\/www.facebook.com\/profile.php?id=100063593791305&amp;locale=es_ES\"><img decoding=\"async\" class=\"alignnone size-medium\" src=\"https:\/\/blogger.googleusercontent.com\/img\/b\/R29vZ2xl\/AVvXsEi8_n_ll8UOcGxCqzFvb_9Io4ICczlGC990BPtPj2w9Px-u7B3oqWUW5vtjZUqPNJ-nyjiUIorE0ATsib_l5tV8BVN-UJ03RTnU__IHJF_4DgDBtY4LIqXNG-FomrO-7ywes20CBCRM2Hcm7EJSh3UUw1dO-c_uTflUrtgY1i7uBRezj_DpympmEFkfbQY\/s1600\/logo-principal2.jpg\" width=\"100%\" height=\"100\" \/><\/a><!--bestpublic-voz03--><!--desk-in-out-voz03--><br \/>\n<!--publicidad-voz04--><a href=\"https:\/\/www.facebook.com\/profile.php?id=61557370768692&amp;locale=es_ES\"><img decoding=\"async\" class=\"alignnone size-medium\" src=\"https:\/\/blogger.googleusercontent.com\/img\/b\/R29vZ2xl\/AVvXsEgy5RdcfffrnrItnYTcV9bCJjgJwldsQLWssfVfrLbyfXeBNTFKgBf0rMIvhrUaGUhiXzVr9_eQgCbi-j63ZDpfTvLIty9w7s140y-m1yHe7eKmEK7v2NAHUJDVYGdfeiQFeRCqUjdwWmN1MX_AUxxz4IVdJ4WIM0APxit8bjWkXzrnEFGqBvW_1F13H1g\/s1600\/logo-principal5.jpg\" width=\"100%\" height=\"100\" \/><\/a><!--bestpublic-voz04--><!--desk-in-out-voz04--><br \/>\n<!--publicidad-voz05--><a href=\"https:\/\/www.facebook.com\/asociaciontamborileroshellin?locale=es_ES\"><img decoding=\"async\" class=\"alignnone size-medium\" src=\"https:\/\/blogger.googleusercontent.com\/img\/b\/R29vZ2xl\/AVvXsEhHEEpZsKK1VpwiYMrS7aE2ujtqIDZoLd4B5wtbiseSU9s2HdTdQfhF84So2XwEB1fv0BLw95GADm6hUl1bkKtzh-eIgVigXONuu_5RxeIMPhjk8q6uNX4EaEHbooKkbu7pCADWPpVJjhKIH5NQSJpWqedC-YBez4QAQeJYokkLot9bhrIaUAeztsGis6M\/s1600\/logo-principal3.jpg\" width=\"100%\" height=\"100\" \/><\/a><!--bestpublic-voz05--><!--desk-in-out-voz05--><br \/>\n<!--publicidad-voz06--><!--bestpublic-voz06--><!--desk-in-out-voz06--><br \/>\n<!--publicidad-voz07--><!--bestpublic-voz07--><!--desk-in-out-voz07--><br \/>\n<!--publicidad-voz08--><!--bestpublic-voz08--><!--desk-in-out-voz08--><br \/>\n<!--publicidad-voz09--><!--bestpublic-voz09--><!--desk-in-out-voz09--><br \/>\n<!--publicidad-voz10--><!--bestpublic-voz10--><!--desk-in-out-voz10--><br \/>\n<!--publicidad-voz11--><!--bestpublic-voz11--><!--desk-in-out-voz11--><br \/>\n<!--publicidad-voz12--><!--bestpublic-voz12--><!--desk-in-out-voz12--><br \/>\n<!--publicidad-voz13--><!--bestpublic-voz13--><!--desk-in-out-voz13--><br \/>\n<!--publicidad-voz14--><!--bestpublic-voz14--><!--desk-in-out-voz14--><br \/>\n<!--publicidad-voz15--><!--bestpublic-voz15--><!--desk-in-out-voz15--><br \/>\n<!--publicidad-voz16--><!--bestpublic-voz16--><!--desk-in-out-voz16--><\/p>\n","protected":false},"excerpt":{"rendered":"<p>Este pr\u00f3ximo domingo, 1 de octubre, y siendo la 24\u00aa cita del XVI Circuito Provincial de Carreras BTT de la Diputaci\u00f3n de Albacete, se disputa la prueba Gran Fondo MTB&#8230;<\/p>\n","protected":false},"author":2,"featured_media":148672,"comment_status":"closed","ping_status":"closed","sticky":false,"template":"","format":"standard","meta":{"footnotes":""},"categories":[753,718,715,716,717],"tags":[],"class_list":["post-148671","post","type-post","status-publish","format-standard","has-post-thumbnail","hentry","category-blog-lv034","category-blogger","category-la-voz-de-hellin","category-la-voz-de-hellin-la-voz-de-hellin","category-noticias"],"_links":{"self":[{"href":"https:\/\/lavozdehellin.com\/noticias\/wp-json\/wp\/v2\/posts\/148671","targetHints":{"allow":["GET"]}}],"collection":[{"href":"https:\/\/lavozdehellin.com\/noticias\/wp-json\/wp\/v2\/posts"}],"about":[{"href":"https:\/\/lavozdehellin.com\/noticias\/wp-json\/wp\/v2\/types\/post"}],"author":[{"embeddable":true,"href":"https:\/\/lavozdehellin.com\/noticias\/wp-json\/wp\/v2\/users\/2"}],"replies":[{"embeddable":true,"href":"https:\/\/lavozdehellin.com\/noticias\/wp-json\/wp\/v2\/comments?post=148671"}],"version-history":[{"count":0,"href":"https:\/\/lavozdehellin.com\/noticias\/wp-json\/wp\/v2\/posts\/148671\/revisions"}],"wp:featuredmedia":[{"embeddable":true,"href":"https:\/\/lavozdehellin.com\/noticias\/wp-json\/wp\/v2\/media\/148672"}],"wp:attachment":[{"href":"https:\/\/lavozdehellin.com\/noticias\/wp-json\/wp\/v2\/media?parent=148671"}],"wp:term":[{"taxonomy":"category","embeddable":true,"href":"https:\/\/lavozdehellin.com\/noticias\/wp-json\/wp\/v2\/categories?post=148671"},{"taxonomy":"post_tag","embeddable":true,"href":"https:\/\/lavozdehellin.com\/noticias\/wp-json\/wp\/v2\/tags?post=148671"}],"curies":[{"name":"wp","href":"https:\/\/api.w.org\/{rel}","templated":true}]}}