{"id":148674,"date":"2023-09-29T11:19:05","date_gmt":"2023-09-29T10:19:05","guid":{"rendered":"https:\/\/lavozdehellin.com\/noticias\/?p=148674"},"modified":"2024-02-26T19:36:18","modified_gmt":"2024-02-26T18:36:18","slug":"v08-297-la-diputacion-de-albacete-impulsa-una-nueva-linea-de-subvenciones-para-fortalecer-los-archivos-municipales","status":"publish","type":"post","link":"https:\/\/lavozdehellin.com\/noticias\/v08-297-la-diputacion-de-albacete-impulsa-una-nueva-linea-de-subvenciones-para-fortalecer-los-archivos-municipales\/","title":{"rendered":"LVH NOTICIAS | LA DIPUTACI\u00d3N DE ALBACETE IMPULSA UNA NUEVA L\u00cdNEA DE SUBVENCIONES PARA FORTALECER LOS ARCHIVOS MUNICIPALES"},"content":{"rendered":"<p style=\"text-align: justify;\">El gobierno provincial de Caba\u00f1ero pone en marcha una nueva Convocatoria de Ayudas dirigida a ayuntamientos que nace para avanzar en su objetivo de impulsar la conservaci\u00f3n y el fortalecimiento de los archivos municipales, al mismo tiempo que se preserva el patrimonio documental y cultural del territorio.<\/p>\n<p><!--more--><br \/>\n<!--publicidad-voz01--><a href=\"https:\/\/www.facebook.com\/SoloRadioHellin\/?locale=es_ES\"><img decoding=\"async\" class=\"alignnone size-medium\" src=\"https:\/\/blogger.googleusercontent.com\/img\/b\/R29vZ2xl\/AVvXsEiNncirNnyGedv00mhjZjh5Wl4_YPdJGanoAl8tL8zH-HwqE8uHqjEfSt340RHdx-9tuCSIkZ8rFamZiGyYlgDGxCsmXjCH_1xk5eYM3ntFZRvJP_jndOKR7w1UAo9Tu0vrZyOLfqRpHIxYI5SymJJ-pfGCQw6QVpggBH-UgfjiFQ2JOxqxG0Jx94kW83c\/s1600\/logo-principal.jpg\" width=\"100%\" height=\"100\" \/><\/a><!--bestpublic-voz01--><!--desk-in-out-voz01--><br \/>\n<!--publicidad-voz02--><a href=\"https:\/\/www.hellincf.com\/\"><img decoding=\"async\" class=\"alignnone size-medium\" src=\"https:\/\/blogger.googleusercontent.com\/img\/b\/R29vZ2xl\/AVvXsEhuZ4-XfBVj3UtdP8-RZugy3WVrg-Zv28c53m4oV47qYCxL1rX_dqWX_YddsGSnpH5SRDqZ7bZeKPIfDVCDncpjVlhy3aQs2vojcJBn7Gdv9hC2_Nzct_pRFrnFE1a7KTCdY1bT_kAgnY3-iadRZrGeJf1fR2P5fu11bokx0pWjaypoy-ctwCjklldpEbA\/s1600\/logo-principal7.jpg\" width=\"100%\" height=\"100\" \/><\/a><!--bestpublic-voz02--><!--desk-in-out-voz02--><\/p>\n<p style=\"text-align: justify;\">As\u00ed lo ha avanzado el vicepresidente de la Diputaci\u00f3n, Fran Valera, junto al jefe del Servicio de Gesti\u00f3n Documental y Archivo de la instituci\u00f3n, Alejandro Delgado.<\/p>\n<p style=\"text-align: justify;\">Consciente de que los archivos desempe\u00f1an \u201cun papel fundamental en la preservaci\u00f3n de la historia, cultura y la memoria\u201d de una comunidad, y de que se enfrentan a desaf\u00edos multifac\u00e9ticos, como la digitalizaci\u00f3n, Valera ha explicado que el gobierno provincial est\u00e1 comprometido a dar respuestas que satisfagan las expectativas legales, administrativas y sociales que generan los archivos. Camino en el que el nacimiento de esta convocatoria supone un significativo paso m\u00e1s.<\/p>\n<p style=\"text-align: justify;\">Categor\u00edas subvencionables y plazos<\/p>\n<p style=\"text-align: justify;\">Si bien comienza con una asignaci\u00f3n modesta, de 26.000 euros, la intenci\u00f3n es \u201caumentarla y asentarla en los pr\u00f3ximos a\u00f1os\u201d. Como ha detallado, la l\u00ednea de ayudas se divide en dos categor\u00edas principales:<\/p>\n<p style=\"text-align: justify;\">Una, est\u00e1 destinada a la mejora del equipamiento e instalaciones de archivos municipales pudiendo emplearse, por ejemplo, para financiar la adquisici\u00f3n de estanter\u00edas, mobiliario especializado, contenedores para unidades de instalaci\u00f3n, sistemas de detecci\u00f3n y extinci\u00f3n de incendios, sistemas de control de intrusi\u00f3n, equipamiento inform\u00e1tico para el tratamiento y consulta de documentos, as\u00ed como para el control medioambiental de los archivos.<\/p>\n<p style=\"text-align: justify;\">La otra, se orienta a proyectos de restauraci\u00f3n de documentos producidos antes de 1940 que se encuentran en archivos municipales de la provincia. Un enfoque que garantiza avanzar en la paulatina conservaci\u00f3n de documentos hist\u00f3ricos valiosos.<\/p>\n<p style=\"text-align: justify;\">El per\u00edodo para que los ayuntamientos interesados puedan solicitar acogerse a esta convocatoria va del 30 de septiembre al 29 de octubre, pudiendo hacerlo, como es habitual, a trav\u00e9s del apartado \u2018Subvenciones\u2019 de la web de la instituci\u00f3n provincial: www.dipualba.es.<\/p>\n<p style=\"text-align: justify;\">Esc\u00e1ner profesional para la progresiva digitalizaci\u00f3n de fondos con valor cultural<\/p>\n<p style=\"text-align: justify;\">El vicepresidente ha relatado que, con estas ayudas, el equipo liderado por Santi Caba\u00f1ero sigue demostrando \u201cun compromiso real\u201d, que tiene la mirada puesta en la elaboraci\u00f3n (para 2026) del Plan Director de Archivos de la provincia que avance hacia \u201carchivos municipales modernos y bien organizados\u201d para decir que la Diputaci\u00f3n sea tambi\u00e9n \u201cel archivo de los archivos de la provincia\u201d. Una apuesta decidida que ya se viene nutriendo con distintas acciones que viene poniendo en marcha el Servicio encabezado por Delgado, a quienes ha agradecido expresamente su \u201cgran trabajo\u201d.<\/p>\n<p style=\"text-align: justify;\">Un dinamismo que, pasando por las distintas actividades de difusi\u00f3n social que est\u00e1n impulsando, conlleva tambi\u00e9n la formaci\u00f3n de personal de los ayuntamientos y que, sobre todo, tiene uno de sus mayores hitos recientes en la adquisici\u00f3n de un esc\u00e1ner profesional orientado a la progresiva digitalizaci\u00f3n de fondos municipales con valor cultural.<\/p>\n<p style=\"text-align: justify;\">Un proceso que, como ha explicado Fran Valera, la instituci\u00f3n comenz\u00f3 con la contrataci\u00f3n de un software de gesti\u00f3n documental para el archivo provincial y para el de ayuntamientos de localidades con menos de 20.000 habitantes; y que ha proseguido con la inversi\u00f3n de 34.500 euros en ese esc\u00e1ner para el mismo fin que, en este caso, estar\u00e1 a disposici\u00f3n de todos los ayuntamientos de municipios con un censo inferior a las 10.000 personas.<\/p>\n<p style=\"text-align: justify;\">Precisamente ese esc\u00e1ner y el proceso a seguir en \u00e9l para digitalizar todo tipo de documentos, se ha convertido en uno de los grandes protagonistas del breve recorrido que los y las profesionales de los medios de comunicaci\u00f3n han tenido oportunidad de realizar en el marco de esta presentaci\u00f3n, junto al propio Valera y a las pertinentes explicaciones de Alejandro Delgado sobre estas dependencias que, a pesar de la historia que albergan, son mayoritariamente desconocidas por la ciudadan\u00eda.<\/p>\n<p style=\"text-align: justify;\">Un espacio humilde pero perfectamente optimizado para el reto al que su plantilla se dedica a diario: el de conservar y divulgar el valor documental de la provincia, y donde los y las periodistas han podido ojear retazos hist\u00f3ricos de todo tipo, como el Acta de Instalaci\u00f3n de la Diputaci\u00f3n (datado en 1835), o algunas de las fotograf\u00edas con las que \u2018La Voz de Albacete\u2019 captaba en los setenta y ochenta la vida deportiva, pol\u00edtica y social de Albacete.<\/p>\n<p><!--publicidad-voz03--><a href=\"https:\/\/www.facebook.com\/profile.php?id=100063593791305&amp;locale=es_ES\"><img decoding=\"async\" class=\"alignnone size-medium\" src=\"https:\/\/blogger.googleusercontent.com\/img\/b\/R29vZ2xl\/AVvXsEi8_n_ll8UOcGxCqzFvb_9Io4ICczlGC990BPtPj2w9Px-u7B3oqWUW5vtjZUqPNJ-nyjiUIorE0ATsib_l5tV8BVN-UJ03RTnU__IHJF_4DgDBtY4LIqXNG-FomrO-7ywes20CBCRM2Hcm7EJSh3UUw1dO-c_uTflUrtgY1i7uBRezj_DpympmEFkfbQY\/s1600\/logo-principal2.jpg\" width=\"100%\" height=\"100\" \/><\/a><!--bestpublic-voz03--><!--desk-in-out-voz03--><br \/>\n<!--publicidad-voz04--><a href=\"https:\/\/www.facebook.com\/profile.php?id=61557370768692&amp;locale=es_ES\"><img decoding=\"async\" class=\"alignnone size-medium\" src=\"https:\/\/blogger.googleusercontent.com\/img\/b\/R29vZ2xl\/AVvXsEgy5RdcfffrnrItnYTcV9bCJjgJwldsQLWssfVfrLbyfXeBNTFKgBf0rMIvhrUaGUhiXzVr9_eQgCbi-j63ZDpfTvLIty9w7s140y-m1yHe7eKmEK7v2NAHUJDVYGdfeiQFeRCqUjdwWmN1MX_AUxxz4IVdJ4WIM0APxit8bjWkXzrnEFGqBvW_1F13H1g\/s1600\/logo-principal5.jpg\" width=\"100%\" height=\"100\" \/><\/a><!--bestpublic-voz04--><!--desk-in-out-voz04--><br \/>\n<!--publicidad-voz05--><a href=\"https:\/\/www.facebook.com\/asociaciontamborileroshellin?locale=es_ES\"><img decoding=\"async\" class=\"alignnone size-medium\" src=\"https:\/\/blogger.googleusercontent.com\/img\/b\/R29vZ2xl\/AVvXsEhHEEpZsKK1VpwiYMrS7aE2ujtqIDZoLd4B5wtbiseSU9s2HdTdQfhF84So2XwEB1fv0BLw95GADm6hUl1bkKtzh-eIgVigXONuu_5RxeIMPhjk8q6uNX4EaEHbooKkbu7pCADWPpVJjhKIH5NQSJpWqedC-YBez4QAQeJYokkLot9bhrIaUAeztsGis6M\/s1600\/logo-principal3.jpg\" width=\"100%\" height=\"100\" \/><\/a><!--bestpublic-voz05--><!--desk-in-out-voz05--><br \/>\n<!--publicidad-voz06--><!--bestpublic-voz06--><!--desk-in-out-voz06--><br \/>\n<!--publicidad-voz07--><!--bestpublic-voz07--><!--desk-in-out-voz07--><br \/>\n<!--publicidad-voz08--><!--bestpublic-voz08--><!--desk-in-out-voz08--><br \/>\n<!--publicidad-voz09--><!--bestpublic-voz09--><!--desk-in-out-voz09--><br \/>\n<!--publicidad-voz10--><!--bestpublic-voz10--><!--desk-in-out-voz10--><br \/>\n<!--publicidad-voz11--><!--bestpublic-voz11--><!--desk-in-out-voz11--><br \/>\n<!--publicidad-voz12--><!--bestpublic-voz12--><!--desk-in-out-voz12--><br \/>\n<!--publicidad-voz13--><!--bestpublic-voz13--><!--desk-in-out-voz13--><br \/>\n<!--publicidad-voz14--><!--bestpublic-voz14--><!--desk-in-out-voz14--><br \/>\n<!--publicidad-voz15--><!--bestpublic-voz15--><!--desk-in-out-voz15--><br \/>\n<!--publicidad-voz16--><!--bestpublic-voz16--><!--desk-in-out-voz16--><\/p>\n","protected":false},"excerpt":{"rendered":"<p>El gobierno provincial de Caba\u00f1ero pone en marcha una nueva Convocatoria de Ayudas dirigida a ayuntamientos que nace para avanzar en su objetivo de impulsar la conservaci\u00f3n y el fortalecimiento&#8230;<\/p>\n","protected":false},"author":2,"featured_media":148675,"comment_status":"closed","ping_status":"closed","sticky":false,"template":"","format":"standard","meta":{"footnotes":""},"categories":[753,718,715,716,717],"tags":[],"class_list":["post-148674","post","type-post","status-publish","format-standard","has-post-thumbnail","hentry","category-blog-lv034","category-blogger","category-la-voz-de-hellin","category-la-voz-de-hellin-la-voz-de-hellin","category-noticias"],"_links":{"self":[{"href":"https:\/\/lavozdehellin.com\/noticias\/wp-json\/wp\/v2\/posts\/148674","targetHints":{"allow":["GET"]}}],"collection":[{"href":"https:\/\/lavozdehellin.com\/noticias\/wp-json\/wp\/v2\/posts"}],"about":[{"href":"https:\/\/lavozdehellin.com\/noticias\/wp-json\/wp\/v2\/types\/post"}],"author":[{"embeddable":true,"href":"https:\/\/lavozdehellin.com\/noticias\/wp-json\/wp\/v2\/users\/2"}],"replies":[{"embeddable":true,"href":"https:\/\/lavozdehellin.com\/noticias\/wp-json\/wp\/v2\/comments?post=148674"}],"version-history":[{"count":0,"href":"https:\/\/lavozdehellin.com\/noticias\/wp-json\/wp\/v2\/posts\/148674\/revisions"}],"wp:featuredmedia":[{"embeddable":true,"href":"https:\/\/lavozdehellin.com\/noticias\/wp-json\/wp\/v2\/media\/148675"}],"wp:attachment":[{"href":"https:\/\/lavozdehellin.com\/noticias\/wp-json\/wp\/v2\/media?parent=148674"}],"wp:term":[{"taxonomy":"category","embeddable":true,"href":"https:\/\/lavozdehellin.com\/noticias\/wp-json\/wp\/v2\/categories?post=148674"},{"taxonomy":"post_tag","embeddable":true,"href":"https:\/\/lavozdehellin.com\/noticias\/wp-json\/wp\/v2\/tags?post=148674"}],"curies":[{"name":"wp","href":"https:\/\/api.w.org\/{rel}","templated":true}]}}