{"id":148677,"date":"2023-09-29T11:16:50","date_gmt":"2023-09-29T10:16:50","guid":{"rendered":"https:\/\/lavozdehellin.com\/noticias\/?p=148677"},"modified":"2024-02-26T19:36:18","modified_gmt":"2024-02-26T18:36:18","slug":"v08-296-cabanero-participa-en-la-romeria-de-san-miguel-en-chinchilla-de-monteagaron-y-elogia-el-esfuerzo-de-la-localidad-para-conservar-y-difundir-sus-tradiciones","status":"publish","type":"post","link":"https:\/\/lavozdehellin.com\/noticias\/v08-296-cabanero-participa-en-la-romeria-de-san-miguel-en-chinchilla-de-monteagaron-y-elogia-el-esfuerzo-de-la-localidad-para-conservar-y-difundir-sus-tradiciones\/","title":{"rendered":"LVH NOTICIAS | CABA\u00d1ERO PARTICIPA EN LA ROMER\u00cdA DE SAN MIGUEL EN CHINCHILLA DE MONTEAGAR\u00d3N Y ELOGIA EL ESFUERZO DE LA LOCALIDAD PARA CONSERVAR Y DIFUNDIR SUS TRADICIONES"},"content":{"rendered":"<p style=\"text-align: justify;\">El presidente de la Diputaci\u00f3n de Albacete, Santi Caba\u00f1ero, se ha desplazado hasta Chinchilla de Montearag\u00f3n, donde estos d\u00edas celebran su Romer\u00eda en honor a San Miguel, patr\u00f3n de la localidad, y junto a representantes de la Corporaci\u00f3n Municipal encabezados por su alcalde, Francisco Morote, ha disfrutado de una festividad muy significativa para esta \u2018ciudad centenaria\u2019.<\/p>\n<p><!--more--><br \/>\n<!--publicidad-voz01--><a href=\"https:\/\/www.facebook.com\/SoloRadioHellin\/?locale=es_ES\"><img decoding=\"async\" class=\"alignnone size-medium\" src=\"https:\/\/blogger.googleusercontent.com\/img\/b\/R29vZ2xl\/AVvXsEiNncirNnyGedv00mhjZjh5Wl4_YPdJGanoAl8tL8zH-HwqE8uHqjEfSt340RHdx-9tuCSIkZ8rFamZiGyYlgDGxCsmXjCH_1xk5eYM3ntFZRvJP_jndOKR7w1UAo9Tu0vrZyOLfqRpHIxYI5SymJJ-pfGCQw6QVpggBH-UgfjiFQ2JOxqxG0Jx94kW83c\/s1600\/logo-principal.jpg\" width=\"100%\" height=\"100\" \/><\/a><!--bestpublic-voz01--><!--desk-in-out-voz01--><br \/>\n<!--publicidad-voz02--><a href=\"https:\/\/www.hellincf.com\/\"><img decoding=\"async\" class=\"alignnone size-medium\" src=\"https:\/\/blogger.googleusercontent.com\/img\/b\/R29vZ2xl\/AVvXsEhuZ4-XfBVj3UtdP8-RZugy3WVrg-Zv28c53m4oV47qYCxL1rX_dqWX_YddsGSnpH5SRDqZ7bZeKPIfDVCDncpjVlhy3aQs2vojcJBn7Gdv9hC2_Nzct_pRFrnFE1a7KTCdY1bT_kAgnY3-iadRZrGeJf1fR2P5fu11bokx0pWjaypoy-ctwCjklldpEbA\/s1600\/logo-principal7.jpg\" width=\"100%\" height=\"100\" \/><\/a><!--bestpublic-voz02--><!--desk-in-out-voz02--><\/p>\n<p style=\"text-align: justify;\">El m\u00e1ximo responsable del Gobierno provincial ha participado en la romer\u00eda propiamente dicha, acompa\u00f1ando a la Corte de Honor, a la Comisi\u00f3n de Fiestas y a los chinchillanos y chinchillanas en este recorrido que part\u00eda pasadas las 10.00h de la ma\u00f1ana de la Plaza de Santo Domingo rumbo a \u2018El Tejar\u2019, donde a lo largo del d\u00eda se han organizado diferentes actividades: m\u00fasica en directo, juegos populares o un concurso gastron\u00f3mico de gazpachos y arroz.<\/p>\n<p style=\"text-align: justify;\">Previamente, a media ma\u00f1ana, en el paraje de \u2018La Raya\u2019 ha tenido lugar un almuerzo popular, conformando una jornada que, tradicionalmente, hace las veces de escenario de convivencia y hermandad entre quienes comparten unas se\u00f1as de identidad en las que esta celebraci\u00f3n est\u00e1 arraigada y quienes llegan atra\u00eddos por su belleza y el buen ambiente que reina con la participaci\u00f3n de la charanga local \u2018Los m\u00e1s duros\u2019 y el Grupo de Folclore \u2018Romer\u00eda de San Miguel\u2019.<\/p>\n<p style=\"text-align: justify;\">Durante la romer\u00eda, en la que tambi\u00e9n ha participado la delegada provincial de Desarrollo Sostenible (Llanos Valero), Caba\u00f1ero ha tenido la oportunidad de felicitar a su alcalde en nombre de una localidad que viene realizando \u201cun inmenso trabajo\u201d para conservar y poner en valor sus tradiciones y su cultura, destacando la implicaci\u00f3n del tejido asociativo del municipio, al tiempo que ha felicitado a los vecinos y vecinas en el marco de la celebraci\u00f3n de su patr\u00f3n.<\/p>\n<p style=\"text-align: justify;\">Adem\u00e1s, ha incidido en c\u00f3mo el esfuerzo del Ayuntamiento y la implicaci\u00f3n de la ciudadan\u00eda han hecho posible que Chinchilla conserve su idiosincrasia, haciendo de cada uno de sus recursos hist\u00f3ricos, festivos, etnogr\u00e1ficos\u2026 potentes herramientas de desarrollo socioecon\u00f3mico y de atracci\u00f3n tur\u00edstica para \u201cuna ciudad que mira al futuro con optimismo sin olvidar su rico legado hist\u00f3rico-cultural\u201d.<\/p>\n<p><!--publicidad-voz03--><a href=\"https:\/\/www.facebook.com\/profile.php?id=100063593791305&amp;locale=es_ES\"><img decoding=\"async\" class=\"alignnone size-medium\" src=\"https:\/\/blogger.googleusercontent.com\/img\/b\/R29vZ2xl\/AVvXsEi8_n_ll8UOcGxCqzFvb_9Io4ICczlGC990BPtPj2w9Px-u7B3oqWUW5vtjZUqPNJ-nyjiUIorE0ATsib_l5tV8BVN-UJ03RTnU__IHJF_4DgDBtY4LIqXNG-FomrO-7ywes20CBCRM2Hcm7EJSh3UUw1dO-c_uTflUrtgY1i7uBRezj_DpympmEFkfbQY\/s1600\/logo-principal2.jpg\" width=\"100%\" height=\"100\" \/><\/a><!--bestpublic-voz03--><!--desk-in-out-voz03--><br \/>\n<!--publicidad-voz04--><a href=\"https:\/\/www.facebook.com\/profile.php?id=61557370768692&amp;locale=es_ES\"><img decoding=\"async\" class=\"alignnone size-medium\" src=\"https:\/\/blogger.googleusercontent.com\/img\/b\/R29vZ2xl\/AVvXsEgy5RdcfffrnrItnYTcV9bCJjgJwldsQLWssfVfrLbyfXeBNTFKgBf0rMIvhrUaGUhiXzVr9_eQgCbi-j63ZDpfTvLIty9w7s140y-m1yHe7eKmEK7v2NAHUJDVYGdfeiQFeRCqUjdwWmN1MX_AUxxz4IVdJ4WIM0APxit8bjWkXzrnEFGqBvW_1F13H1g\/s1600\/logo-principal5.jpg\" width=\"100%\" height=\"100\" \/><\/a><!--bestpublic-voz04--><!--desk-in-out-voz04--><br \/>\n<!--publicidad-voz05--><a href=\"https:\/\/www.facebook.com\/asociaciontamborileroshellin?locale=es_ES\"><img decoding=\"async\" class=\"alignnone size-medium\" src=\"https:\/\/blogger.googleusercontent.com\/img\/b\/R29vZ2xl\/AVvXsEhHEEpZsKK1VpwiYMrS7aE2ujtqIDZoLd4B5wtbiseSU9s2HdTdQfhF84So2XwEB1fv0BLw95GADm6hUl1bkKtzh-eIgVigXONuu_5RxeIMPhjk8q6uNX4EaEHbooKkbu7pCADWPpVJjhKIH5NQSJpWqedC-YBez4QAQeJYokkLot9bhrIaUAeztsGis6M\/s1600\/logo-principal3.jpg\" width=\"100%\" height=\"100\" \/><\/a><!--bestpublic-voz05--><!--desk-in-out-voz05--><br \/>\n<!--publicidad-voz06--><!--bestpublic-voz06--><!--desk-in-out-voz06--><br \/>\n<!--publicidad-voz07--><!--bestpublic-voz07--><!--desk-in-out-voz07--><br \/>\n<!--publicidad-voz08--><!--bestpublic-voz08--><!--desk-in-out-voz08--><br \/>\n<!--publicidad-voz09--><!--bestpublic-voz09--><!--desk-in-out-voz09--><br \/>\n<!--publicidad-voz10--><!--bestpublic-voz10--><!--desk-in-out-voz10--><br \/>\n<!--publicidad-voz11--><!--bestpublic-voz11--><!--desk-in-out-voz11--><br \/>\n<!--publicidad-voz12--><!--bestpublic-voz12--><!--desk-in-out-voz12--><br \/>\n<!--publicidad-voz13--><!--bestpublic-voz13--><!--desk-in-out-voz13--><br \/>\n<!--publicidad-voz14--><!--bestpublic-voz14--><!--desk-in-out-voz14--><br \/>\n<!--publicidad-voz15--><!--bestpublic-voz15--><!--desk-in-out-voz15--><br \/>\n<!--publicidad-voz16--><!--bestpublic-voz16--><!--desk-in-out-voz16--><\/p>\n","protected":false},"excerpt":{"rendered":"<p>El presidente de la Diputaci\u00f3n de Albacete, Santi Caba\u00f1ero, se ha desplazado hasta Chinchilla de Montearag\u00f3n, donde estos d\u00edas celebran su Romer\u00eda en honor a San Miguel, patr\u00f3n de la&#8230;<\/p>\n","protected":false},"author":2,"featured_media":148678,"comment_status":"closed","ping_status":"closed","sticky":false,"template":"","format":"standard","meta":{"footnotes":""},"categories":[753,718,715,716,717],"tags":[],"class_list":["post-148677","post","type-post","status-publish","format-standard","has-post-thumbnail","hentry","category-blog-lv034","category-blogger","category-la-voz-de-hellin","category-la-voz-de-hellin-la-voz-de-hellin","category-noticias"],"_links":{"self":[{"href":"https:\/\/lavozdehellin.com\/noticias\/wp-json\/wp\/v2\/posts\/148677","targetHints":{"allow":["GET"]}}],"collection":[{"href":"https:\/\/lavozdehellin.com\/noticias\/wp-json\/wp\/v2\/posts"}],"about":[{"href":"https:\/\/lavozdehellin.com\/noticias\/wp-json\/wp\/v2\/types\/post"}],"author":[{"embeddable":true,"href":"https:\/\/lavozdehellin.com\/noticias\/wp-json\/wp\/v2\/users\/2"}],"replies":[{"embeddable":true,"href":"https:\/\/lavozdehellin.com\/noticias\/wp-json\/wp\/v2\/comments?post=148677"}],"version-history":[{"count":0,"href":"https:\/\/lavozdehellin.com\/noticias\/wp-json\/wp\/v2\/posts\/148677\/revisions"}],"wp:featuredmedia":[{"embeddable":true,"href":"https:\/\/lavozdehellin.com\/noticias\/wp-json\/wp\/v2\/media\/148678"}],"wp:attachment":[{"href":"https:\/\/lavozdehellin.com\/noticias\/wp-json\/wp\/v2\/media?parent=148677"}],"wp:term":[{"taxonomy":"category","embeddable":true,"href":"https:\/\/lavozdehellin.com\/noticias\/wp-json\/wp\/v2\/categories?post=148677"},{"taxonomy":"post_tag","embeddable":true,"href":"https:\/\/lavozdehellin.com\/noticias\/wp-json\/wp\/v2\/tags?post=148677"}],"curies":[{"name":"wp","href":"https:\/\/api.w.org\/{rel}","templated":true}]}}