{"id":148680,"date":"2023-09-28T18:28:36","date_gmt":"2023-09-28T17:28:36","guid":{"rendered":"https:\/\/lavozdehellin.com\/noticias\/?p=148680"},"modified":"2024-04-25T14:43:53","modified_gmt":"2024-04-25T12:43:53","slug":"v08-295-la-magia-de-disneyland-paris-regresa-al-reciclaje-de-vidrio-de-la-mano-de-ecovidrio-la-diputacion-la-jccm-y-el-ayuntamiento-de-albacete","status":"publish","type":"post","link":"https:\/\/lavozdehellin.com\/noticias\/v08-295-la-magia-de-disneyland-paris-regresa-al-reciclaje-de-vidrio-de-la-mano-de-ecovidrio-la-diputacion-la-jccm-y-el-ayuntamiento-de-albacete\/","title":{"rendered":"LVH NOTICIAS | LA MAGIA DE DISNEYLAND PARIS REGRESA AL RECICLAJE DE VIDRIO DE LA MANO DE ECOVIDRIO, LA DIPUTACI\u00d3N, LA JCCM Y EL AYUNTAMIENTO DE ALBACETE"},"content":{"rendered":"<p style=\"text-align: justify;\">Coincidiendo con la \u2018vuelta al cole\u2019, R2D2, Dumbo y Mike Wazowski de Monstruos S.A. han tomado los igl\u00fas de reciclaje de vidrio de distintas calles de la capital provincial para concienciar a las familias en el cuidado del medioambiente.<\/p>\n<p><!--more--><br \/>\n<!--publicidad-voz01--><a href=\"https:\/\/www.facebook.com\/SoloRadioHellin\/?locale=es_ES\"><img decoding=\"async\" class=\"alignnone size-medium\" src=\"https:\/\/blogger.googleusercontent.com\/img\/b\/R29vZ2xl\/AVvXsEiNncirNnyGedv00mhjZjh5Wl4_YPdJGanoAl8tL8zH-HwqE8uHqjEfSt340RHdx-9tuCSIkZ8rFamZiGyYlgDGxCsmXjCH_1xk5eYM3ntFZRvJP_jndOKR7w1UAo9Tu0vrZyOLfqRpHIxYI5SymJJ-pfGCQw6QVpggBH-UgfjiFQ2JOxqxG0Jx94kW83c\/s1600\/logo-principal.jpg\" width=\"100%\" height=\"100\" \/><\/a><!--bestpublic-voz01--><!--desk-in-out-voz01--><br \/>\n<!--publicidad-voz02--><a href=\"https:\/\/www.hellincf.com\/\"><img decoding=\"async\" class=\"alignnone size-medium\" src=\"https:\/\/blogger.googleusercontent.com\/img\/b\/R29vZ2xl\/AVvXsEhuZ4-XfBVj3UtdP8-RZugy3WVrg-Zv28c53m4oV47qYCxL1rX_dqWX_YddsGSnpH5SRDqZ7bZeKPIfDVCDncpjVlhy3aQs2vojcJBn7Gdv9hC2_Nzct_pRFrnFE1a7KTCdY1bT_kAgnY3-iadRZrGeJf1fR2P5fu11bokx0pWjaypoy-ctwCjklldpEbA\/s1600\/logo-principal7.jpg\" width=\"100%\" height=\"100\" \/><\/a><!--bestpublic-voz02--><!--desk-in-out-voz02--><\/p>\n<p style=\"text-align: justify;\">Bajo el lema \u2018Reciclar vidrio es m\u00e1gico\u2019, estos divertidos dispositivos se mantendr\u00e1n durante cuatro semanas en la Plaza de las Carretas, la Calle Caba y la Avenida de Espa\u00f1a en su cruce con el Paseo Circunvalaci\u00f3n. Desde esas localizaciones, las familias podr\u00e1n aportar su \u2018granito de arena\u2019 a la sostenibilidad medioambiental mientras los m\u00e1s peque\u00f1os y m\u00e1s peque\u00f1as de la casa se deleitan con sus personajes favoritos en un \u2018juego\u2019 que educa en valores y acaba transformando a mejor nuestro entorno.<\/p>\n<p style=\"text-align: justify;\">El diputado provincial de Medio Ambiente, Jos\u00e9 Antonio G\u00f3mez; el delegado provincial de la JCCM, Pedro Antonio Ruiz Santos; la delegada de Desarrollo Sostenible, Llanos Valero; la concejala del \u00e1rea en el Ayuntamiento de Albacete, Rosa Gonz\u00e1lez de la Aleja; y el t\u00e9cnico de zona de Ecovidrio, Manuel Sala, han participado en la presentaci\u00f3n de estos igl\u00fas que, en su versi\u00f3n \u2018mini\u2019, se pueden adquirir a trav\u00e9s de la p\u00e1gina web www.miniglu.es, destinando todos los beneficios ir\u00e1n destinados a los proyectos de la Fundaci\u00f3n.<\/p>\n<p style=\"text-align: justify;\">G\u00f3mez ha puesto en valor el poder transformador de este tipo de acciones que, de la mano de una educaci\u00f3n comprometida que aglutina a toda la familia, resuktan doblemente eficaces y entroncan de lleno con el trabajo que la Diputaci\u00f3n viene haciendo, a trav\u00e9s del Consorcio de Medio Ambiente, en concienciaci\u00f3n ciudadana.<\/p>\n<p style=\"text-align: justify;\">Iniciativas que, ha subrayado, cuentan con la fuerza que imprime la uni\u00f3n del conjunto de Administraciones para avanzar en econom\u00eda circular y favorecer el desarrollo de los ODS de la Agenda 2030.<\/p>\n<p style=\"text-align: justify;\">Recordando que 9 de cada 10 envases de vidrio, acaban siendo reciclados, ha puesto en valor el papel que este tipo de acciones, divertidas e intergeneracionales, viene teniendo a lo largo del tiempo a la hora de hacer posibles esas estad\u00edsticas que, no obstante, ha llamado a seguir potenciando y replicando en otro tipo de materias.<\/p>\n<p><!--publicidad-voz03--><a href=\"https:\/\/www.facebook.com\/profile.php?id=100063593791305&amp;locale=es_ES\"><img decoding=\"async\" class=\"alignnone size-medium\" src=\"https:\/\/blogger.googleusercontent.com\/img\/b\/R29vZ2xl\/AVvXsEi8_n_ll8UOcGxCqzFvb_9Io4ICczlGC990BPtPj2w9Px-u7B3oqWUW5vtjZUqPNJ-nyjiUIorE0ATsib_l5tV8BVN-UJ03RTnU__IHJF_4DgDBtY4LIqXNG-FomrO-7ywes20CBCRM2Hcm7EJSh3UUw1dO-c_uTflUrtgY1i7uBRezj_DpympmEFkfbQY\/s1600\/logo-principal2.jpg\" width=\"100%\" height=\"100\" \/><\/a><!--bestpublic-voz03--><!--desk-in-out-voz03--><br \/>\n<!--publicidad-voz04--><a href=\"https:\/\/www.facebook.com\/profile.php?id=61557370768692&amp;locale=es_ES\"><img decoding=\"async\" class=\"alignnone size-medium\" src=\"https:\/\/blogger.googleusercontent.com\/img\/b\/R29vZ2xl\/AVvXsEgy5RdcfffrnrItnYTcV9bCJjgJwldsQLWssfVfrLbyfXeBNTFKgBf0rMIvhrUaGUhiXzVr9_eQgCbi-j63ZDpfTvLIty9w7s140y-m1yHe7eKmEK7v2NAHUJDVYGdfeiQFeRCqUjdwWmN1MX_AUxxz4IVdJ4WIM0APxit8bjWkXzrnEFGqBvW_1F13H1g\/s1600\/logo-principal5.jpg\" width=\"100%\" height=\"100\" \/><\/a><!--bestpublic-voz04--><!--desk-in-out-voz04--><br \/>\n<!--publicidad-voz05--><a href=\"https:\/\/www.facebook.com\/asociaciontamborileroshellin?locale=es_ES\"><img decoding=\"async\" class=\"alignnone size-medium\" src=\"https:\/\/blogger.googleusercontent.com\/img\/b\/R29vZ2xl\/AVvXsEhHEEpZsKK1VpwiYMrS7aE2ujtqIDZoLd4B5wtbiseSU9s2HdTdQfhF84So2XwEB1fv0BLw95GADm6hUl1bkKtzh-eIgVigXONuu_5RxeIMPhjk8q6uNX4EaEHbooKkbu7pCADWPpVJjhKIH5NQSJpWqedC-YBez4QAQeJYokkLot9bhrIaUAeztsGis6M\/s1600\/logo-principal3.jpg\" width=\"100%\" height=\"100\" \/><\/a><!--bestpublic-voz05--><!--desk-in-out-voz05--><br \/>\n<!--publicidad-voz06--><!--bestpublic-voz06--><!--desk-in-out-voz06--><br \/>\n<!--publicidad-voz07--><!--bestpublic-voz07--><!--desk-in-out-voz07--><br \/>\n<!--publicidad-voz08--><!--bestpublic-voz08--><!--desk-in-out-voz08--><br \/>\n<!--publicidad-voz09--><!--bestpublic-voz09--><!--desk-in-out-voz09--><br \/>\n<!--publicidad-voz10--><!--bestpublic-voz10--><!--desk-in-out-voz10--><br \/>\n<!--publicidad-voz11--><!--bestpublic-voz11--><!--desk-in-out-voz11--><br \/>\n<!--publicidad-voz12--><!--bestpublic-voz12--><!--desk-in-out-voz12--><br \/>\n<!--publicidad-voz13--><!--bestpublic-voz13--><!--desk-in-out-voz13--><br \/>\n<!--publicidad-voz14--><!--bestpublic-voz14--><!--desk-in-out-voz14--><br \/>\n<!--publicidad-voz15--><!--bestpublic-voz15--><!--desk-in-out-voz15--><br \/>\n<!--publicidad-voz16--><!--bestpublic-voz16--><!--desk-in-out-voz16--><\/p>\n","protected":false},"excerpt":{"rendered":"<p>Coincidiendo con la \u2018vuelta al cole\u2019, R2D2, Dumbo y Mike Wazowski de Monstruos S.A. han tomado los igl\u00fas de reciclaje de vidrio de distintas calles de la capital provincial para&#8230;<\/p>\n","protected":false},"author":2,"featured_media":149973,"comment_status":"closed","ping_status":"closed","sticky":false,"template":"","format":"standard","meta":{"footnotes":""},"categories":[753,718,715,716,717],"tags":[],"class_list":["post-148680","post","type-post","status-publish","format-standard","has-post-thumbnail","hentry","category-blog-lv034","category-blogger","category-la-voz-de-hellin","category-la-voz-de-hellin-la-voz-de-hellin","category-noticias"],"_links":{"self":[{"href":"https:\/\/lavozdehellin.com\/noticias\/wp-json\/wp\/v2\/posts\/148680","targetHints":{"allow":["GET"]}}],"collection":[{"href":"https:\/\/lavozdehellin.com\/noticias\/wp-json\/wp\/v2\/posts"}],"about":[{"href":"https:\/\/lavozdehellin.com\/noticias\/wp-json\/wp\/v2\/types\/post"}],"author":[{"embeddable":true,"href":"https:\/\/lavozdehellin.com\/noticias\/wp-json\/wp\/v2\/users\/2"}],"replies":[{"embeddable":true,"href":"https:\/\/lavozdehellin.com\/noticias\/wp-json\/wp\/v2\/comments?post=148680"}],"version-history":[{"count":0,"href":"https:\/\/lavozdehellin.com\/noticias\/wp-json\/wp\/v2\/posts\/148680\/revisions"}],"wp:featuredmedia":[{"embeddable":true,"href":"https:\/\/lavozdehellin.com\/noticias\/wp-json\/wp\/v2\/media\/149973"}],"wp:attachment":[{"href":"https:\/\/lavozdehellin.com\/noticias\/wp-json\/wp\/v2\/media?parent=148680"}],"wp:term":[{"taxonomy":"category","embeddable":true,"href":"https:\/\/lavozdehellin.com\/noticias\/wp-json\/wp\/v2\/categories?post=148680"},{"taxonomy":"post_tag","embeddable":true,"href":"https:\/\/lavozdehellin.com\/noticias\/wp-json\/wp\/v2\/tags?post=148680"}],"curies":[{"name":"wp","href":"https:\/\/api.w.org\/{rel}","templated":true}]}}