{"id":148683,"date":"2023-09-28T12:37:03","date_gmt":"2023-09-28T11:37:03","guid":{"rendered":"https:\/\/lavozdehellin.com\/noticias\/?p=148683"},"modified":"2024-02-26T19:36:19","modified_gmt":"2024-02-26T18:36:19","slug":"v08-294-el-festival-de-los-sentidos-2024-echa-a-andar-en-la-diputacion-de-albacete-con-los-primeros-anuncios-de-su-cartel","status":"publish","type":"post","link":"https:\/\/lavozdehellin.com\/noticias\/v08-294-el-festival-de-los-sentidos-2024-echa-a-andar-en-la-diputacion-de-albacete-con-los-primeros-anuncios-de-su-cartel\/","title":{"rendered":"LVH NOTICIAS | EL FESTIVAL DE LOS SENTIDOS 2024 ECHA A ANDAR EN LA DIPUTACI\u00d3N DE ALBACETE CON LOS PRIMEROS ANUNCIOS DE SU CARTEL"},"content":{"rendered":"<p style=\"text-align: justify;\">\u2018Viva Suecia\u2019, \u2018Shinova\u2019 y \u00c1ngel Carmona son los tres primeros protagonistas del Festival de los Sentidos 2024 que La Roda vivir\u00e1 del 14 al 16 de junio.<\/p>\n<p><!--more--><br \/>\n<!--publicidad-voz01--><a href=\"https:\/\/www.facebook.com\/SoloRadioHellin\/?locale=es_ES\"><img decoding=\"async\" class=\"alignnone size-medium\" src=\"https:\/\/blogger.googleusercontent.com\/img\/b\/R29vZ2xl\/AVvXsEiNncirNnyGedv00mhjZjh5Wl4_YPdJGanoAl8tL8zH-HwqE8uHqjEfSt340RHdx-9tuCSIkZ8rFamZiGyYlgDGxCsmXjCH_1xk5eYM3ntFZRvJP_jndOKR7w1UAo9Tu0vrZyOLfqRpHIxYI5SymJJ-pfGCQw6QVpggBH-UgfjiFQ2JOxqxG0Jx94kW83c\/s1600\/logo-principal.jpg\" width=\"100%\" height=\"100\" \/><\/a><!--bestpublic-voz01--><!--desk-in-out-voz01--><br \/>\n<!--publicidad-voz02--><a href=\"https:\/\/www.hellincf.com\/\"><img decoding=\"async\" class=\"alignnone size-medium\" src=\"https:\/\/blogger.googleusercontent.com\/img\/b\/R29vZ2xl\/AVvXsEhuZ4-XfBVj3UtdP8-RZugy3WVrg-Zv28c53m4oV47qYCxL1rX_dqWX_YddsGSnpH5SRDqZ7bZeKPIfDVCDncpjVlhy3aQs2vojcJBn7Gdv9hC2_Nzct_pRFrnFE1a7KTCdY1bT_kAgnY3-iadRZrGeJf1fR2P5fu11bokx0pWjaypoy-ctwCjklldpEbA\/s1600\/logo-principal7.jpg\" width=\"100%\" height=\"100\" \/><\/a><!--bestpublic-voz02--><!--desk-in-out-voz02--><\/p>\n<p style=\"text-align: justify;\">La Diputaci\u00f3n de Albacete ha sido, un a\u00f1o m\u00e1s, el lugar escogido para que el presidente provincial, Santi Caba\u00f1ero, el alcalde de La Roda, Juanra Amores, y el director del propio festival, Javier Alarc\u00f3n, hayan avanzado los detalles de este festival referente en el panorama musical indie.<\/p>\n<p style=\"text-align: justify;\">Y es que, desde las 12:00 del pr\u00f3ximo lunes, 2 de octubre, estar\u00e1n a la venta las entradas de la 17\u00aa edici\u00f3n del evento, tanto en su web oficial (www.festivalsentidos.com) como en cualquier centro comercial de El Corte Ingl\u00e9s.<br \/>\nFestival de oportunidades<\/p>\n<p style=\"text-align: justify;\">Caba\u00f1ero ha explicado que \u201cla Diputaci\u00f3n de Albacete ha estado y seguir\u00e1 estando, \u2018con todos los sentidos\u2026\u2019, junto a este festival\u201d; apoyo que, en lo econ\u00f3mico, se traduce en un convenio que sub\u00eda a los 15.000 \u20ac, consolid\u00e1ndose como una de esas inversiones que revierte de muchas formas, se\u00f1alando que para la instituci\u00f3n es un orgullo respaldar, apoyar y divulgar iniciativas como \u00e9sta que, adem\u00e1s de diversi\u00f3n, cultura, dinamismo, ocio familiar y buen ambiente, suponen creaci\u00f3n de empleo y de nuevas oportunidades en el territorio.<\/p>\n<p style=\"text-align: justify;\">Un evento ejemplar que jam\u00e1s ha dejado de \u201creinventarse\u201d y que, como han resaltado, tambi\u00e9n propone en torno a la m\u00fasica: gastronom\u00eda (\u00e1mbito que se quiere reimpulsar de cara a este 2024) , apoyo a la cultura y la creaci\u00f3n local, y espacios para compartir tradiciones que, hablando de La Roda y de la provincia, llegan a un p\u00fablico de toda edad y condici\u00f3n.<\/p>\n<p style=\"text-align: justify;\">Como ha referido el presidente de la Diputaci\u00f3n, estar presentando ya la 17\u00aa edici\u00f3n es la muestra m\u00e1s evidente de que el Festival de los Sentidos de La Roda \u2018suma y sigue\u2019: \u201csuma afici\u00f3n y sigue creciendo\u201d, ha subrayado, aludiendo a que, tras esos 16 a\u00f1os que han pasado desde su primer cartel, goza de todo lo necesario para ser el primer festival indie de C-LM que logre la Declaraci\u00f3n de Inter\u00e9s Tur\u00edstico Regional por la que viene trabajando el Ayuntamiento de la localidad.<\/p>\n<p style=\"text-align: justify;\">Caba\u00f1ero ha reiterado todo el apoyo de la Diputaci\u00f3n para alcanzar ese objetivo porque, adem\u00e1s de ser un foco de actividad y de promoci\u00f3n indiscutible para La Roda, el festival lo es tambi\u00e9n para otras muchas localidades de su comarca (e incluso del vecino territorio conquense) que reciben a buena parte del p\u00fablico que se apunta a disfrutar de Los Sentidos. Algo que, ha ahondado, es bueno para toda la provincia y para la regi\u00f3n.<\/p>\n<p style=\"text-align: justify;\">Adem\u00e1s, ha afirmado que citas como \u00e9sta suponen un claro impulso a esa mal llamada \u2018Espa\u00f1a vaciada\u2019 que cuenta con mil potencialidades y que tiene en este tipo de eventos un gran revulsivo para \u201cseguir mejorando la oferta provincial, en este caso, de la mano de ese \u2018turismo de festivales\u2019 tan en alza, adem\u00e1s, con esta mirada \u2018familiar\u2019 que le aporta La Roda a su Festival de los Sentidos\u201d.<\/p>\n<p style=\"text-align: justify;\">Amores: \u201cQuien quiera empezar a vivir la vida tiene que empezar a vivir \u2018los Sentidos\u2019\u2026\u201d<\/p>\n<p style=\"text-align: justify;\">\u201cQuien quiera empezar a vivir la vida tiene que empezar a vivir \u2018los Sentidos\u2019, y eso, pasa en La Roda\u201d, ha subrayado Amores, valorando que casi ning\u00fan festival del pa\u00eds anuncia con tanta anticipaci\u00f3n sus primeras confirmaciones; un \u201cmotivo de orgullo\u201d como alcalde de un municipio que tiene en el Festival de los Sentidos una de sus \u2018joyas\u2019 y donde m\u00fasica, gastronom\u00eda, buen ambiente y los mejores productos de la localidad se conjugan en torno a un recinto que re\u00fane a protagonistas de la mejor m\u00fasica del pa\u00eds.<\/p>\n<p style=\"text-align: justify;\">El primer edil ha agradecido a Javier Alarc\u00f3n su trabajo manteniendo \u2018el pulso\u2019 del evento en un panorama \u201ccada vez m\u00e1s competitivo\u201d. Una cita \u2018marcada a fuego\u2019 en el calendario y en la que \u201cdisfrutamos en familia de la amistad, de un entorno \u00fanico\u201d que, ha recordado, el a\u00f1o pasado se abr\u00eda al resto de la localidad con escenario gratuitos en m\u00e1s puntos dentro de una experiencia que, como ha se\u00f1alado el alcalde, desean repetir en 2024.<\/p>\n<p style=\"text-align: justify;\">Por su parte, agradeciendo el apoyo de todas las instituciones implicadas: Diputaci\u00f3n, Ayuntamiento de La Roda y JCCM, Javier Alarc\u00f3n ha incidido en la respuesta que el Festival siempre ha encontrado en el p\u00fablico, y ha afirmado que se est\u00e1 trabajando en una pr\u00f3xima edici\u00f3n que siga esa l\u00ednea de crecimiento exponencial y que mejore con las distintas novedades que se est\u00e1n perfilando originando, ha se\u00f1alado, \u201cel que seguramente va a ser el cartel m\u00e1s potente del Festival de los Sentidos\u201d, ahondando en que se volcar\u00e1n los esfuerzos en que la excelencia culinaria brille m\u00e1s que nunca en 2024, de la mano de esos productos que nos hace una referencia mundial.<\/p>\n<p style=\"text-align: justify;\">Los primeros nombres del cartel de 2024<\/p>\n<p style=\"text-align: justify;\">\u2018Viva Suecia\u2019 ha pasado por el Festival de los Sentidos en dos ocasiones: en la primera, form\u00f3 parte de los grupos emergentes que act\u00faan en el escenario \u2018Vinos de La Mancha\u2019 y, en la segunda, se situ\u00f3 como un claro aspirante a los puestos m\u00e1s altos de la m\u00fasica independiente en Espa\u00f1a. En 2024, tras la publicaci\u00f3n de su \u00faltimo trabajo, \u2018El Amor de la clase que sea\u2019, llegar\u00e1 al festival como uno de los grupos imprescindibles del momento, estando entre los elegidos por los miles de personas que se mueven por todo el pa\u00eds en este tipo de citas.<\/p>\n<p style=\"text-align: justify;\">\u2018Shinova\u2019 est\u00e1 en \u201cun momento dulce\u201d en su carrera. Son art\u00edfices de algunas de las canciones m\u00e1s m\u00edticas de la m\u00fasica espa\u00f1ola de los \u00faltimos a\u00f1os. \u00c9xitos como \u2018Te debo una canci\u00f3n\u2019, \u2018La sonrisa intacta\u2019 o \u2018Qu\u00e9 casualidad lo sit\u00faan como uno de los grupos m\u00e1s destacados del panorama nacional. En los pr\u00f3ximos meses publicar\u00e1n su nuevo trabajo (\u2018El Presente\u2019), esperado por el p\u00fablico con unas muy altas expectativas.<\/p>\n<p style=\"text-align: justify;\">Tambi\u00e9n estar\u00e1 en La Roda \u00c1ngel Carmona: uno de los periodistas musicales m\u00e1s reconocidos y que mejor sintetizan la energ\u00eda y la creatividad de una escena nacional en continuo crecimiento. Ha estado al frente de \u2018Hoy empieza todo\u2019 de Radio3 durante m\u00e1s de 10 a\u00f1os y recientemente se ha incorporado a Radio Nacional de Espa\u00f1a, dirigiendo el nuevo programa \u2018Ma\u00f1ana m\u00e1s\u2019.<\/p>\n<p style=\"text-align: justify;\">Ya se han vendido m\u00e1s de 1.500 abonos en el periodo de \u2018venta a ciegas\u2019: todo \u201cun r\u00e9cord\u201d. Desde el 2 de octubre, se pueden comprar m\u00e1s entradas, incluyendo una oferta especial con la tirada de 1.000 abonos completos a 37\u20195 \u20ac que han animado a aprovechar.<\/p>\n<p><!--publicidad-voz03--><a href=\"https:\/\/www.facebook.com\/profile.php?id=100063593791305&amp;locale=es_ES\"><img decoding=\"async\" class=\"alignnone size-medium\" src=\"https:\/\/blogger.googleusercontent.com\/img\/b\/R29vZ2xl\/AVvXsEi8_n_ll8UOcGxCqzFvb_9Io4ICczlGC990BPtPj2w9Px-u7B3oqWUW5vtjZUqPNJ-nyjiUIorE0ATsib_l5tV8BVN-UJ03RTnU__IHJF_4DgDBtY4LIqXNG-FomrO-7ywes20CBCRM2Hcm7EJSh3UUw1dO-c_uTflUrtgY1i7uBRezj_DpympmEFkfbQY\/s1600\/logo-principal2.jpg\" width=\"100%\" height=\"100\" \/><\/a><!--bestpublic-voz03--><!--desk-in-out-voz03--><br \/>\n<!--publicidad-voz04--><a href=\"https:\/\/www.facebook.com\/profile.php?id=61557370768692&amp;locale=es_ES\"><img decoding=\"async\" class=\"alignnone size-medium\" src=\"https:\/\/blogger.googleusercontent.com\/img\/b\/R29vZ2xl\/AVvXsEgy5RdcfffrnrItnYTcV9bCJjgJwldsQLWssfVfrLbyfXeBNTFKgBf0rMIvhrUaGUhiXzVr9_eQgCbi-j63ZDpfTvLIty9w7s140y-m1yHe7eKmEK7v2NAHUJDVYGdfeiQFeRCqUjdwWmN1MX_AUxxz4IVdJ4WIM0APxit8bjWkXzrnEFGqBvW_1F13H1g\/s1600\/logo-principal5.jpg\" width=\"100%\" height=\"100\" \/><\/a><!--bestpublic-voz04--><!--desk-in-out-voz04--><br \/>\n<!--publicidad-voz05--><a href=\"https:\/\/www.facebook.com\/asociaciontamborileroshellin?locale=es_ES\"><img decoding=\"async\" class=\"alignnone size-medium\" src=\"https:\/\/blogger.googleusercontent.com\/img\/b\/R29vZ2xl\/AVvXsEhHEEpZsKK1VpwiYMrS7aE2ujtqIDZoLd4B5wtbiseSU9s2HdTdQfhF84So2XwEB1fv0BLw95GADm6hUl1bkKtzh-eIgVigXONuu_5RxeIMPhjk8q6uNX4EaEHbooKkbu7pCADWPpVJjhKIH5NQSJpWqedC-YBez4QAQeJYokkLot9bhrIaUAeztsGis6M\/s1600\/logo-principal3.jpg\" width=\"100%\" height=\"100\" \/><\/a><!--bestpublic-voz05--><!--desk-in-out-voz05--><br \/>\n<!--publicidad-voz06--><!--bestpublic-voz06--><!--desk-in-out-voz06--><br \/>\n<!--publicidad-voz07--><!--bestpublic-voz07--><!--desk-in-out-voz07--><br \/>\n<!--publicidad-voz08--><!--bestpublic-voz08--><!--desk-in-out-voz08--><br \/>\n<!--publicidad-voz09--><!--bestpublic-voz09--><!--desk-in-out-voz09--><br \/>\n<!--publicidad-voz10--><!--bestpublic-voz10--><!--desk-in-out-voz10--><br \/>\n<!--publicidad-voz11--><!--bestpublic-voz11--><!--desk-in-out-voz11--><br \/>\n<!--publicidad-voz12--><!--bestpublic-voz12--><!--desk-in-out-voz12--><br \/>\n<!--publicidad-voz13--><!--bestpublic-voz13--><!--desk-in-out-voz13--><br \/>\n<!--publicidad-voz14--><!--bestpublic-voz14--><!--desk-in-out-voz14--><br \/>\n<!--publicidad-voz15--><!--bestpublic-voz15--><!--desk-in-out-voz15--><br \/>\n<!--publicidad-voz16--><!--bestpublic-voz16--><!--desk-in-out-voz16--><\/p>\n","protected":false},"excerpt":{"rendered":"<p>\u2018Viva Suecia\u2019, \u2018Shinova\u2019 y \u00c1ngel Carmona son los tres primeros protagonistas del Festival de los Sentidos 2024 que La Roda vivir\u00e1 del 14 al 16 de junio.<\/p>\n","protected":false},"author":2,"featured_media":148684,"comment_status":"closed","ping_status":"closed","sticky":false,"template":"","format":"standard","meta":{"footnotes":""},"categories":[753,718,715,716,717],"tags":[],"class_list":["post-148683","post","type-post","status-publish","format-standard","has-post-thumbnail","hentry","category-blog-lv034","category-blogger","category-la-voz-de-hellin","category-la-voz-de-hellin-la-voz-de-hellin","category-noticias"],"_links":{"self":[{"href":"https:\/\/lavozdehellin.com\/noticias\/wp-json\/wp\/v2\/posts\/148683","targetHints":{"allow":["GET"]}}],"collection":[{"href":"https:\/\/lavozdehellin.com\/noticias\/wp-json\/wp\/v2\/posts"}],"about":[{"href":"https:\/\/lavozdehellin.com\/noticias\/wp-json\/wp\/v2\/types\/post"}],"author":[{"embeddable":true,"href":"https:\/\/lavozdehellin.com\/noticias\/wp-json\/wp\/v2\/users\/2"}],"replies":[{"embeddable":true,"href":"https:\/\/lavozdehellin.com\/noticias\/wp-json\/wp\/v2\/comments?post=148683"}],"version-history":[{"count":0,"href":"https:\/\/lavozdehellin.com\/noticias\/wp-json\/wp\/v2\/posts\/148683\/revisions"}],"wp:featuredmedia":[{"embeddable":true,"href":"https:\/\/lavozdehellin.com\/noticias\/wp-json\/wp\/v2\/media\/148684"}],"wp:attachment":[{"href":"https:\/\/lavozdehellin.com\/noticias\/wp-json\/wp\/v2\/media?parent=148683"}],"wp:term":[{"taxonomy":"category","embeddable":true,"href":"https:\/\/lavozdehellin.com\/noticias\/wp-json\/wp\/v2\/categories?post=148683"},{"taxonomy":"post_tag","embeddable":true,"href":"https:\/\/lavozdehellin.com\/noticias\/wp-json\/wp\/v2\/tags?post=148683"}],"curies":[{"name":"wp","href":"https:\/\/api.w.org\/{rel}","templated":true}]}}