{"id":148686,"date":"2023-09-28T12:20:49","date_gmt":"2023-09-28T11:20:49","guid":{"rendered":"https:\/\/lavozdehellin.com\/noticias\/?p=148686"},"modified":"2024-02-26T19:36:19","modified_gmt":"2024-02-26T18:36:19","slug":"v08-293-el-duatlon-cross-ciudad-de-albacete-llega-a-su-sexta-edicion-el-30-de-septiembre-con-el-apoyo-de-la-diputacion-y-suma-unos-300-participantes","status":"publish","type":"post","link":"https:\/\/lavozdehellin.com\/noticias\/v08-293-el-duatlon-cross-ciudad-de-albacete-llega-a-su-sexta-edicion-el-30-de-septiembre-con-el-apoyo-de-la-diputacion-y-suma-unos-300-participantes\/","title":{"rendered":"LVH NOTICIAS | EL DUATL\u00d3N-CROSS \u2018CIUDAD DE ALBACETE\u2019 LLEGA A SU SEXTA EDICI\u00d3N EL 30 DE SEPTIEMBRE CON EL APOYO DE LA DIPUTACI\u00d3N Y SUMA UNOS 300 PARTICIPANTES"},"content":{"rendered":"<p style=\"text-align: justify;\">El diputado provincial de Deportes, Dani Sancha; el concejal del \u00e1rea en el Ayuntamiento de Albacete, Francisco Villaescusa, y el presidente del Club Triatl\u00f3n Albacete, Jos\u00e9 Fresneda, junto a representantes del IMD, han presentado el VI Duatl\u00f3n-Cross Ciudad de Albacete.<\/p>\n<p><!--more--><br \/>\n<!--publicidad-voz01--><a href=\"https:\/\/www.facebook.com\/SoloRadioHellin\/?locale=es_ES\"><img decoding=\"async\" class=\"alignnone size-medium\" src=\"https:\/\/blogger.googleusercontent.com\/img\/b\/R29vZ2xl\/AVvXsEiNncirNnyGedv00mhjZjh5Wl4_YPdJGanoAl8tL8zH-HwqE8uHqjEfSt340RHdx-9tuCSIkZ8rFamZiGyYlgDGxCsmXjCH_1xk5eYM3ntFZRvJP_jndOKR7w1UAo9Tu0vrZyOLfqRpHIxYI5SymJJ-pfGCQw6QVpggBH-UgfjiFQ2JOxqxG0Jx94kW83c\/s1600\/logo-principal.jpg\" width=\"100%\" height=\"100\" \/><\/a><!--bestpublic-voz01--><!--desk-in-out-voz01--><br \/>\n<!--publicidad-voz02--><a href=\"https:\/\/www.hellincf.com\/\"><img decoding=\"async\" class=\"alignnone size-medium\" src=\"https:\/\/blogger.googleusercontent.com\/img\/b\/R29vZ2xl\/AVvXsEhuZ4-XfBVj3UtdP8-RZugy3WVrg-Zv28c53m4oV47qYCxL1rX_dqWX_YddsGSnpH5SRDqZ7bZeKPIfDVCDncpjVlhy3aQs2vojcJBn7Gdv9hC2_Nzct_pRFrnFE1a7KTCdY1bT_kAgnY3-iadRZrGeJf1fR2P5fu11bokx0pWjaypoy-ctwCjklldpEbA\/s1600\/logo-principal7.jpg\" width=\"100%\" height=\"100\" \/><\/a><!--bestpublic-voz02--><!--desk-in-out-voz02--><\/p>\n<p style=\"text-align: justify;\">El Ducross se correr\u00e1 en el Parque Periurbano de La Pulgosa, el pr\u00f3ximo s\u00e1bado 30 de septiembre, en jornada de ma\u00f1ana y tarde: por la ma\u00f1ana para los cadetes, infantiles y alevines, y por la tarde, a partir de las 17.00, para los adultos. La prueba principal constar\u00e1 de un segmento de seis kil\u00f3metros a pie, 23 kil\u00f3metros en bicicleta de monta\u00f1a, y otros tres kil\u00f3metros de nuevo a pie. La bicicleta sale del Parque con un recorrido a Chinchilla y vuelta, siempre con la m\u00e1xima protecci\u00f3n para los participantes.<\/p>\n<p style=\"text-align: justify;\">El diputado provincial de Deportes, Dani Sancha, ha puesto en valor esta cita deportiva, en la que ha tenido la oportunidad de participar en pasadas ediciones, y ha reiterado el apoyo de la Diputaci\u00f3n a cada iniciativa que apuesta por la promoci\u00f3n del deporte y de h\u00e1bitos de vida y ocio saludables en la provincia. De hecho, la instituci\u00f3n albacetense viene colaborando activamente con este Ducross en cuestiones log\u00edsticas (megafon\u00eda, arcos de salida y meta\u2026).<\/p>\n<p style=\"text-align: justify;\">Adem\u00e1s, Sancha ha subrayado que esta l\u00ednea de colaboraci\u00f3n entre la Diputaci\u00f3n y el Ayuntamiento de Albacete \u201cva a seguir siendo la t\u00f3nica general en los pr\u00f3ximos a\u00f1os\u201d, y ha dejado claro que el objetivo es continuar promoviendo eventos deportivos de calidad \u201cque son buenos para la ciudad y para la provincia\u201d.<\/p>\n<p style=\"text-align: justify;\">Asimismo, ha tenido la oportunidad de felicitar al presidente del Club Triatl\u00f3n Albacete, Jos\u00e9 Fresneda, en nombre del conjunto de deportistas que lo integran, remarcando el trabajo que realizan en \u201csus magn\u00edficas escuelas\u201d y tambi\u00e9n en las competiciones. \u201cSois un referente a nivel regional\u201d, ha destacado poniendo en valor sus \u00faltimos \u00e9xitos, en alusi\u00f3n a la medalla de bronce de Andr\u00e9s Hilario en el Campeonato de Espa\u00f1a de Triatl\u00f3n Sprint o al 9\u00ba puesto del club en su primera participaci\u00f3n en el Campeonato de Europa por Clubes.<\/p>\n<p style=\"text-align: justify;\">En este sentido, el diputado de Deportes les ha reiterado el compromiso de la Diputaci\u00f3n para seguir sumando esfuerzos, \u201capoyando eventos y haciendo crecer al club\u201d, y ha recordado que son \u201csocios aliados\u201d en iniciativas como el I Circuito DuTri, que finaliza el pr\u00f3ximo 8 de octubre con el triatl\u00f3n en Almansa.<\/p>\n<p style=\"text-align: justify;\">En esta prueba deportiva se prev\u00e9 llegar a los 300 inscritos, entre ni\u00f1os y mayores, por lo que el concejal de Deportes ha destacado que \u201cse trata de una prueba de car\u00e1cter popular, organizada por el instituto Municipal de Deportes, con la parcela t\u00e9cnica a cargo del Club Triatl\u00f3n. La cuidadosa y meticulosa organizaci\u00f3n del IMD, que mima hasta el \u00faltimo detalle pensando tanto en los participantes como en el p\u00fablico, hace que esta competici\u00f3n no tenga nada que envidiar, a nivel organizativo, a las grandes pruebas que se realizan en el sureste espa\u00f1ol\u201d.<\/p>\n<p style=\"text-align: justify;\">Francisco Villaescusa ha recordado que esta prueba empez\u00f3 a celebrarse en Albacete hace ocho a\u00f1os, \u201cpor lo que llega a la sexta edici\u00f3n teniendo en cuenta los dos a\u00f1os de par\u00f3n por la pandemia. Hay que destacar la presencia de personal voluntario, de Protecci\u00f3n Civil y de Polic\u00eda Local, para controlar el circuito tanto dentro de La Pulgosa como en carretera\u201d.<\/p>\n<p style=\"text-align: justify;\">Por su parte, el presidente del Club Triatl\u00f3n ha destacado \u201cla colaboraci\u00f3n entre los clubes y las administraciones para que las pruebas tengan la m\u00e1xima seguridad para los participantes, y que los familiares y acompa\u00f1antes se sientan parte activa de la prueba\u201d. Tambi\u00e9n se ha referido al gran n\u00famero de inscritos entre los m\u00e1s peque\u00f1os, \u201clo que garantiza el futuro de estas pruebas y en definitiva el futuro del deporte y del atletismo\u201d.<\/p>\n<p><!--publicidad-voz03--><a href=\"https:\/\/www.facebook.com\/profile.php?id=100063593791305&amp;locale=es_ES\"><img decoding=\"async\" class=\"alignnone size-medium\" src=\"https:\/\/blogger.googleusercontent.com\/img\/b\/R29vZ2xl\/AVvXsEi8_n_ll8UOcGxCqzFvb_9Io4ICczlGC990BPtPj2w9Px-u7B3oqWUW5vtjZUqPNJ-nyjiUIorE0ATsib_l5tV8BVN-UJ03RTnU__IHJF_4DgDBtY4LIqXNG-FomrO-7ywes20CBCRM2Hcm7EJSh3UUw1dO-c_uTflUrtgY1i7uBRezj_DpympmEFkfbQY\/s1600\/logo-principal2.jpg\" width=\"100%\" height=\"100\" \/><\/a><!--bestpublic-voz03--><!--desk-in-out-voz03--><br \/>\n<!--publicidad-voz04--><a href=\"https:\/\/www.facebook.com\/profile.php?id=61557370768692&amp;locale=es_ES\"><img decoding=\"async\" class=\"alignnone size-medium\" src=\"https:\/\/blogger.googleusercontent.com\/img\/b\/R29vZ2xl\/AVvXsEgy5RdcfffrnrItnYTcV9bCJjgJwldsQLWssfVfrLbyfXeBNTFKgBf0rMIvhrUaGUhiXzVr9_eQgCbi-j63ZDpfTvLIty9w7s140y-m1yHe7eKmEK7v2NAHUJDVYGdfeiQFeRCqUjdwWmN1MX_AUxxz4IVdJ4WIM0APxit8bjWkXzrnEFGqBvW_1F13H1g\/s1600\/logo-principal5.jpg\" width=\"100%\" height=\"100\" \/><\/a><!--bestpublic-voz04--><!--desk-in-out-voz04--><br \/>\n<!--publicidad-voz05--><a href=\"https:\/\/www.facebook.com\/asociaciontamborileroshellin?locale=es_ES\"><img decoding=\"async\" class=\"alignnone size-medium\" src=\"https:\/\/blogger.googleusercontent.com\/img\/b\/R29vZ2xl\/AVvXsEhHEEpZsKK1VpwiYMrS7aE2ujtqIDZoLd4B5wtbiseSU9s2HdTdQfhF84So2XwEB1fv0BLw95GADm6hUl1bkKtzh-eIgVigXONuu_5RxeIMPhjk8q6uNX4EaEHbooKkbu7pCADWPpVJjhKIH5NQSJpWqedC-YBez4QAQeJYokkLot9bhrIaUAeztsGis6M\/s1600\/logo-principal3.jpg\" width=\"100%\" height=\"100\" \/><\/a><!--bestpublic-voz05--><!--desk-in-out-voz05--><br \/>\n<!--publicidad-voz06--><!--bestpublic-voz06--><!--desk-in-out-voz06--><br \/>\n<!--publicidad-voz07--><!--bestpublic-voz07--><!--desk-in-out-voz07--><br \/>\n<!--publicidad-voz08--><!--bestpublic-voz08--><!--desk-in-out-voz08--><br \/>\n<!--publicidad-voz09--><!--bestpublic-voz09--><!--desk-in-out-voz09--><br \/>\n<!--publicidad-voz10--><!--bestpublic-voz10--><!--desk-in-out-voz10--><br \/>\n<!--publicidad-voz11--><!--bestpublic-voz11--><!--desk-in-out-voz11--><br \/>\n<!--publicidad-voz12--><!--bestpublic-voz12--><!--desk-in-out-voz12--><br \/>\n<!--publicidad-voz13--><!--bestpublic-voz13--><!--desk-in-out-voz13--><br \/>\n<!--publicidad-voz14--><!--bestpublic-voz14--><!--desk-in-out-voz14--><br \/>\n<!--publicidad-voz15--><!--bestpublic-voz15--><!--desk-in-out-voz15--><br \/>\n<!--publicidad-voz16--><!--bestpublic-voz16--><!--desk-in-out-voz16--><\/p>\n","protected":false},"excerpt":{"rendered":"<p>El diputado provincial de Deportes, Dani Sancha; el concejal del \u00e1rea en el Ayuntamiento de Albacete, Francisco Villaescusa, y el presidente del Club Triatl\u00f3n Albacete, Jos\u00e9 Fresneda, junto a representantes&#8230;<\/p>\n","protected":false},"author":2,"featured_media":148687,"comment_status":"closed","ping_status":"closed","sticky":false,"template":"","format":"standard","meta":{"footnotes":""},"categories":[753,718,715,716,717],"tags":[],"class_list":["post-148686","post","type-post","status-publish","format-standard","has-post-thumbnail","hentry","category-blog-lv034","category-blogger","category-la-voz-de-hellin","category-la-voz-de-hellin-la-voz-de-hellin","category-noticias"],"_links":{"self":[{"href":"https:\/\/lavozdehellin.com\/noticias\/wp-json\/wp\/v2\/posts\/148686","targetHints":{"allow":["GET"]}}],"collection":[{"href":"https:\/\/lavozdehellin.com\/noticias\/wp-json\/wp\/v2\/posts"}],"about":[{"href":"https:\/\/lavozdehellin.com\/noticias\/wp-json\/wp\/v2\/types\/post"}],"author":[{"embeddable":true,"href":"https:\/\/lavozdehellin.com\/noticias\/wp-json\/wp\/v2\/users\/2"}],"replies":[{"embeddable":true,"href":"https:\/\/lavozdehellin.com\/noticias\/wp-json\/wp\/v2\/comments?post=148686"}],"version-history":[{"count":0,"href":"https:\/\/lavozdehellin.com\/noticias\/wp-json\/wp\/v2\/posts\/148686\/revisions"}],"wp:featuredmedia":[{"embeddable":true,"href":"https:\/\/lavozdehellin.com\/noticias\/wp-json\/wp\/v2\/media\/148687"}],"wp:attachment":[{"href":"https:\/\/lavozdehellin.com\/noticias\/wp-json\/wp\/v2\/media?parent=148686"}],"wp:term":[{"taxonomy":"category","embeddable":true,"href":"https:\/\/lavozdehellin.com\/noticias\/wp-json\/wp\/v2\/categories?post=148686"},{"taxonomy":"post_tag","embeddable":true,"href":"https:\/\/lavozdehellin.com\/noticias\/wp-json\/wp\/v2\/tags?post=148686"}],"curies":[{"name":"wp","href":"https:\/\/api.w.org\/{rel}","templated":true}]}}