{"id":148689,"date":"2023-09-27T12:21:44","date_gmt":"2023-09-27T11:21:44","guid":{"rendered":"https:\/\/lavozdehellin.com\/noticias\/?p=148689"},"modified":"2024-02-26T19:36:19","modified_gmt":"2024-02-26T18:36:19","slug":"v08-292-juanra-amores-y-juani-garcia-vitoria-materializan-la-renuncia-a-sus-cargos-en-la-diputacion-de-albacete","status":"publish","type":"post","link":"https:\/\/lavozdehellin.com\/noticias\/v08-292-juanra-amores-y-juani-garcia-vitoria-materializan-la-renuncia-a-sus-cargos-en-la-diputacion-de-albacete\/","title":{"rendered":"LVH NOTICIAS | JUANRA AMORES Y JUANI GARC\u00cdA VITORIA MATERIALIZAN LA RENUNCIA A SUS CARGOS EN LA DIPUTACI\u00d3N DE ALBACETE"},"content":{"rendered":"<p style=\"text-align: justify;\">La Diputaci\u00f3n de Albacete ha celebrado este mi\u00e9rcoles sesi\u00f3n plenaria extraordinaria para tomar conocimiento de la renuncia al cargo, como diputado y diputada provinciales, de Juan Ram\u00f3n Amores Garc\u00eda y Juani Garc\u00eda Vitoria: ambos, integrantes hasta el d\u00eda de hoy del Grupo Socialista Provincial al frente del gobierno de la instituci\u00f3n, como coordinador del \u00c1rea Social y Cultural y como diputada de Servicios Sociales, respectivamente.<\/p>\n<p><!--more--><br \/>\n<!--publicidad-voz01--><a href=\"https:\/\/www.facebook.com\/SoloRadioHellin\/?locale=es_ES\"><img decoding=\"async\" class=\"alignnone size-medium\" src=\"https:\/\/blogger.googleusercontent.com\/img\/b\/R29vZ2xl\/AVvXsEiNncirNnyGedv00mhjZjh5Wl4_YPdJGanoAl8tL8zH-HwqE8uHqjEfSt340RHdx-9tuCSIkZ8rFamZiGyYlgDGxCsmXjCH_1xk5eYM3ntFZRvJP_jndOKR7w1UAo9Tu0vrZyOLfqRpHIxYI5SymJJ-pfGCQw6QVpggBH-UgfjiFQ2JOxqxG0Jx94kW83c\/s1600\/logo-principal.jpg\" width=\"100%\" height=\"100\" \/><\/a><!--bestpublic-voz01--><!--desk-in-out-voz01--><br \/>\n<!--publicidad-voz02--><a href=\"https:\/\/www.hellincf.com\/\"><img decoding=\"async\" class=\"alignnone size-medium\" src=\"https:\/\/blogger.googleusercontent.com\/img\/b\/R29vZ2xl\/AVvXsEhuZ4-XfBVj3UtdP8-RZugy3WVrg-Zv28c53m4oV47qYCxL1rX_dqWX_YddsGSnpH5SRDqZ7bZeKPIfDVCDncpjVlhy3aQs2vojcJBn7Gdv9hC2_Nzct_pRFrnFE1a7KTCdY1bT_kAgnY3-iadRZrGeJf1fR2P5fu11bokx0pWjaypoy-ctwCjklldpEbA\/s1600\/logo-principal7.jpg\" width=\"100%\" height=\"100\" \/><\/a><!--bestpublic-voz02--><!--desk-in-out-voz02--><\/p>\n<p style=\"text-align: justify;\">Juan Ram\u00f3n Amores era elegido senador por designaci\u00f3n auton\u00f3mica por el Pleno de las Cortes de Castilla-La Mancha el pasado 31 de agosto. Debido a la imposibilidad de compaginar esa condici\u00f3n con las tareas que le exige el cargo de diputado provincial, ha presentado su renuncia a dicho cargo conforme lo previsto en el art\u00edculo 208 de la Ley Org\u00e1nica de R\u00e9gimen Electoral General.<\/p>\n<p style=\"text-align: justify;\">Por su parte, el Consejo de Gobierno de Castilla-La Mancha designaba a Juani Garc\u00eda Victoria como delegada provincial en Albacete de la Consejer\u00eda de Sanidad. Al igual que Amores, debido a la imposibilidad de compaginar esa condici\u00f3n con las funciones en el gobierno de la Diputaci\u00f3n, ha renunciado a esta responsabilidad conforme establecido la citada normativa.<\/p>\n<p style=\"text-align: justify;\">Caba\u00f1ero: \u201cPierdo a dos compa\u00f1eros y a dos amigos, pero creo sinceramente que esta provincia y que la ciudadan\u00eda de esta provincia, ganan\u201d<\/p>\n<p style=\"text-align: justify;\">\u201cPierdo a dos compa\u00f1eros y, sobre todo, a dos amigos en el d\u00eda a d\u00eda; pero creo sinceramente que esta provincia gana y que los ciudadanos de esta provincia ganan, por vuestro marcado car\u00e1cter social y por vuestro marcado car\u00e1cter humanista porque, lo que hab\u00e9is hecho all\u00ed donde hab\u00e9is estado, es intentar hacer m\u00e1s f\u00e1cil la vida de la gente (especialmente, de aquellos que m\u00e1s necesitan de lo p\u00fablico); y eso a uno la da la tranquilidad de que donde vais a ir, lo vais a poder seguir haciendo, con las mismas buenas formas que lo hab\u00e9is hecho en esta casa\u201d, ha se\u00f1alado Caba\u00f1ero que, practicando esa \u201cpol\u00edtica afectiva\u201d que tan pocas veces se suele llevar a gala, se ha permitido la \u201clicencia\u201d de acabar dici\u00e9ndoles a ambos que les quiere, que les desea lo mejor y que se les va a echar mucho de menos.<\/p>\n<p style=\"text-align: justify;\">Juani Garc\u00eda: \u201cHa sido un honor trabajar en los Servicios Sociales de esta provincia\u201d<\/p>\n<p style=\"text-align: justify;\">Emocionada, Juani Garc\u00eda ha manifestado su \u201csensaci\u00f3n agridulce\u201d, relatando en su \u00faltima intervenci\u00f3n como diputada que el paso por la Diputaci\u00f3n la ha llenado de muchas vivencias que, especialmente a ra\u00edz de la pandemia, la han ayudado a darle mucho m\u00e1s sentido a la instituci\u00f3n y a la fuerza y la importancia del municipalismo y de esa pol\u00edtica que mejora de verdad la vida en los pueblos.<\/p>\n<p style=\"text-align: justify;\">\u201cHa sido un honor trabajar en los Servicios Sociales de esta provincia, tener tanto contacto con tantas asociaciones y tantas personas tan especiales\u2026\u201d, ha subrayado, dando las gracias a los miembros de ambas Corporaciones de las que ha formado parte, por \u201cel trabajo con cordialidad\u201d que siempre han mantenido compartiendo el \u201cbien com\u00fan\u201d como fin \u00faltimo; tambi\u00e9n a sus compa\u00f1eros y compa\u00f1eras del Grupo Socialista, con Caba\u00f1ero al frente; al personal de la Diputaci\u00f3n, \u201cque ayuda y apoya haciendo posible una labor vital\u201d; y, muy especialmente, al del \u00e1rea de los Servicios Sociales, \u201ccon quienes ha sido muy f\u00e1cil la tarea\u201d.<\/p>\n<p style=\"text-align: justify;\">Ha terminado deseando \u201csuerte y muchos logros\u201d y dando un consejo: \u201cQue esta Corporaci\u00f3n siga el camino de los acuerdos y de la cordialidad, porque hemos visto que es posible y porque la ciudadan\u00eda siempre lo agradece\u201d.<\/p>\n<p style=\"text-align: justify;\">Amores: \u201cMe he sentido capaz de dar lo mejor de m\u00ed para sumar en el equipo\u201d<\/p>\n<p style=\"text-align: justify;\">Juanra Amores tambi\u00e9n ha tomado la palabra en el que ha calificado como \u201cun d\u00eda complicado\u201d. Recordando los \u201cmomentos dif\u00edciles\u201d que, sobre todo, se vivieron en la pandemia, ha confesado seruna de las personas que dudaba del papel de las diputaciones en cada provincia: \u201cEra esc\u00e9ptico, y la mejor manera de darme cuenta de su utilidad, ha sido haber participado m\u00e1s de cuatro a\u00f1os en esta casa, viendo la importancia de la labor que aqu\u00ed se hace\u201d, ha se\u00f1alado.<\/p>\n<p style=\"text-align: justify;\">Amores ha relatado que aqu\u00ed ha conocido a \u201cgrandes personas, luchadores incansables, gente que se ha volcado a diario dando lo m\u00e1s valioso, su tiempo, por la ciudadan\u00eda de esta provincia\u201d. Agradeciendo que se le haya dado la mano para ense\u00f1arle lo que en la Diputaci\u00f3n se hace,se ha sumado a las palabras de cari\u00f1o hacia el personal de la instituci\u00f3n en cada uno de sus servicios, con una menci\u00f3n especial a los bedeles que, cada d\u00eda, estaban atentos para abrirle la puerta y ayudarle a subir.<\/p>\n<p style=\"text-align: justify;\">\u201cAqu\u00ed no me he sentido como una persona con discapacidad, sino como uno m\u00e1s; me he sentido capaz de dar lo mejor de m\u00ed para sumar en el equipo. Le deseo la mejor de las suertes a toda la Corporaci\u00f3n. Amo a mi pueblo, a mi provincia, a mi regi\u00f3n y a mi pa\u00eds; cont\u00e1is con un aliado m\u00e1s para trabajar junto a esta casa. Gracias, para siempre\u201d, ha culminado.<\/p>\n<p style=\"text-align: justify;\">Los mejores deseos les han llegado a ambos tambi\u00e9n por parte de los Grupos de la Corporaci\u00f3n, con los del PSOE (Fran Valera) y PP (Antonio Serrano) tomando la palabra para hac\u00e9rselos llegar junto al agradecimiento por la labor de estos a\u00f1os.<\/p>\n<p style=\"text-align: justify;\">Remitidas sendas renuncias a la Junta Electoral, tal y como ha explicado el secretario al inicio de la sesi\u00f3n plenaria, desde la Diputaci\u00f3n de Albacete se solicitar\u00e1n las credenciales de: Jos\u00e9 Gonz\u00e1lez Mart\u00ednez (concejal en Albacete)como sustituto de Juani Garc\u00eda; y de Jos\u00e9 Antonio Calvo Requena (concejal en Munera) para suplir la vacante de Amores, habiendo renunciando a ella, ante la Secretar\u00eda de la Diputaci\u00f3n, la siguiente en la lista para esa zona judicial: M\u00aa Victoria Leal Utiel.<\/p>\n<p><!--publicidad-voz03--><a href=\"https:\/\/www.facebook.com\/profile.php?id=100063593791305&amp;locale=es_ES\"><img decoding=\"async\" class=\"alignnone size-medium\" src=\"https:\/\/blogger.googleusercontent.com\/img\/b\/R29vZ2xl\/AVvXsEi8_n_ll8UOcGxCqzFvb_9Io4ICczlGC990BPtPj2w9Px-u7B3oqWUW5vtjZUqPNJ-nyjiUIorE0ATsib_l5tV8BVN-UJ03RTnU__IHJF_4DgDBtY4LIqXNG-FomrO-7ywes20CBCRM2Hcm7EJSh3UUw1dO-c_uTflUrtgY1i7uBRezj_DpympmEFkfbQY\/s1600\/logo-principal2.jpg\" width=\"100%\" height=\"100\" \/><\/a><!--bestpublic-voz03--><!--desk-in-out-voz03--><br \/>\n<!--publicidad-voz04--><a href=\"https:\/\/www.facebook.com\/profile.php?id=61557370768692&amp;locale=es_ES\"><img decoding=\"async\" class=\"alignnone size-medium\" src=\"https:\/\/blogger.googleusercontent.com\/img\/b\/R29vZ2xl\/AVvXsEgy5RdcfffrnrItnYTcV9bCJjgJwldsQLWssfVfrLbyfXeBNTFKgBf0rMIvhrUaGUhiXzVr9_eQgCbi-j63ZDpfTvLIty9w7s140y-m1yHe7eKmEK7v2NAHUJDVYGdfeiQFeRCqUjdwWmN1MX_AUxxz4IVdJ4WIM0APxit8bjWkXzrnEFGqBvW_1F13H1g\/s1600\/logo-principal5.jpg\" width=\"100%\" height=\"100\" \/><\/a><!--bestpublic-voz04--><!--desk-in-out-voz04--><br \/>\n<!--publicidad-voz05--><a href=\"https:\/\/www.facebook.com\/asociaciontamborileroshellin?locale=es_ES\"><img decoding=\"async\" class=\"alignnone size-medium\" src=\"https:\/\/blogger.googleusercontent.com\/img\/b\/R29vZ2xl\/AVvXsEhHEEpZsKK1VpwiYMrS7aE2ujtqIDZoLd4B5wtbiseSU9s2HdTdQfhF84So2XwEB1fv0BLw95GADm6hUl1bkKtzh-eIgVigXONuu_5RxeIMPhjk8q6uNX4EaEHbooKkbu7pCADWPpVJjhKIH5NQSJpWqedC-YBez4QAQeJYokkLot9bhrIaUAeztsGis6M\/s1600\/logo-principal3.jpg\" width=\"100%\" height=\"100\" \/><\/a><!--bestpublic-voz05--><!--desk-in-out-voz05--><br \/>\n<!--publicidad-voz06--><!--bestpublic-voz06--><!--desk-in-out-voz06--><br \/>\n<!--publicidad-voz07--><!--bestpublic-voz07--><!--desk-in-out-voz07--><br \/>\n<!--publicidad-voz08--><!--bestpublic-voz08--><!--desk-in-out-voz08--><br \/>\n<!--publicidad-voz09--><!--bestpublic-voz09--><!--desk-in-out-voz09--><br \/>\n<!--publicidad-voz10--><!--bestpublic-voz10--><!--desk-in-out-voz10--><br \/>\n<!--publicidad-voz11--><!--bestpublic-voz11--><!--desk-in-out-voz11--><br \/>\n<!--publicidad-voz12--><!--bestpublic-voz12--><!--desk-in-out-voz12--><br \/>\n<!--publicidad-voz13--><!--bestpublic-voz13--><!--desk-in-out-voz13--><br \/>\n<!--publicidad-voz14--><!--bestpublic-voz14--><!--desk-in-out-voz14--><br \/>\n<!--publicidad-voz15--><!--bestpublic-voz15--><!--desk-in-out-voz15--><br \/>\n<!--publicidad-voz16--><!--bestpublic-voz16--><!--desk-in-out-voz16--><\/p>\n","protected":false},"excerpt":{"rendered":"<p>La Diputaci\u00f3n de Albacete ha celebrado este mi\u00e9rcoles sesi\u00f3n plenaria extraordinaria para tomar conocimiento de la renuncia al cargo, como diputado y diputada provinciales, de Juan Ram\u00f3n Amores Garc\u00eda y&#8230;<\/p>\n","protected":false},"author":2,"featured_media":148690,"comment_status":"closed","ping_status":"closed","sticky":false,"template":"","format":"standard","meta":{"footnotes":""},"categories":[753,718,715,716,717],"tags":[],"class_list":["post-148689","post","type-post","status-publish","format-standard","has-post-thumbnail","hentry","category-blog-lv034","category-blogger","category-la-voz-de-hellin","category-la-voz-de-hellin-la-voz-de-hellin","category-noticias"],"_links":{"self":[{"href":"https:\/\/lavozdehellin.com\/noticias\/wp-json\/wp\/v2\/posts\/148689","targetHints":{"allow":["GET"]}}],"collection":[{"href":"https:\/\/lavozdehellin.com\/noticias\/wp-json\/wp\/v2\/posts"}],"about":[{"href":"https:\/\/lavozdehellin.com\/noticias\/wp-json\/wp\/v2\/types\/post"}],"author":[{"embeddable":true,"href":"https:\/\/lavozdehellin.com\/noticias\/wp-json\/wp\/v2\/users\/2"}],"replies":[{"embeddable":true,"href":"https:\/\/lavozdehellin.com\/noticias\/wp-json\/wp\/v2\/comments?post=148689"}],"version-history":[{"count":0,"href":"https:\/\/lavozdehellin.com\/noticias\/wp-json\/wp\/v2\/posts\/148689\/revisions"}],"wp:featuredmedia":[{"embeddable":true,"href":"https:\/\/lavozdehellin.com\/noticias\/wp-json\/wp\/v2\/media\/148690"}],"wp:attachment":[{"href":"https:\/\/lavozdehellin.com\/noticias\/wp-json\/wp\/v2\/media?parent=148689"}],"wp:term":[{"taxonomy":"category","embeddable":true,"href":"https:\/\/lavozdehellin.com\/noticias\/wp-json\/wp\/v2\/categories?post=148689"},{"taxonomy":"post_tag","embeddable":true,"href":"https:\/\/lavozdehellin.com\/noticias\/wp-json\/wp\/v2\/tags?post=148689"}],"curies":[{"name":"wp","href":"https:\/\/api.w.org\/{rel}","templated":true}]}}