{"id":148692,"date":"2023-09-27T12:20:29","date_gmt":"2023-09-27T11:20:29","guid":{"rendered":"https:\/\/lavozdehellin.com\/noticias\/?p=148692"},"modified":"2024-02-26T19:36:19","modified_gmt":"2024-02-26T18:36:19","slug":"v08-291-la-diputacion-provincial-la-jccm-y-el-ayuntamiento-de-albacete-reconocen-el-open-nacional-de-futbol-7-de-fecam-como-un-ejemplo-nacional-del-deporte-inclusivo","status":"publish","type":"post","link":"https:\/\/lavozdehellin.com\/noticias\/v08-291-la-diputacion-provincial-la-jccm-y-el-ayuntamiento-de-albacete-reconocen-el-open-nacional-de-futbol-7-de-fecam-como-un-ejemplo-nacional-del-deporte-inclusivo\/","title":{"rendered":"LVH NOTICIAS | LA DIPUTACI\u00d3N PROVINCIAL, LA JCCM Y EL AYUNTAMIENTO DE ALBACETE RECONOCEN EL OPEN NACIONAL DE FUTBOL 7 DE FECAM COMO \u201cUN EJEMPLO NACIONAL DEL DEPORTE INCLUSIVO\u201d"},"content":{"rendered":"<p style=\"text-align: justify;\">La Diputaci\u00f3n provincial, el Gobierno regional, el Ayuntamiento de Albacete y la Federaci\u00f3n de Deportes para Personas con Discapacidad Intelectual de la Comunidad Aut\u00f3noma (FECAM), han presentado hoy, en Casa Perona, el Open Nacional de F\u00fatbol 7 Inclusivo, que se disputar\u00e1 en el Complejo Deportivo \u2018Alba Redondo\u2019 de la ciudad de Albacete, del 28 al 30 de septiembre, con un total de 400 deportistas, repartidos en 19 clubes de toda Espa\u00f1a, de los que 12 pertenecen a Castilla-La Mancha, y 4 son de Albacete (CD Almasport, CD Amiab, CD Asproroda y CD San Gin\u00e9s).<\/p>\n<p><!--more--><br \/>\n<!--publicidad-voz01--><a href=\"https:\/\/www.facebook.com\/SoloRadioHellin\/?locale=es_ES\"><img decoding=\"async\" class=\"alignnone size-medium\" src=\"https:\/\/blogger.googleusercontent.com\/img\/b\/R29vZ2xl\/AVvXsEiNncirNnyGedv00mhjZjh5Wl4_YPdJGanoAl8tL8zH-HwqE8uHqjEfSt340RHdx-9tuCSIkZ8rFamZiGyYlgDGxCsmXjCH_1xk5eYM3ntFZRvJP_jndOKR7w1UAo9Tu0vrZyOLfqRpHIxYI5SymJJ-pfGCQw6QVpggBH-UgfjiFQ2JOxqxG0Jx94kW83c\/s1600\/logo-principal.jpg\" width=\"100%\" height=\"100\" \/><\/a><!--bestpublic-voz01--><!--desk-in-out-voz01--><br \/>\n<!--publicidad-voz02--><a href=\"https:\/\/www.hellincf.com\/\"><img decoding=\"async\" class=\"alignnone size-medium\" src=\"https:\/\/blogger.googleusercontent.com\/img\/b\/R29vZ2xl\/AVvXsEhuZ4-XfBVj3UtdP8-RZugy3WVrg-Zv28c53m4oV47qYCxL1rX_dqWX_YddsGSnpH5SRDqZ7bZeKPIfDVCDncpjVlhy3aQs2vojcJBn7Gdv9hC2_Nzct_pRFrnFE1a7KTCdY1bT_kAgnY3-iadRZrGeJf1fR2P5fu11bokx0pWjaypoy-ctwCjklldpEbA\/s1600\/logo-principal7.jpg\" width=\"100%\" height=\"100\" \/><\/a><!--bestpublic-voz02--><!--desk-in-out-voz02--><\/p>\n<p style=\"text-align: justify;\">El diputado provincial de Deportes, Dani Sancha; el delegado de la Junta, Pedro Antonio Ruiz Santos; el concejal de Deportes del Ayuntamiento de Albacete, Francisco Villaescusa, y el presidente de FECAM, Jes\u00fas Ruiz, han valorado la importancia de este torneo nacional, al ser un ejemplo de deporte inclusivo en toda Espa\u00f1a, que cuenta con el apoyo de las diferentes Administraciones P\u00fablicas.<\/p>\n<p style=\"text-align: justify;\">El diputado provincial de Deportes, que ha subrayado la unidad de acci\u00f3n y la coordinaci\u00f3n que existe entre las administraciones p\u00fablicas en torno a la colaboraci\u00f3n con FECAM para impulsar y visibilizar no s\u00f3lo el deporte inclusivo sino la inclusi\u00f3n social y laboral, ha remarcado el compromiso de la Diputaci\u00f3n de Albacete con esta gran \u2018familia\u2019 y con esta cita deportiva.<\/p>\n<p style=\"text-align: justify;\">La Diputaci\u00f3n de Albacete felicita a FECAM por su 30 aniversario y reitera su apoyo a la labor que realiza esta Federaci\u00f3n<\/p>\n<p style=\"text-align: justify;\">Dani Sancha ha explicado que para el Gobierno que preside Santi Caba\u00f1ero la promoci\u00f3n del deporte y, a\u00fan m\u00e1s, del deporte inclusivo es una prioridad, al tiempo que ha dejado claro que esta provincia \u201ces un perfecto ejemplo de territorio donde el deporte inclusivo viene creciendo en los \u00faltimos tiempos\u201d. De hecho, la instituci\u00f3n mantiene un convenio con FECAM para colaborar econ\u00f3micamente con las actividades que la Federaci\u00f3n lleva a cabo, como es el caso de este Open Nacional de F\u00fatbol 7 Inclusivo o el Campeonato Regional de Atletismo.<\/p>\n<p style=\"text-align: justify;\">Adem\u00e1s, el responsable provincial ha puesto en valor el trabajo que realiza esta Federaci\u00f3n, \u201cque ha conseguido que todas las personas con discapacidad que lo deseen puedan practicar el deporte que les gusta, estar federadas y competir en citas como \u00e9sta\u201d, y ha aprovechando la ocasi\u00f3n para, en nombre del presidente de la Diputaci\u00f3n, felicitar a esta entidad por su 30 aniversario. Una felicitaci\u00f3n que ha personalizado en sus diferentes presidentes a lo largo de estas tres d\u00e9cadas, en sus trabajadores y trabajadores y en sus deportistas.<\/p>\n<p style=\"text-align: justify;\">Asimismo, Dani Sancha ha querido ensalzar y reconocer la ilusi\u00f3n, el esfuerzo y el trabajo de los jugadores y jugadoras que dan vida a este campeonato, a\u00f1adiendo la implicaci\u00f3n del personal t\u00e9cnico, delegados\u2026, as\u00ed como el compromiso del voluntariado, y finalmente, ha animado a la ciudadan\u00eda a disfrutar de esta cita \u201cen los campos recientemente renombrados con el nombre de una campeona del mundo como lo es Alba Redondo\u201d.<\/p>\n<p style=\"text-align: justify;\">Desde la JCCM subrayan que es un evento deportivo \u201cdel que sentirnos orgullosos\u201d<\/p>\n<p style=\"text-align: justify;\">Por su parte, el delegado de la JCCM ha se\u00f1alado que \u201ces un evento deportivo del que nos sentimos orgullosos en Castilla-La Mancha, singular y muy reconocido y reconocible en toda Espa\u00f1a, por la particularidad de estar organizado por FECAM, para abrir esta competici\u00f3n a personas con y sin discapacidad\u201d.<\/p>\n<p style=\"text-align: justify;\">Durante su intervenci\u00f3n, Pedro Antonio Ruiz Santos ha subrayado que este OPEN Nacional de Futbol 7 es un \u201creferente en igualdad y de fair play\u201d y ha apuntado que adem\u00e1s del torneo, FECAM ha organizado el 30 de septiembre, en el Palacio de Congresos de Albacete, una nueva Gala de los Premios del Deporte Inclusivo, con los que se pretende reconocer a aquellas personas o instituciones que apoyan el deporte para personas con discapacidad intelectual, y que en esta edici\u00f3n se premiar\u00e1 a Rosa L\u00f3pez y Globalcaja.<\/p>\n<p style=\"text-align: justify;\">El Ayuntamiento de Albacete, comprometido con el deporte inclusivo<\/p>\n<p style=\"text-align: justify;\">En esta l\u00ednea, el concejal de Deportes ha reiterado el compromiso que el Ayuntamiento de Albacete mantiene desde siempre con el deporte y, de manera especial, con el deporte inclusivo, al considerar que es una herramienta fundamental para seguir avanzando hacia la plena inclusi\u00f3n y normalizaci\u00f3n de las personas con discapacidad intelectual.<\/p>\n<p style=\"text-align: justify;\">Francisco Villaescusa ha agradecido a FECAM el gran trabajo que un a\u00f1o m\u00e1s ha llevado a cabo para que el Open Nacional de F\u00fatbol 7 Inclusivo sea nuevamente una realidad en Albacete del 28 al 30 de este mes, as\u00ed como al resto de administraciones y entidades colaboradoras, destacando la importancia que tiene para nuestra ciudad acoger un evento deportivo de estas caracter\u00edsticas en el que participan 400 jugadores que, junto al equipo t\u00e9cnico, voluntarios y familiares, suman m\u00e1s de 600 personas pernoctando durante tres d\u00edas en Albacete.<\/p>\n<p style=\"text-align: justify;\">El concejal de Deportes ha deseado toda la suerte del mundo a los participantes y ha puesto las instalaciones deportivas de la ciudad a disposici\u00f3n de este tipo de eventos y de otros similares, recordando que uno de los par\u00e1metros mejor valorados durante el pasado a\u00f1o con motivo de este campeonato fue el de instalaciones deportivas, con una nota de 9 sobre 10, asegurando que \u201clucharemos para que este a\u00f1o la nota sea de 10 sobre 10\u201d.<\/p>\n<p><!--publicidad-voz03--><a href=\"https:\/\/www.facebook.com\/profile.php?id=100063593791305&amp;locale=es_ES\"><img decoding=\"async\" class=\"alignnone size-medium\" src=\"https:\/\/blogger.googleusercontent.com\/img\/b\/R29vZ2xl\/AVvXsEi8_n_ll8UOcGxCqzFvb_9Io4ICczlGC990BPtPj2w9Px-u7B3oqWUW5vtjZUqPNJ-nyjiUIorE0ATsib_l5tV8BVN-UJ03RTnU__IHJF_4DgDBtY4LIqXNG-FomrO-7ywes20CBCRM2Hcm7EJSh3UUw1dO-c_uTflUrtgY1i7uBRezj_DpympmEFkfbQY\/s1600\/logo-principal2.jpg\" width=\"100%\" height=\"100\" \/><\/a><!--bestpublic-voz03--><!--desk-in-out-voz03--><br \/>\n<!--publicidad-voz04--><a href=\"https:\/\/www.facebook.com\/profile.php?id=61557370768692&amp;locale=es_ES\"><img decoding=\"async\" class=\"alignnone size-medium\" src=\"https:\/\/blogger.googleusercontent.com\/img\/b\/R29vZ2xl\/AVvXsEgy5RdcfffrnrItnYTcV9bCJjgJwldsQLWssfVfrLbyfXeBNTFKgBf0rMIvhrUaGUhiXzVr9_eQgCbi-j63ZDpfTvLIty9w7s140y-m1yHe7eKmEK7v2NAHUJDVYGdfeiQFeRCqUjdwWmN1MX_AUxxz4IVdJ4WIM0APxit8bjWkXzrnEFGqBvW_1F13H1g\/s1600\/logo-principal5.jpg\" width=\"100%\" height=\"100\" \/><\/a><!--bestpublic-voz04--><!--desk-in-out-voz04--><br \/>\n<!--publicidad-voz05--><a href=\"https:\/\/www.facebook.com\/asociaciontamborileroshellin?locale=es_ES\"><img decoding=\"async\" class=\"alignnone size-medium\" src=\"https:\/\/blogger.googleusercontent.com\/img\/b\/R29vZ2xl\/AVvXsEhHEEpZsKK1VpwiYMrS7aE2ujtqIDZoLd4B5wtbiseSU9s2HdTdQfhF84So2XwEB1fv0BLw95GADm6hUl1bkKtzh-eIgVigXONuu_5RxeIMPhjk8q6uNX4EaEHbooKkbu7pCADWPpVJjhKIH5NQSJpWqedC-YBez4QAQeJYokkLot9bhrIaUAeztsGis6M\/s1600\/logo-principal3.jpg\" width=\"100%\" height=\"100\" \/><\/a><!--bestpublic-voz05--><!--desk-in-out-voz05--><br \/>\n<!--publicidad-voz06--><!--bestpublic-voz06--><!--desk-in-out-voz06--><br \/>\n<!--publicidad-voz07--><!--bestpublic-voz07--><!--desk-in-out-voz07--><br \/>\n<!--publicidad-voz08--><!--bestpublic-voz08--><!--desk-in-out-voz08--><br \/>\n<!--publicidad-voz09--><!--bestpublic-voz09--><!--desk-in-out-voz09--><br \/>\n<!--publicidad-voz10--><!--bestpublic-voz10--><!--desk-in-out-voz10--><br \/>\n<!--publicidad-voz11--><!--bestpublic-voz11--><!--desk-in-out-voz11--><br \/>\n<!--publicidad-voz12--><!--bestpublic-voz12--><!--desk-in-out-voz12--><br \/>\n<!--publicidad-voz13--><!--bestpublic-voz13--><!--desk-in-out-voz13--><br \/>\n<!--publicidad-voz14--><!--bestpublic-voz14--><!--desk-in-out-voz14--><br \/>\n<!--publicidad-voz15--><!--bestpublic-voz15--><!--desk-in-out-voz15--><br \/>\n<!--publicidad-voz16--><!--bestpublic-voz16--><!--desk-in-out-voz16--><\/p>\n","protected":false},"excerpt":{"rendered":"<p>La Diputaci\u00f3n provincial, el Gobierno regional, el Ayuntamiento de Albacete y la Federaci\u00f3n de Deportes para Personas con Discapacidad Intelectual de la Comunidad Aut\u00f3noma (FECAM), han presentado hoy, en Casa&#8230;<\/p>\n","protected":false},"author":2,"featured_media":148693,"comment_status":"closed","ping_status":"closed","sticky":false,"template":"","format":"standard","meta":{"footnotes":""},"categories":[753,718,715,716,717],"tags":[],"class_list":["post-148692","post","type-post","status-publish","format-standard","has-post-thumbnail","hentry","category-blog-lv034","category-blogger","category-la-voz-de-hellin","category-la-voz-de-hellin-la-voz-de-hellin","category-noticias"],"_links":{"self":[{"href":"https:\/\/lavozdehellin.com\/noticias\/wp-json\/wp\/v2\/posts\/148692","targetHints":{"allow":["GET"]}}],"collection":[{"href":"https:\/\/lavozdehellin.com\/noticias\/wp-json\/wp\/v2\/posts"}],"about":[{"href":"https:\/\/lavozdehellin.com\/noticias\/wp-json\/wp\/v2\/types\/post"}],"author":[{"embeddable":true,"href":"https:\/\/lavozdehellin.com\/noticias\/wp-json\/wp\/v2\/users\/2"}],"replies":[{"embeddable":true,"href":"https:\/\/lavozdehellin.com\/noticias\/wp-json\/wp\/v2\/comments?post=148692"}],"version-history":[{"count":0,"href":"https:\/\/lavozdehellin.com\/noticias\/wp-json\/wp\/v2\/posts\/148692\/revisions"}],"wp:featuredmedia":[{"embeddable":true,"href":"https:\/\/lavozdehellin.com\/noticias\/wp-json\/wp\/v2\/media\/148693"}],"wp:attachment":[{"href":"https:\/\/lavozdehellin.com\/noticias\/wp-json\/wp\/v2\/media?parent=148692"}],"wp:term":[{"taxonomy":"category","embeddable":true,"href":"https:\/\/lavozdehellin.com\/noticias\/wp-json\/wp\/v2\/categories?post=148692"},{"taxonomy":"post_tag","embeddable":true,"href":"https:\/\/lavozdehellin.com\/noticias\/wp-json\/wp\/v2\/tags?post=148692"}],"curies":[{"name":"wp","href":"https:\/\/api.w.org\/{rel}","templated":true}]}}