{"id":148695,"date":"2023-09-26T12:20:18","date_gmt":"2023-09-26T11:20:18","guid":{"rendered":"https:\/\/lavozdehellin.com\/noticias\/?p=148695"},"modified":"2024-02-26T19:36:19","modified_gmt":"2024-02-26T18:36:19","slug":"v08-290-el-gobierno-de-cabanero-invierte-cerca-de-2-millones-de-euros-en-cinco-nuevos-camiones-que-apuntalan-la-renovacion-de-la-flota-del-servicio-provincial-de-bomberos","status":"publish","type":"post","link":"https:\/\/lavozdehellin.com\/noticias\/v08-290-el-gobierno-de-cabanero-invierte-cerca-de-2-millones-de-euros-en-cinco-nuevos-camiones-que-apuntalan-la-renovacion-de-la-flota-del-servicio-provincial-de-bomberos\/","title":{"rendered":"LVH NOTICIAS | EL GOBIERNO DE CABA\u00d1ERO INVIERTE CERCA DE 2 MILLONES DE EUROS EN CINCO NUEVOS CAMIONES QUE APUNTALAN LA RENOVACI\u00d3N DE LA FLOTA DEL SERVICIO PROVINCIAL DE BOMBEROS"},"content":{"rendered":"<p style=\"text-align: justify;\">Cumpliendo con el compromiso adquirido por su presidente, Santi Caba\u00f1ero, la Diputaci\u00f3n de Albacete avanza en la modernizaci\u00f3n, renovaci\u00f3n y actualizaci\u00f3n de los recursos a disposici\u00f3n del Servicio Especial de Prevenci\u00f3n y Extinci\u00f3n de Incendios (SEPEI) de la provincia.<\/p>\n<p><!--more--><br \/>\n<!--publicidad-voz01--><a href=\"https:\/\/www.facebook.com\/SoloRadioHellin\/?locale=es_ES\"><img decoding=\"async\" class=\"alignnone size-medium\" src=\"https:\/\/blogger.googleusercontent.com\/img\/b\/R29vZ2xl\/AVvXsEiNncirNnyGedv00mhjZjh5Wl4_YPdJGanoAl8tL8zH-HwqE8uHqjEfSt340RHdx-9tuCSIkZ8rFamZiGyYlgDGxCsmXjCH_1xk5eYM3ntFZRvJP_jndOKR7w1UAo9Tu0vrZyOLfqRpHIxYI5SymJJ-pfGCQw6QVpggBH-UgfjiFQ2JOxqxG0Jx94kW83c\/s1600\/logo-principal.jpg\" width=\"100%\" height=\"100\" \/><\/a><!--bestpublic-voz01--><!--desk-in-out-voz01--><br \/>\n<!--publicidad-voz02--><a href=\"https:\/\/www.hellincf.com\/\"><img decoding=\"async\" class=\"alignnone size-medium\" src=\"https:\/\/blogger.googleusercontent.com\/img\/b\/R29vZ2xl\/AVvXsEhuZ4-XfBVj3UtdP8-RZugy3WVrg-Zv28c53m4oV47qYCxL1rX_dqWX_YddsGSnpH5SRDqZ7bZeKPIfDVCDncpjVlhy3aQs2vojcJBn7Gdv9hC2_Nzct_pRFrnFE1a7KTCdY1bT_kAgnY3-iadRZrGeJf1fR2P5fu11bokx0pWjaypoy-ctwCjklldpEbA\/s1600\/logo-principal7.jpg\" width=\"100%\" height=\"100\" \/><\/a><!--bestpublic-voz02--><!--desk-in-out-voz02--><\/p>\n<p style=\"text-align: justify;\">Un proceso que arrancaba en el pasado mandato con el dise\u00f1o e impulso de un plan plurianial que, este martes, ha vivido un hito m\u00e1s con la recepci\u00f3n de los cinco nuevos veh\u00edculos que la instituci\u00f3n ha adquirido, por un montante cercano a los dos millones de euros (concretamente, 1.923.995 \u20ac, impuestos aparte), para progresar en seguridad y protecci\u00f3n civil, de la mano de este Servicio que, como ha se\u00f1alado el propio Caba\u00f1ero, es \u201cesencial\u201d para la poblaci\u00f3n provincial.<\/p>\n<p style=\"text-align: justify;\">Los camiones, provistos por Iturri S.A. mediante proceso de contrataci\u00f3n p\u00fablica, han sido recepcionados este martes por el presidente de la Diputaci\u00f3n en las instalaciones del Parque M\u00f3vil provincial, con la presencia tambi\u00e9n del diputado responsable del SEPEI, Jos\u00e9 Antonio G\u00f3mez y del jefe del Servicio, Francisco Ovidio Garc\u00eda R\u00edos, as\u00ed como de representantes de la citada empresa y del propio Parque M\u00f3vil.<\/p>\n<p style=\"text-align: justify;\">Tres autobombas rurales pesadas, una forestal media y una nodriza pesada se suman a una flota que supera los 50 veh\u00edculos en el SEPEI<\/p>\n<p style=\"text-align: justify;\">Con esta compra, se incorporan a la flota del SEPEI tres BRP (autobombas rurales pesadas, marca Scania) que vienen a sustituir a unos veh\u00edculos que arrastraban m\u00e1s de 28 a\u00f1os de antig\u00fcedad. Su importe total asciende a 1.374.450 \u20ac, e ir\u00e1n a parar a los parques de Almansa, Hell\u00edn y Villarrobledo. Tienen una capacidad de 3.700 litros de agua y van equipadas con materiales de \u00faltima generaci\u00f3n para rescates en accidentes de tr\u00e1fico, extinci\u00f3n de incendios, actuaciones en presencia el\u00e9ctrica, etc.<\/p>\n<p style=\"text-align: justify;\">Tambi\u00e9n llega una BFM (autobomba forestal media, marca Mercedes Benz) que, con una inversi\u00f3n de otros 270.000 \u20ac, sustituir\u00e1 en el parque de Villarrobledo a otro cami\u00f3n forestal cuya renovaci\u00f3n tambi\u00e9n se hac\u00eda precisa por antig\u00fcedad. Tiene capacidad para 2.500 litros de agua y est\u00e1 equipada con materiales para intervenir en incendios de pasto, forestales, etc.<\/p>\n<p style=\"text-align: justify;\">El quinto veh\u00edculo presentado no viene a sustituir a ninguno m\u00e1s obsoleto, sino a mejorar la flota. Se trata de una BNP (autobomba nodriza pesada, marca Iveco) que ha costado 279.545 \u20ac e ir\u00e1 al parque de La Roda ya que, al haber en toda esa zona una industria importante (fundamentalmente, de pinturas, muebles, etc.), se consideraba oportuno disponer de un cami\u00f3n con gran capacidad de agua para responder de forma m\u00e1s eficaz a posibles eventualidades (y \u00e9ste asume hasta 12.000 litros).<\/p>\n<p style=\"text-align: justify;\">Estos cinco veh\u00edculos apuntalan significativamente la flota del SEPEI que, actualmente, consta de m\u00e1s de 50 unidades distribuidas en los ocho \u2018centros de operaciones\u2019 de los que dispone el Servicio por toda la provincia (en siete parques y la central de comunicaciones).<\/p>\n<p style=\"text-align: justify;\">Flota a disposici\u00f3n de los m\u00e1s de 200 efectivos de la plantilla provincial de bomberos para atender las necesidades de todo el territorio albacetense y de otras cerca de 37.000 personas que viven en m\u00e1s de 20 municipios del sur de la provincia de Cuenca, en el marco del convenio de colaboraci\u00f3n rubricado entre ambas diputaciones en un ejemplo m\u00e1s de la colaboraci\u00f3n interadministrativa que caracteriza al gobierno de Caba\u00f1ero y que multiplica beneficios para la ciudadan\u00eda.<\/p>\n<p style=\"text-align: justify;\">30 de esos m\u00e1s de 50 veh\u00edculos, son de tipo pesado y 20, ligeros (los seis \u00faltimos, se adquirieron el a\u00f1o pasado con 216.000 \u20ac de inversi\u00f3n). Adem\u00e1s, el Servicio cuenta con 4 embarcaciones a motor dispuestas para intervenir en inundaciones en caso de ser necesario.<\/p>\n<p style=\"text-align: justify;\">\u201cValor cualitativo\u201d de una inversi\u00f3n que liga de lleno con la lucha frente a la despoblaci\u00f3n del medio rural, dotando a los pueblos de servicios de calidad en materia de seguridad<\/p>\n<p style=\"text-align: justify;\">El presidente ha subrayado la importancia de este compromiso que \u201cva m\u00e1s all\u00e1 de lo cuantitativo\u201d para centrarse en \u201clo cualitativo\u201d, porque da la oportunidad de \u201cseguir dando saltos de calidad, prestaciones y seguridad, tanto a quienes reciben el servicio como a quienes lo prestan\u201d.<\/p>\n<p style=\"text-align: justify;\">Destacan los sistemas y detalles importantes que estos nuevos camiones incorporan en el \u00e1mbito de la seguridad. Por ejemplo, en el caso de los Scania, airbags en volante as\u00ed como un airbag exclusivo denominado \u2018airbag de cortina lateral\u2019 que, instalado encima de las ventanillas de las cuatro puertas, se despliega en caso de que el veh\u00edculo sufra una colisi\u00f3n o vuelco; control de frenos electr\u00f3nico (EBS); control de tracci\u00f3n (TC); iluminaci\u00f3n mediante faros y luces LED, delanteros y traseros; y un sistema de climatizaci\u00f3n autom\u00e1tico, espec\u00edfico para cabina doble original SCANIA, tanto para la parte delantera como para la parte trasera del veh\u00edculo, donde va ubicada la tripulaci\u00f3n.<\/p>\n<p style=\"text-align: justify;\">El proceso de migraci\u00f3n de las comunicaciones a digital llega a su fase final<\/p>\n<p style=\"text-align: justify;\">Adem\u00e1s de esta compra que viene a dar respuesta a una necesidad de a\u00f1os, el gobierno provincial de Caba\u00f1ero ha realizado otras adquisiciones y mejoras en el SEPEI, tambi\u00e9n, en el \u00e1mbito de su modernizaci\u00f3n tecnol\u00f3gica. En este sentido, el presidente ha avanzado que el proceso de migraci\u00f3n de las comunicaciones de anal\u00f3gico a digital (sistema DMR) en el que se est\u00e1 inmerso, est\u00e1 ya en su \u00faltima fase, cambi\u00e1ndose en breve el software que permitir\u00e1 realizar \u201cuna mejor gesti\u00f3n integral de las emergencias en la provincia de Albacete\u201d.<\/p>\n<p style=\"text-align: justify;\">Avances que se suman a otros tambi\u00e9n recientes, como la adquisici\u00f3n de veh\u00edculos ligeros, prendas de protecci\u00f3n contra el fr\u00edo, petos y cascos de intervenci\u00f3n en incendios estructurales; o la renovaci\u00f3n paulatina de botas. Adem\u00e1s, acaba de publicarse, por valor de licitaci\u00f3n de 221.500 \u20ac, el pliego para el mantenimiento de los veh\u00edculos del Servicio.<\/p>\n<p style=\"text-align: justify;\">Como ha reiterado Caba\u00f1ero, el del SEPEI es uno de esos muchos sentidos que dan pleno sentido a las diputaciones porque ser\u00eda inasumibles para cualquier ayuntamiento. El presidente ha valorado el trabajo de estos profesionales que resultan esenciales, no s\u00f3lo cuando hay incendios en los que actuar, sino siendo primera respuesta en muchas otras situaciones que son fundamentales para que la gente de los pueblos viva mejor cada vez que surge cualquier eventualidad. Algo que, ha concluido, tambi\u00e9n es una \u2018lucha contra la despoblaci\u00f3n del medio rural\u2019 que la Diputaci\u00f3n de Albacete viene haciendo de forma ejemplar desde hace a\u00f1os, y que su gobierno apuesta por mejorar.<\/p>\n<p><!--publicidad-voz03--><a href=\"https:\/\/www.facebook.com\/profile.php?id=100063593791305&amp;locale=es_ES\"><img decoding=\"async\" class=\"alignnone size-medium\" src=\"https:\/\/blogger.googleusercontent.com\/img\/b\/R29vZ2xl\/AVvXsEi8_n_ll8UOcGxCqzFvb_9Io4ICczlGC990BPtPj2w9Px-u7B3oqWUW5vtjZUqPNJ-nyjiUIorE0ATsib_l5tV8BVN-UJ03RTnU__IHJF_4DgDBtY4LIqXNG-FomrO-7ywes20CBCRM2Hcm7EJSh3UUw1dO-c_uTflUrtgY1i7uBRezj_DpympmEFkfbQY\/s1600\/logo-principal2.jpg\" width=\"100%\" height=\"100\" \/><\/a><!--bestpublic-voz03--><!--desk-in-out-voz03--><br \/>\n<!--publicidad-voz04--><a href=\"https:\/\/www.facebook.com\/profile.php?id=61557370768692&amp;locale=es_ES\"><img decoding=\"async\" class=\"alignnone size-medium\" src=\"https:\/\/blogger.googleusercontent.com\/img\/b\/R29vZ2xl\/AVvXsEgy5RdcfffrnrItnYTcV9bCJjgJwldsQLWssfVfrLbyfXeBNTFKgBf0rMIvhrUaGUhiXzVr9_eQgCbi-j63ZDpfTvLIty9w7s140y-m1yHe7eKmEK7v2NAHUJDVYGdfeiQFeRCqUjdwWmN1MX_AUxxz4IVdJ4WIM0APxit8bjWkXzrnEFGqBvW_1F13H1g\/s1600\/logo-principal5.jpg\" width=\"100%\" height=\"100\" \/><\/a><!--bestpublic-voz04--><!--desk-in-out-voz04--><br \/>\n<!--publicidad-voz05--><a href=\"https:\/\/www.facebook.com\/asociaciontamborileroshellin?locale=es_ES\"><img decoding=\"async\" class=\"alignnone size-medium\" src=\"https:\/\/blogger.googleusercontent.com\/img\/b\/R29vZ2xl\/AVvXsEhHEEpZsKK1VpwiYMrS7aE2ujtqIDZoLd4B5wtbiseSU9s2HdTdQfhF84So2XwEB1fv0BLw95GADm6hUl1bkKtzh-eIgVigXONuu_5RxeIMPhjk8q6uNX4EaEHbooKkbu7pCADWPpVJjhKIH5NQSJpWqedC-YBez4QAQeJYokkLot9bhrIaUAeztsGis6M\/s1600\/logo-principal3.jpg\" width=\"100%\" height=\"100\" \/><\/a><!--bestpublic-voz05--><!--desk-in-out-voz05--><br \/>\n<!--publicidad-voz06--><!--bestpublic-voz06--><!--desk-in-out-voz06--><br \/>\n<!--publicidad-voz07--><!--bestpublic-voz07--><!--desk-in-out-voz07--><br \/>\n<!--publicidad-voz08--><!--bestpublic-voz08--><!--desk-in-out-voz08--><br \/>\n<!--publicidad-voz09--><!--bestpublic-voz09--><!--desk-in-out-voz09--><br \/>\n<!--publicidad-voz10--><!--bestpublic-voz10--><!--desk-in-out-voz10--><br \/>\n<!--publicidad-voz11--><!--bestpublic-voz11--><!--desk-in-out-voz11--><br \/>\n<!--publicidad-voz12--><!--bestpublic-voz12--><!--desk-in-out-voz12--><br \/>\n<!--publicidad-voz13--><!--bestpublic-voz13--><!--desk-in-out-voz13--><br \/>\n<!--publicidad-voz14--><!--bestpublic-voz14--><!--desk-in-out-voz14--><br \/>\n<!--publicidad-voz15--><!--bestpublic-voz15--><!--desk-in-out-voz15--><br \/>\n<!--publicidad-voz16--><!--bestpublic-voz16--><!--desk-in-out-voz16--><\/p>\n","protected":false},"excerpt":{"rendered":"<p>Cumpliendo con el compromiso adquirido por su presidente, Santi Caba\u00f1ero, la Diputaci\u00f3n de Albacete avanza en la modernizaci\u00f3n, renovaci\u00f3n y actualizaci\u00f3n de los recursos a disposici\u00f3n del Servicio Especial de&#8230;<\/p>\n","protected":false},"author":2,"featured_media":148696,"comment_status":"closed","ping_status":"closed","sticky":false,"template":"","format":"standard","meta":{"footnotes":""},"categories":[753,718,715,716,717],"tags":[],"class_list":["post-148695","post","type-post","status-publish","format-standard","has-post-thumbnail","hentry","category-blog-lv034","category-blogger","category-la-voz-de-hellin","category-la-voz-de-hellin-la-voz-de-hellin","category-noticias"],"_links":{"self":[{"href":"https:\/\/lavozdehellin.com\/noticias\/wp-json\/wp\/v2\/posts\/148695","targetHints":{"allow":["GET"]}}],"collection":[{"href":"https:\/\/lavozdehellin.com\/noticias\/wp-json\/wp\/v2\/posts"}],"about":[{"href":"https:\/\/lavozdehellin.com\/noticias\/wp-json\/wp\/v2\/types\/post"}],"author":[{"embeddable":true,"href":"https:\/\/lavozdehellin.com\/noticias\/wp-json\/wp\/v2\/users\/2"}],"replies":[{"embeddable":true,"href":"https:\/\/lavozdehellin.com\/noticias\/wp-json\/wp\/v2\/comments?post=148695"}],"version-history":[{"count":0,"href":"https:\/\/lavozdehellin.com\/noticias\/wp-json\/wp\/v2\/posts\/148695\/revisions"}],"wp:featuredmedia":[{"embeddable":true,"href":"https:\/\/lavozdehellin.com\/noticias\/wp-json\/wp\/v2\/media\/148696"}],"wp:attachment":[{"href":"https:\/\/lavozdehellin.com\/noticias\/wp-json\/wp\/v2\/media?parent=148695"}],"wp:term":[{"taxonomy":"category","embeddable":true,"href":"https:\/\/lavozdehellin.com\/noticias\/wp-json\/wp\/v2\/categories?post=148695"},{"taxonomy":"post_tag","embeddable":true,"href":"https:\/\/lavozdehellin.com\/noticias\/wp-json\/wp\/v2\/tags?post=148695"}],"curies":[{"name":"wp","href":"https:\/\/api.w.org\/{rel}","templated":true}]}}